{"id":45663,"date":"2026-08-31T19:19:22","date_gmt":"2026-08-31T22:19:22","guid":{"rendered":"https:\/\/colunadahora.com.br\/?p=45663"},"modified":"2026-08-31T19:19:22","modified_gmt":"2026-08-31T22:19:22","slug":"votacao-da-mp-que-zera-taxa-das-blusinhas-e-adiada-para-terca","status":"publish","type":"post","link":"https:\/\/colunadahora.com.br\/?p=45663","title":{"rendered":"Vota\u00e7\u00e3o da MP que zera &#8220;taxa das blusinhas&#8221; \u00e9 adiada para ter\u00e7a"},"content":{"rendered":"<\/p>\n<p><a class=\"\" href=\"https:\/\/agenciabrasil.ebc.com.br\/politica\/noticia\/2026-08\/votacao-da-mp-que-zera-taxa-das-blusinhas-e-adiada-para-terca\"><br \/>\n                    <img decoding=\"async\" src=\"https:\/\/cdn.jsdelivr.net\/gh\/sergiosdlima\/assets-ebc@1.0.0\/abr\/assets\/images\/logo-agenciabrasil.svg\" alt=\"Logo Ag\u00eancia Brasil\"><br \/>\n\t\t\t\t<\/a><\/p>\n<p>A vota\u00e7\u00e3o da <a href=\"https:\/\/www.congressonacional.leg.br\/materias\/medidas-provisorias\/-\/mpv\/174123\" target=\"_blank\">Medida Provis\u00f3ria (MP) 1357\/26<\/a>, que trata do fim da chamada taxa das blusinhas, foi adiada para ter\u00e7a-feira (1\u00ba). O anuncio foi feito nesta segunda (31) pelo presidente da comiss\u00e3o mista que analisa a proposta no Congresso Nacional, o deputado federal Reginaldo Lopes (PT-MG).<img decoding=\"async\" src=\"https:\/\/agenciabrasil.ebc.com.br\/ebc.png?id=1701137&#038;o=rss\"><img decoding=\"async\" src=\"https:\/\/agenciabrasil.ebc.com.br\/ebc.gif?id=1701137&#038;o=rss\"><\/p>\n<p>Lopes disse que a vota\u00e7\u00e3o foi remarcada para discutir a possibilidade de ajustes no relat\u00f3rio da senadora Leila Barros (PDT-DF).<\/p>\n<\/p>\n<h3>Not\u00edcias relacionadas:<\/h3>\n<ul>\n<li><a href=\"https:\/\/agenciabrasil.ebc.com.br\/politica\/noticia\/2026-08\/congresso-vota-nesta-semana-fim-da-escala-6x1-e-taxa-das-blusinhas\">Congresso vota nesta semana fim da escala 6&#215;1 e &#8220;taxa das blusinhas&#8221; .<\/a><\/li>\n<li><a href=\"https:\/\/agenciabrasil.ebc.com.br\/economia\/noticia\/2026-08\/governo-fara-esforco-por-fim-da-taxa-das-blusinhas-diz-durigan\">Governo far\u00e1 esfor\u00e7o por fim da taxa das blusinhas, diz Durigan.<\/a><\/li>\n<li><a href=\"https:\/\/agenciabrasil.ebc.com.br\/politica\/noticia\/2026-08\/relator-da-ccj-do-senado-vota-favor-da-pec-do-fim-da-escala-6x1\">Relator da CCJ do Senado vota a favor da PEC do fim da escala 6&#215;1.<\/a><\/li>\n<\/ul>\n<p>&#8220;Estamos fazendo os \u00faltimos ajustes no relat\u00f3rio. Os di\u00e1logos s\u00e3o extremamente importantes e \u00e9 caracter\u00edstico do pr\u00f3prio parlamento, em especial, buscando dar mais simetria concorrencial entre as remessas internacionais e a economia e a ind\u00fastria nacional&#8221;, disse.<\/p>\n<blockquote>\n<p>&#8220;Com o adiamento, a expectativa \u00e9 que o texto seja votado amanh\u00e3 pela manh\u00e3\u201d, concluiu Lopes.<\/p>\n<\/blockquote>\n<p><strong>A chamada MP das blusinhas zera o imposto de importa\u00e7\u00e3o sobre compras de at\u00e9 US$ 50<\/strong>. Ap\u00f3s a vota\u00e7\u00e3o na comiss\u00e3o mista, a proposta segue para o plen\u00e1rio da C\u00e2mara dos Deputados.<\/p>\n<p>Para que a proposta seja efetivada, o texto\u00a0tem que ser votada\u00a0at\u00e9 o dia 8 de setembro, na C\u00e2mara e no Senado. Caso contr\u00e1rio, perder\u00e1 a validade.<\/p>\n<p>Mais cedo, <strong>Lopes afirmou que o texto enviado pelo governo recebeu 112 emenda<\/strong>s.<\/p>\n<p>\u201cN\u00f3s vamos dialogar com senadores, senadoras, deputados e deputadas, para construir maioria para aprovar [o texto] e garantir esse direito para o povo brasileiro\u201d, disse o presidente da comiss\u00e3o mista.<\/p>\n","protected":false},"excerpt":{"rendered":"<p>A vota\u00e7\u00e3o da Medida Provis\u00f3ria (MP) 1357\/26, que trata do fim da chamada taxa das blusinhas, foi adiada para ter\u00e7a-feira (1\u00ba). O anuncio foi feito nesta segunda (31) pelo presidente da comiss\u00e3o mista que analisa a proposta no Congresso Nacional, o deputado federal Reginaldo Lopes (PT-MG). Lopes disse que a vota\u00e7\u00e3o foi remarcada para discutir [&hellip;]<\/p>\n","protected":false},"author":19,"featured_media":45664,"comment_status":"open","ping_status":"open","sticky":false,"template":"","format":"standard","meta":{"site-sidebar-layout":"default","site-content-layout":"","ast-site-content-layout":"default","site-content-style":"default","site-sidebar-style":"default","ast-global-header-display":"","ast-banner-title-visibility":"","ast-main-header-display":"","ast-hfb-above-header-display":"","ast-hfb-below-header-display":"","ast-hfb-mobile-header-display":"","site-post-title":"","ast-breadcrumbs-content":"","ast-featured-img":"","footer-sml-layout":"","ast-disable-related-posts":"","theme-transparent-header-meta":"","adv-header-id-meta":"","stick-header-meta":"","header-above-stick-meta":"","header-main-stick-meta":"","header-below-stick-meta":"","astra-migrate-meta-layouts":"default","ast-page-background-enabled":"default","ast-page-background-meta":{"desktop":{"background-color":"var(--ast-global-color-4)","background-image":"","background-repeat":"repeat","background-position":"center center","background-size":"auto","background-attachment":"scroll","background-type":"","background-media":"","overlay-type":"","overlay-color":"","overlay-opacity":"","overlay-gradient":""},"tablet":{"background-color":"","background-image":"","background-repeat":"repeat","background-position":"center center","background-size":"auto","background-attachment":"scroll","background-type":"","background-media":"","overlay-type":"","overlay-color":"","overlay-opacity":"","overlay-gradient":""},"mobile":{"background-color":"","background-image":"","background-repeat":"repeat","background-position":"center center","background-size":"auto","background-attachment":"scroll","background-type":"","background-media":"","overlay-type":"","overlay-color":"","overlay-opacity":"","overlay-gradient":""}},"ast-content-background-meta":{"desktop":{"background-color":"var(--ast-global-color-5)","background-image":"","background-repeat":"repeat","background-position":"center center","background-size":"auto","background-attachment":"scroll","background-type":"","background-media":"","overlay-type":"","overlay-color":"","overlay-opacity":"","overlay-gradient":""},"tablet":{"background-color":"var(--ast-global-color-5)","background-image":"","background-repeat":"repeat","background-position":"center center","background-size":"auto","background-attachment":"scroll","background-type":"","background-media":"","overlay-type":"","overlay-color":"","overlay-opacity":"","overlay-gradient":""},"mobile":{"background-color":"var(--ast-global-color-5)","background-image":"","background-repeat":"repeat","background-position":"center center","background-size":"auto","background-attachment":"scroll","background-type":"","background-media":"","overlay-type":"","overlay-color":"","overlay-opacity":"","overlay-gradient":""}},"footnotes":""},"categories":[4],"tags":[],"class_list":["post-45663","post","type-post","status-publish","format-standard","has-post-thumbnail","hentry","category-politica"],"_links":{"self":[{"href":"https:\/\/colunadahora.com.br\/index.php?rest_route=\/wp\/v2\/posts\/45663","targetHints":{"allow":["GET"]}}],"collection":[{"href":"https:\/\/colunadahora.com.br\/index.php?rest_route=\/wp\/v2\/posts"}],"about":[{"href":"https:\/\/colunadahora.com.br\/index.php?rest_route=\/wp\/v2\/types\/post"}],"author":[{"embeddable":true,"href":"https:\/\/colunadahora.com.br\/index.php?rest_route=\/wp\/v2\/users\/19"}],"replies":[{"embeddable":true,"href":"https:\/\/colunadahora.com.br\/index.php?rest_route=%2Fwp%2Fv2%2Fcomments&post=45663"}],"version-history":[{"count":0,"href":"https:\/\/colunadahora.com.br\/index.php?rest_route=\/wp\/v2\/posts\/45663\/revisions"}],"wp:featuredmedia":[{"embeddable":true,"href":"https:\/\/colunadahora.com.br\/index.php?rest_route=\/wp\/v2\/media\/45664"}],"wp:attachment":[{"href":"https:\/\/colunadahora.com.br\/index.php?rest_route=%2Fwp%2Fv2%2Fmedia&parent=45663"}],"wp:term":[{"taxonomy":"category","embeddable":true,"href":"https:\/\/colunadahora.com.br\/index.php?rest_route=%2Fwp%2Fv2%2Fcategories&post=45663"},{"taxonomy":"post_tag","embeddable":true,"href":"https:\/\/colunadahora.com.br\/index.php?rest_route=%2Fwp%2Fv2%2Ftags&post=45663"}],"curies":[{"name":"wp","href":"https:\/\/api.w.org\/{rel}","templated":true}]}}