{"id":45641,"date":"2026-08-31T15:19:20","date_gmt":"2026-08-31T18:19:20","guid":{"rendered":"https:\/\/colunadahora.com.br\/?p=45641"},"modified":"2026-08-31T15:19:20","modified_gmt":"2026-08-31T18:19:20","slug":"toffoli-suspende-propaganda-de-renan-santos-na-internet","status":"publish","type":"post","link":"https:\/\/colunadahora.com.br\/?p=45641","title":{"rendered":"Toffoli suspende propaganda de Renan Santos na internet"},"content":{"rendered":"<\/p>\n<p><a class=\"\" href=\"https:\/\/agenciabrasil.ebc.com.br\/justica\/noticia\/2026-08\/toffoli-suspende-propaganda-de-renan-santos-na-internet\"><br \/>\n                    <img decoding=\"async\" src=\"https:\/\/cdn.jsdelivr.net\/gh\/sergiosdlima\/assets-ebc@1.0.0\/abr\/assets\/images\/logo-agenciabrasil.svg\" alt=\"Logo Ag\u00eancia Brasil\"><br \/>\n\t\t\t\t<\/a><\/p>\n<p><strong>O ministro Dias Toffoli, do Tribunal Superior Eleitoral (TSE), decidiu nesta segunda-feira (31) suspender a propaganda eleitoral do candidato \u00e0 Presid\u00eancia da Rep\u00fablica Renan Santos (Miss\u00e3o) na internet.<\/strong><img decoding=\"async\" src=\"https:\/\/agenciabrasil.ebc.com.br\/ebc.png?id=1701113&#038;o=rss\"><img decoding=\"async\" src=\"https:\/\/agenciabrasil.ebc.com.br\/ebc.gif?id=1701113&#038;o=rss\"><\/p>\n<p>Toffoli tamb\u00e9m determinou a suspens\u00e3o dos repasses do Fundo Especial de Financiamento de Campanha (FEFC) para o candidato e <strong>o proibiu de participar de debates que forem realizados em televis\u00e3o, r\u00e1dio e <em>podcasts<\/em>.<\/strong><\/p>\n<\/p>\n<h3>Not\u00edcias relacionadas:<\/h3>\n<ul>\n<li><a href=\"https:\/\/agenciabrasil.ebc.com.br\/cultura\/noticia\/2026-08\/podcast-criancas-sabidas-volta-para-discutir-eleicoes-gerais-2026\">Podcast Crian\u00e7as Sabidas volta para discutir as Elei\u00e7\u00f5es Gerais 2026 .<\/a><\/li>\n<li><a href=\"https:\/\/agenciabrasil.ebc.com.br\/justica\/noticia\/2026-08\/eleicoes-2026-saiba-o-que-e-permitido-e-proibido-no-dia-da-votacao\">Elei\u00e7\u00f5es 2026: saiba o que \u00e9 permitido e proibido no dia da vota\u00e7\u00e3o.<\/a><\/li>\n<li><a href=\"https:\/\/agenciabrasil.ebc.com.br\/politica\/noticia\/2026-08\/eleicoes-2026-mulheres-negras-divulgam-manifesto-para-candidaturas\">Elei\u00e7\u00f5es 2026: mulheres negras divulgam manifesto para candidaturas.<\/a><\/li>\n<\/ul>\n<p>A decis\u00e3o do ministro ter\u00e1 validade at\u00e9 a decis\u00e3o final do TSE sobre o caso.<\/p>\n<p><strong>Segundo Toffoli, o partido Miss\u00e3o deixou de informar \u00e0 Justi\u00e7a Eleitoral perfis de propaganda do candidato nas redes sociais.\u00a0<\/strong><\/p>\n<p><strong>Na decis\u00e3o, o ministro pontuou que 12 dos 16 perfis ligados ao candidato nas redes sociais foram informados ao TSE ap\u00f3s o per\u00edodo de registro de candidatura.<\/strong><\/p>\n<blockquote>\n<p>&#8220;Em simples consulta ao primeiro deles, que conta com 2,4 milh\u00f5es de seguidores, constatei que o perfil veicula propaganda eleitoral, atrai recomenda\u00e7\u00f5es de outros candidatos (que, portanto, igualmente n\u00e3o informaram os endere\u00e7os \u00e0 Justi\u00e7a Eleitoral) e est\u00e1 sendo recomendado por esses candidatos&#8221;, afirmou o ministro.<\/p>\n<\/blockquote>\n<p>No entendimento de Toffoli, os perfis que n\u00e3o foram informados est\u00e3o em situa\u00e7\u00e3o irregular. <strong>\u00a0&#8220;Constata-se que ao menos um perfil est\u00e1 em utiliza\u00e7\u00e3o irregular para difus\u00e3o de conte\u00fado a milh\u00f5es de seguidores e com favorecimento pelos algoritmos de recomenda\u00e7\u00e3o&#8221;, afirmou.<\/strong><\/p>\n<p>De acordo com a Lei das Elei\u00e7\u00f5es, partidos e candidatos devem informar \u00e0 Justi\u00e7a Eleitoral os endere\u00e7os eletr\u00f4nicos que ser\u00e3o usados na campanha, incluindo <em>blogs<\/em> e redes sociais.<\/p>\n<p><strong>Ap\u00f3s a decis\u00e3o do TSE, Renan marcou uma coletiva de imprensa para se pronunciar sobre a suspens\u00e3o da propaganda. A entrevista ser\u00e1 \u00e0s 17h, em S\u00e3o Paulo.<\/strong><\/p>\n<p>\u00a0<\/p>\n","protected":false},"excerpt":{"rendered":"<p>O ministro Dias Toffoli, do Tribunal Superior Eleitoral (TSE), decidiu nesta segunda-feira (31) suspender a propaganda eleitoral do candidato \u00e0 Presid\u00eancia da Rep\u00fablica Renan Santos (Miss\u00e3o) na internet. Toffoli tamb\u00e9m determinou a suspens\u00e3o dos repasses do Fundo Especial de Financiamento de Campanha (FEFC) para o candidato e o proibiu de participar de debates que forem [&hellip;]<\/p>\n","protected":false},"author":45,"featured_media":45642,"comment_status":"open","ping_status":"open","sticky":false,"template":"","format":"standard","meta":{"site-sidebar-layout":"default","site-content-layout":"","ast-site-content-layout":"default","site-content-style":"default","site-sidebar-style":"default","ast-global-header-display":"","ast-banner-title-visibility":"","ast-main-header-display":"","ast-hfb-above-header-display":"","ast-hfb-below-header-display":"","ast-hfb-mobile-header-display":"","site-post-title":"","ast-breadcrumbs-content":"","ast-featured-img":"","footer-sml-layout":"","ast-disable-related-posts":"","theme-transparent-header-meta":"","adv-header-id-meta":"","stick-header-meta":"","header-above-stick-meta":"","header-main-stick-meta":"","header-below-stick-meta":"","astra-migrate-meta-layouts":"default","ast-page-background-enabled":"default","ast-page-background-meta":{"desktop":{"background-color":"var(--ast-global-color-4)","background-image":"","background-repeat":"repeat","background-position":"center center","background-size":"auto","background-attachment":"scroll","background-type":"","background-media":"","overlay-type":"","overlay-color":"","overlay-opacity":"","overlay-gradient":""},"tablet":{"background-color":"","background-image":"","background-repeat":"repeat","background-position":"center center","background-size":"auto","background-attachment":"scroll","background-type":"","background-media":"","overlay-type":"","overlay-color":"","overlay-opacity":"","overlay-gradient":""},"mobile":{"background-color":"","background-image":"","background-repeat":"repeat","background-position":"center center","background-size":"auto","background-attachment":"scroll","background-type":"","background-media":"","overlay-type":"","overlay-color":"","overlay-opacity":"","overlay-gradient":""}},"ast-content-background-meta":{"desktop":{"background-color":"var(--ast-global-color-5)","background-image":"","background-repeat":"repeat","background-position":"center center","background-size":"auto","background-attachment":"scroll","background-type":"","background-media":"","overlay-type":"","overlay-color":"","overlay-opacity":"","overlay-gradient":""},"tablet":{"background-color":"var(--ast-global-color-5)","background-image":"","background-repeat":"repeat","background-position":"center center","background-size":"auto","background-attachment":"scroll","background-type":"","background-media":"","overlay-type":"","overlay-color":"","overlay-opacity":"","overlay-gradient":""},"mobile":{"background-color":"var(--ast-global-color-5)","background-image":"","background-repeat":"repeat","background-position":"center center","background-size":"auto","background-attachment":"scroll","background-type":"","background-media":"","overlay-type":"","overlay-color":"","overlay-opacity":"","overlay-gradient":""}},"footnotes":""},"categories":[3],"tags":[],"class_list":["post-45641","post","type-post","status-publish","format-standard","has-post-thumbnail","hentry","category-seguranca-e-justica"],"_links":{"self":[{"href":"https:\/\/colunadahora.com.br\/index.php?rest_route=\/wp\/v2\/posts\/45641","targetHints":{"allow":["GET"]}}],"collection":[{"href":"https:\/\/colunadahora.com.br\/index.php?rest_route=\/wp\/v2\/posts"}],"about":[{"href":"https:\/\/colunadahora.com.br\/index.php?rest_route=\/wp\/v2\/types\/post"}],"author":[{"embeddable":true,"href":"https:\/\/colunadahora.com.br\/index.php?rest_route=\/wp\/v2\/users\/45"}],"replies":[{"embeddable":true,"href":"https:\/\/colunadahora.com.br\/index.php?rest_route=%2Fwp%2Fv2%2Fcomments&post=45641"}],"version-history":[{"count":0,"href":"https:\/\/colunadahora.com.br\/index.php?rest_route=\/wp\/v2\/posts\/45641\/revisions"}],"wp:featuredmedia":[{"embeddable":true,"href":"https:\/\/colunadahora.com.br\/index.php?rest_route=\/wp\/v2\/media\/45642"}],"wp:attachment":[{"href":"https:\/\/colunadahora.com.br\/index.php?rest_route=%2Fwp%2Fv2%2Fmedia&parent=45641"}],"wp:term":[{"taxonomy":"category","embeddable":true,"href":"https:\/\/colunadahora.com.br\/index.php?rest_route=%2Fwp%2Fv2%2Fcategories&post=45641"},{"taxonomy":"post_tag","embeddable":true,"href":"https:\/\/colunadahora.com.br\/index.php?rest_route=%2Fwp%2Fv2%2Ftags&post=45641"}],"curies":[{"name":"wp","href":"https:\/\/api.w.org\/{rel}","templated":true}]}}