{"id":45618,"date":"2026-08-31T12:58:14","date_gmt":"2026-08-31T15:58:14","guid":{"rendered":"https:\/\/colunadahora.com.br\/?p=45618"},"modified":"2026-08-31T12:58:14","modified_gmt":"2026-08-31T15:58:14","slug":"portal-colunadahora-com-br-quando-o-direito-sai-do-papel-a-advocacia-que-transforma-cidadania-em-acao","status":"publish","type":"post","link":"https:\/\/colunadahora.com.br\/?p=45618","title":{"rendered":"PORTAL COLUNADAHORA.COM.BR &#8211; QUANDO O DIREITO SAI DO PAPEL: A ADVOCACIA QUE TRANSFORMA CIDADANIA EM A\u00c7\u00c3O"},"content":{"rendered":"<h1 style=\"text-align: center;\"><img fetchpriority=\"high\" decoding=\"async\" class=\"alignnone  wp-image-45622\" src=\"https:\/\/colunadahora.com.br\/wp-content\/uploads\/2026\/08\/OAB1-239x300.jpg\" alt=\"\" width=\"341\" height=\"428\" srcset=\"https:\/\/colunadahora.com.br\/wp-content\/uploads\/2026\/08\/OAB1-239x300.jpg 239w, https:\/\/colunadahora.com.br\/wp-content\/uploads\/2026\/08\/OAB1-116x146.jpg 116w, https:\/\/colunadahora.com.br\/wp-content\/uploads\/2026\/08\/OAB1.jpg 399w\" sizes=\"(max-width: 341px) 100vw, 341px\" \/><\/h1>\n<p style=\"text-align: center;\"><em>Em Rond\u00f4nia, atua\u00e7\u00e3o de advogados mostra que defender direitos tamb\u00e9m significa ouvir, orientar e ajudar o cidad\u00e3o a encontrar caminhos para resolver problemas que muitas vez\\es parecem sem sa\u00edda<\/em><\/p>\n<h3><\/h3>\n<p class=\"isSelectedEnd\">A advocacia n\u00e3o come\u00e7a nem termina dentro de um tribunal. Em muitos casos, ela come\u00e7a com uma conversa, uma d\u00favida ou uma pessoa que simplesmente n\u00e3o sabe a quem recorrer. Em Rond\u00f4nia, um epis\u00f3dio registrado pela pr\u00f3pria Ordem dos Advogados do Brasil mostra, na pr\u00e1tica, como o advogado pode exercer seu papel profissional como instrumento de cidadania.<\/p>\n<p class=\"isSelectedEnd\">Durante uma a\u00e7\u00e3o do projeto \u201cTRT-14 Comunidade\u201d, realizada em uma escola da Zona Leste de Porto Velho, seis advogados volunt\u00e1rios atenderam moradores e prestaram orienta\u00e7\u00f5es gratuitas sobre Direito de Fam\u00edlia, Trabalhista, Consumidor, Eleitoral e outras \u00e1reas. O objetivo era simples, mas de grande impacto: ajudar pessoas a compreender seus direitos e indicar os caminhos poss\u00edveis para cada situa\u00e7\u00e3o.<\/p>\n<p class=\"isSelectedEnd\">Entre os atendimentos, uma situa\u00e7\u00e3o chamou aten\u00e7\u00e3o. Uma mulher que estava separada de fato havia mais de 20 anos tinha constru\u00eddo a pr\u00f3pria casa, mas tinha medo de buscar o div\u00f3rcio por acreditar que poderia perder o im\u00f3vel em uma eventual partilha. A orienta\u00e7\u00e3o jur\u00eddica ajudou a esclarecer a situa\u00e7\u00e3o e permitiu que ela deixasse o atendimento mais tranquila e consciente sobre seus direitos.<\/p>\n<p class=\"isSelectedEnd\">O epis\u00f3dio revela uma dimens\u00e3o muitas vezes esquecida da profiss\u00e3o: antes de defender uma causa, o advogado precisa compreender a pessoa que est\u00e1 por tr\u00e1s dela.<\/p>\n<p class=\"isSelectedEnd\">Em situa\u00e7\u00f5es como essa, uma orienta\u00e7\u00e3o pode evitar anos de inseguran\u00e7a, impedir decis\u00f5es tomadas por desconhecimento e, principalmente, devolver ao cidad\u00e3o a capacidade de decidir sobre a pr\u00f3pria vida.<\/p>\n<h3>ADVOCACIA \u00c9 CIDADANIA<\/h3>\n<p>&nbsp;<\/p>\n<p class=\"isSelectedEnd\">A experi\u00eancia tamb\u00e9m refor\u00e7a uma das fun\u00e7\u00f5es sociais da advocacia: aproximar o conhecimento jur\u00eddico de quem precisa dele. A pr\u00f3pria OAB Rond\u00f4nia mant\u00e9m uma Comiss\u00e3o de Defesa dos Direitos Humanos voltada \u00e0 promo\u00e7\u00e3o da dignidade, da igualdade, da justi\u00e7a social e da cidadania. A entidade tamb\u00e9m possui iniciativas destinadas \u00e0 orienta\u00e7\u00e3o da popula\u00e7\u00e3o e \u00e0 aproxima\u00e7\u00e3o da advocacia com a comunidade.<\/p>\n<p class=\"isSelectedEnd\">N\u00e3o se trata apenas de conhecer a lei. Trata-se de fazer com que esse conhecimento chegue a quem precisa. \u00c9 nesse ponto que o trabalho do advogado ganha uma dimens\u00e3o ainda maior. A lei escrita em um c\u00f3digo \u00e9 uma garantia; a orienta\u00e7\u00e3o de um profissional pode ser o caminho para que essa garantia chegue efetivamente \u00e0 vida de uma pessoa.<\/p>\n<h3>O PAPEL DO JORNALISMO<\/h3>\n<p>&nbsp;<\/p>\n<p class=\"isSelectedEnd\">\u00c9 justamente a\u00ed que o jornalismo tamb\u00e9m encontra sua fun\u00e7\u00e3o social. Ao contar hist\u00f3rias reais, explicar direitos e mostrar iniciativas que aproximam servi\u00e7os especializados da popula\u00e7\u00e3o, a imprensa ajuda a transformar informa\u00e7\u00e3o em conhecimento p\u00fablico.<\/p>\n<p class=\"isSelectedEnd\">A divulga\u00e7\u00e3o respons\u00e1vel do trabalho da advocacia n\u00e3o deve ser confundida com propaganda de resultados. O papel jornal\u00edstico \u00e9 informar, contextualizar e mostrar \u00e0 sociedade onde existem servi\u00e7os, projetos e profissionais capazes de orientar o cidad\u00e3o dentro dos limites \u00e9ticos da profiss\u00e3o.<\/p>\n<p class=\"isSelectedEnd\">Quando uma hist\u00f3ria como a da moradora de Porto Velho \u00e9 contada, o resultado vai al\u00e9m da not\u00edcia. Outras pessoas que enfrentam problemas semelhantes podem perceber que existe um caminho e que buscar orienta\u00e7\u00e3o jur\u00eddica pode ser o primeiro passo.<\/p>\n<h3>UM ADVOGADO, UMA ORIENTA\u00c7\u00c3O, UMA VIDA<\/h3>\n<p>&nbsp;<\/p>\n<p class=\"isSelectedEnd\">O caso registrado em Porto Velho mostra que cidadania tamb\u00e9m pode acontecer em uma sala simples, diante de uma pergunta aparentemente comum.<\/p>\n<p class=\"isSelectedEnd\">\u00c0s vezes, o cidad\u00e3o n\u00e3o precisa de uma grande estrutura. Precisa apenas ser ouvido por algu\u00e9m que conhe\u00e7a a lei e consiga explicar, com clareza, quais s\u00e3o seus direitos e quais caminhos pode seguir.<\/p>\n<p class=\"isSelectedEnd\">\u00c9 nesse momento que a advocacia cumpre uma de suas fun\u00e7\u00f5es mais nobres: transformar conhecimento jur\u00eddico em prote\u00e7\u00e3o, orienta\u00e7\u00e3o e cidadania.<\/p>\n<p class=\"isSelectedEnd\">Porque, quando o advogado coloca sua profiss\u00e3o a servi\u00e7o da Justi\u00e7a, o Direito deixa de ser apenas uma palavra nos livros e passa a fazer parte da vida real.<\/p>\n<p>Onde existe um direito a ser defendido, existe cidadania. E onde existe cidadania, a advocacia tem um papel indispens\u00e1vel.<\/p>\n<p>&nbsp;<\/p>\n<p>TEXTO: Jornalista G\u00e9ri Anderson<\/p>\n<p>FOTOS: SECOM TRT \/ DIVULGA\u00c7\u00c3O<\/p>\n","protected":false},"excerpt":{"rendered":"<p>Em Rond\u00f4nia, atua\u00e7\u00e3o de advogados mostra que defender direitos tamb\u00e9m significa ouvir, orientar e ajudar o cidad\u00e3o a encontrar caminhos para resolver problemas que muitas vez\\es parecem sem sa\u00edda A advocacia n\u00e3o come\u00e7a nem termina dentro de um tribunal. Em muitos casos, ela come\u00e7a com uma conversa, uma d\u00favida ou uma pessoa que simplesmente n\u00e3o [&hellip;]<\/p>\n","protected":false},"author":1,"featured_media":45621,"comment_status":"open","ping_status":"closed","sticky":false,"template":"","format":"standard","meta":{"site-sidebar-layout":"default","site-content-layout":"","ast-site-content-layout":"default","site-content-style":"default","site-sidebar-style":"default","ast-global-header-display":"","ast-banner-title-visibility":"","ast-main-header-display":"","ast-hfb-above-header-display":"","ast-hfb-below-header-display":"","ast-hfb-mobile-header-display":"","site-post-title":"","ast-breadcrumbs-content":"","ast-featured-img":"","footer-sml-layout":"","ast-disable-related-posts":"","theme-transparent-header-meta":"default","adv-header-id-meta":"","stick-header-meta":"","header-above-stick-meta":"","header-main-stick-meta":"","header-below-stick-meta":"","astra-migrate-meta-layouts":"set","ast-page-background-enabled":"default","ast-page-background-meta":{"desktop":{"background-color":"var(--ast-global-color-4)","background-image":"","background-repeat":"repeat","background-position":"center center","background-size":"auto","background-attachment":"scroll","background-type":"","background-media":"","overlay-type":"","overlay-color":"","overlay-opacity":"","overlay-gradient":""},"tablet":{"background-color":"","background-image":"","background-repeat":"repeat","background-position":"center center","background-size":"auto","background-attachment":"scroll","background-type":"","background-media":"","overlay-type":"","overlay-color":"","overlay-opacity":"","overlay-gradient":""},"mobile":{"background-color":"","background-image":"","background-repeat":"repeat","background-position":"center center","background-size":"auto","background-attachment":"scroll","background-type":"","background-media":"","overlay-type":"","overlay-color":"","overlay-opacity":"","overlay-gradient":""}},"ast-content-background-meta":{"desktop":{"background-color":"var(--ast-global-color-5)","background-image":"","background-repeat":"repeat","background-position":"center center","background-size":"auto","background-attachment":"scroll","background-type":"","background-media":"","overlay-type":"","overlay-color":"","overlay-opacity":"","overlay-gradient":""},"tablet":{"background-color":"var(--ast-global-color-5)","background-image":"","background-repeat":"repeat","background-position":"center center","background-size":"auto","background-attachment":"scroll","background-type":"","background-media":"","overlay-type":"","overlay-color":"","overlay-opacity":"","overlay-gradient":""},"mobile":{"background-color":"var(--ast-global-color-5)","background-image":"","background-repeat":"repeat","background-position":"center center","background-size":"auto","background-attachment":"scroll","background-type":"","background-media":"","overlay-type":"","overlay-color":"","overlay-opacity":"","overlay-gradient":""}},"footnotes":""},"categories":[46,45,3],"tags":[],"class_list":["post-45618","post","type-post","status-publish","format-standard","has-post-thumbnail","hentry","category-destaques-da-hora","category-historias-inspiradoras","category-seguranca-e-justica"],"_links":{"self":[{"href":"https:\/\/colunadahora.com.br\/index.php?rest_route=\/wp\/v2\/posts\/45618","targetHints":{"allow":["GET"]}}],"collection":[{"href":"https:\/\/colunadahora.com.br\/index.php?rest_route=\/wp\/v2\/posts"}],"about":[{"href":"https:\/\/colunadahora.com.br\/index.php?rest_route=\/wp\/v2\/types\/post"}],"author":[{"embeddable":true,"href":"https:\/\/colunadahora.com.br\/index.php?rest_route=\/wp\/v2\/users\/1"}],"replies":[{"embeddable":true,"href":"https:\/\/colunadahora.com.br\/index.php?rest_route=%2Fwp%2Fv2%2Fcomments&post=45618"}],"version-history":[{"count":1,"href":"https:\/\/colunadahora.com.br\/index.php?rest_route=\/wp\/v2\/posts\/45618\/revisions"}],"predecessor-version":[{"id":45623,"href":"https:\/\/colunadahora.com.br\/index.php?rest_route=\/wp\/v2\/posts\/45618\/revisions\/45623"}],"wp:featuredmedia":[{"embeddable":true,"href":"https:\/\/colunadahora.com.br\/index.php?rest_route=\/wp\/v2\/media\/45621"}],"wp:attachment":[{"href":"https:\/\/colunadahora.com.br\/index.php?rest_route=%2Fwp%2Fv2%2Fmedia&parent=45618"}],"wp:term":[{"taxonomy":"category","embeddable":true,"href":"https:\/\/colunadahora.com.br\/index.php?rest_route=%2Fwp%2Fv2%2Fcategories&post=45618"},{"taxonomy":"post_tag","embeddable":true,"href":"https:\/\/colunadahora.com.br\/index.php?rest_route=%2Fwp%2Fv2%2Ftags&post=45618"}],"curies":[{"name":"wp","href":"https:\/\/api.w.org\/{rel}","templated":true}]}}