{"id":45614,"date":"2026-08-31T12:19:15","date_gmt":"2026-08-31T15:19:15","guid":{"rendered":"https:\/\/colunadahora.com.br\/?p=45614"},"modified":"2026-08-31T12:19:15","modified_gmt":"2026-08-31T15:19:15","slug":"boletim-focus-mercado-preve-reducao-da-inflacao-e-do-pib-de-2026","status":"publish","type":"post","link":"https:\/\/colunadahora.com.br\/?p=45614","title":{"rendered":"Boletim Focus: mercado prev\u00ea redu\u00e7\u00e3o da infla\u00e7\u00e3o e do PIB de 2026"},"content":{"rendered":"<\/p>\n<p><a class=\"\" href=\"https:\/\/agenciabrasil.ebc.com.br\/economia\/noticia\/2026-08\/boletim-focus-mercado-preve-reducao-da-inflacao-e-do-pib-de-2026\"><br \/>\n                    <img decoding=\"async\" src=\"https:\/\/cdn.jsdelivr.net\/gh\/sergiosdlima\/assets-ebc@1.0.0\/abr\/assets\/images\/logo-agenciabrasil.svg\" alt=\"Logo Ag\u00eancia Brasil\"><br \/>\n\t\t\t\t<\/a><\/p>\n<p>O mercado financeiro rebaixou a proje\u00e7\u00e3o de infla\u00e7\u00e3o e prev\u00ea menor crescimento do Produto Interno Bruto (PIB) brasileiro para 2026, enquanto o c\u00e2mbio do d\u00f3lar e a taxa Selic permanecem inalterados nas previs\u00f5es do ano.<img decoding=\"async\" src=\"https:\/\/agenciabrasil.ebc.com.br\/ebc.png?id=1701093&#038;o=rss\"><img decoding=\"async\" src=\"https:\/\/agenciabrasil.ebc.com.br\/ebc.gif?id=1701093&#038;o=rss\"><\/p>\n<p>As informa\u00e7\u00f5es constam no <a href=\"https:\/\/www.bcb.gov.br\/content\/focus\/focus\/R20260828.pdf\" target=\"_blank\">Boletim Focus<\/a>, divulgado nesta segunda-feira (31) pelo Banco Central (BC), em Bras\u00edlia.<\/p>\n<\/p>\n<h3>Not\u00edcias relacionadas:<\/h3>\n<ul>\n<li><a href=\"https:\/\/agenciabrasil.ebc.com.br\/economia\/noticia\/2026-08\/previa-da-inflacao-fica-em-040-menor-desde-agosto-de-2022\">Pr\u00e9via da infla\u00e7\u00e3o fica em -0,40%, a menor desde agosto de 2022.<\/a><\/li>\n<li><a href=\"https:\/\/agenciabrasil.ebc.com.br\/economia\/noticia\/2026-08\/mercado-reduz-projecao-para-crescimento-da-economia-em-2026\">Mercado reduz proje\u00e7\u00e3o para crescimento da economia em 2026.<\/a><\/li>\n<li><a href=\"https:\/\/agenciabrasil.ebc.com.br\/economia\/noticia\/2026-08\/previa-da-inflacao-fica-em-040-menor-desde-agosto-de-2022\">Pr\u00e9via da infla\u00e7\u00e3o fica em -0,40%, a menor desde agosto de 2022.<\/a><\/li>\n<\/ul>\n<p>A publica\u00e7\u00e3o semanal traz a estimativa m\u00e9dia de institui\u00e7\u00f5es financeiras \u2013 como bancos, corretoras e consultorias \u2013 para a economia do pa\u00eds em 2026 e, tamb\u00e9m, para os pr\u00f3ximos tr\u00eas anos.<\/p>\n<h2>Infla\u00e7\u00e3o<\/h2>\n<p><strong>Segundo o Focus desta semana, o \u00cdndice Nacional de Pre\u00e7os ao Consumidor Amplo (IPCA), considerado o \u00edndice oficial de infla\u00e7\u00e3o do pa\u00eds,<\/strong> <strong>caiu de 5,02%, na semana passada para 5,01%, hoje.<\/strong><\/p>\n<p>A proje\u00e7\u00e3o de infla\u00e7\u00e3o para 2027 mostra uma leve alta na infla\u00e7\u00e3o de 4,25% para 4,28% e estabilidade nos anos de 2028 e 2029, com estimativa de 3,80% e 3,50%, respectivamente.<\/p>\n<p>Atualmente, o <a href=\"https:\/\/agenciabrasil.ebc.com.br\/economia\/noticia\/2026-08\/inflacao-recua-para-007-em-julho-e-volta-para-meta-do-governo\" target=\"_blank\">IPCA acumulado em 12 meses \u00e9 4,44%<\/a>, trazendo o indicador de volta para a meta do governo, conforme os dados oficiais de julho divulgados pelo Instituto Brasileiro de Geografia e Estat\u00edstica (IBGE).<\/p>\n<h2>PIB<\/h2>\n<p><strong>As institui\u00e7\u00f5es ouvidas pelo Boletim Focus projetam queda para este ano do PIB, conjunto de todos os bens e servi\u00e7os produzidos no pa\u00eds, de 1,95%, h\u00e1 uma semana, para 1,92%, atualmente.<\/strong><\/p>\n<p>Para os tr\u00eas pr\u00f3ximos anos, a expectativa do mercado n\u00e3o se alterou, com previs\u00e3o de crescimento de 1,50%, para 2027; 1,98% para 2028; e 2% para 2029.<\/p>\n<h2>D\u00f3lar<\/h2>\n<p><strong>A previs\u00e3o do mercado financeiro para o c\u00e2mbio brasileiro \u00e9 que o d\u00f3lar terminar\u00e1 o ano de 2026 cotado a R$ 5,20. A previs\u00e3o de cota\u00e7\u00e3o atual repete a que foi divulgada h\u00e1 quatro semanas.<\/strong><\/p>\n<p>De acordo com os analistas, o valor da moeda norte-americana ter\u00e1 uma alta para R$ 5,30, em 2027. Valor mantido para chegar no fim de 2028. <strong>Em 2029, o c\u00e2mbio deve subir mais uma vez para R$ 5,36.<\/strong><\/p>\n<p>O comportamento do d\u00f3lar frente ao real influencia diretamente o desempenho da economia brasileira. Com o c\u00e2mbio desvalorizado, ou seja, alta da moeda estrangeira, bens importados ficam mais caros, o que pressiona a infla\u00e7\u00e3o para cima. No entanto, favorece as exporta\u00e7\u00f5es porque deixa os produtos brasileiros mais em conta no exterior.<\/p>\n<p>Por outro lado, a moeda valorizada \u2013 queda na taxa \u2013 faz com que produtos importados fiquem mais baratos no pa\u00eds, o que pode refletir em menos press\u00e3o sobre a infla\u00e7\u00e3o. Mas pode ser prejudicial \u00e0 ind\u00fastria nacional, que precisa concorrer com produtos estrangeiros que ficam com os pre\u00e7os mais competitivos.<\/p>\n<h2>Juros<\/h2>\n<p><strong>As institui\u00e7\u00f5es financeiras mantiveram a estimativa para a taxa b\u00e1sica de juros (Selic) da economia brasileira em R$ 13,75. <\/strong>A Selic serve de refer\u00eancia para todas as demais opera\u00e7\u00f5es de cr\u00e9dito, como a d\u00edvida p\u00fablica.<\/p>\n<p>A Selic \u00e9 decidida pelo Comit\u00ea de Pol\u00edtica Monet\u00e1ria (Copom) do Banco Central do Brasil, em reuni\u00f5es realizadas a cada 45 dias.<\/p>\n<p><strong>O mercado acredita que, em 2027, a Selic terminar\u00e1 o ano em 12%. Para 2028, o Focus mant\u00e9m, h\u00e1 quatro semanas, a proje\u00e7\u00e3o em 10,5% e para 2029, deve alcan\u00e7ar 10%.<\/strong><\/p>\n<p>Atualmente, a <a href=\"https:\/\/agenciabrasil.ebc.com.br\/economia\/noticia\/2026-08\/em-nova-reducao-copom-baixa-taxa-selic-para-14-ao-ano\" target=\"_blank\">Selic est\u00e1 em 14% ao ano<\/a>. A \u00faltima reuni\u00e3o foi em 5 de agosto, quando o <a href=\"https:\/\/agenciabrasil.ebc.com.br\/economia\/noticia\/2026-08\/bc-aponta-desaceleracao-da-inflacao-mas-mantem-alerta-sobre-riscos\" target=\"_blank\">Copom ajustou a Selic em um ambiente de desacelera\u00e7\u00e3o da infla\u00e7\u00e3o,<\/a> mas ainda marcado por incertezas o que exige prud\u00eancia, conforme a \u00faltima ata da reuni\u00e3o publicada\u200b\u200b\u200b.<\/p>\n<p>O n\u00edvel da Selic influencia o desempenho da economia. Quando a taxa est\u00e1 em patamar elevado, pode deixar as opera\u00e7\u00f5es de cr\u00e9dito com maior custo, o que pode desestimular o consumo interno. J\u00e1 a taxa em n\u00edveis reduzidos \u00e9 um incentivo para a obten\u00e7\u00e3o de cr\u00e9dito e favorece o investimento. A aten\u00e7\u00e3o \u00e9 para n\u00e3o haver press\u00e3o inflacion\u00e1ria.<\/p>\n<p>\u00a0<\/p>\n","protected":false},"excerpt":{"rendered":"<p>O mercado financeiro rebaixou a proje\u00e7\u00e3o de infla\u00e7\u00e3o e prev\u00ea menor crescimento do Produto Interno Bruto (PIB) brasileiro para 2026, enquanto o c\u00e2mbio do d\u00f3lar e a taxa Selic permanecem inalterados nas previs\u00f5es do ano. As informa\u00e7\u00f5es constam no Boletim Focus, divulgado nesta segunda-feira (31) pelo Banco Central (BC), em Bras\u00edlia. Not\u00edcias relacionadas: Pr\u00e9via da [&hellip;]<\/p>\n","protected":false},"author":33,"featured_media":45615,"comment_status":"open","ping_status":"open","sticky":false,"template":"","format":"standard","meta":{"site-sidebar-layout":"default","site-content-layout":"","ast-site-content-layout":"default","site-content-style":"default","site-sidebar-style":"default","ast-global-header-display":"","ast-banner-title-visibility":"","ast-main-header-display":"","ast-hfb-above-header-display":"","ast-hfb-below-header-display":"","ast-hfb-mobile-header-display":"","site-post-title":"","ast-breadcrumbs-content":"","ast-featured-img":"","footer-sml-layout":"","ast-disable-related-posts":"","theme-transparent-header-meta":"","adv-header-id-meta":"","stick-header-meta":"","header-above-stick-meta":"","header-main-stick-meta":"","header-below-stick-meta":"","astra-migrate-meta-layouts":"default","ast-page-background-enabled":"default","ast-page-background-meta":{"desktop":{"background-color":"var(--ast-global-color-4)","background-image":"","background-repeat":"repeat","background-position":"center center","background-size":"auto","background-attachment":"scroll","background-type":"","background-media":"","overlay-type":"","overlay-color":"","overlay-opacity":"","overlay-gradient":""},"tablet":{"background-color":"","background-image":"","background-repeat":"repeat","background-position":"center center","background-size":"auto","background-attachment":"scroll","background-type":"","background-media":"","overlay-type":"","overlay-color":"","overlay-opacity":"","overlay-gradient":""},"mobile":{"background-color":"","background-image":"","background-repeat":"repeat","background-position":"center center","background-size":"auto","background-attachment":"scroll","background-type":"","background-media":"","overlay-type":"","overlay-color":"","overlay-opacity":"","overlay-gradient":""}},"ast-content-background-meta":{"desktop":{"background-color":"var(--ast-global-color-5)","background-image":"","background-repeat":"repeat","background-position":"center center","background-size":"auto","background-attachment":"scroll","background-type":"","background-media":"","overlay-type":"","overlay-color":"","overlay-opacity":"","overlay-gradient":""},"tablet":{"background-color":"var(--ast-global-color-5)","background-image":"","background-repeat":"repeat","background-position":"center center","background-size":"auto","background-attachment":"scroll","background-type":"","background-media":"","overlay-type":"","overlay-color":"","overlay-opacity":"","overlay-gradient":""},"mobile":{"background-color":"var(--ast-global-color-5)","background-image":"","background-repeat":"repeat","background-position":"center center","background-size":"auto","background-attachment":"scroll","background-type":"","background-media":"","overlay-type":"","overlay-color":"","overlay-opacity":"","overlay-gradient":""}},"footnotes":""},"categories":[37],"tags":[],"class_list":["post-45614","post","type-post","status-publish","format-standard","has-post-thumbnail","hentry","category-economia-e-negocios"],"_links":{"self":[{"href":"https:\/\/colunadahora.com.br\/index.php?rest_route=\/wp\/v2\/posts\/45614","targetHints":{"allow":["GET"]}}],"collection":[{"href":"https:\/\/colunadahora.com.br\/index.php?rest_route=\/wp\/v2\/posts"}],"about":[{"href":"https:\/\/colunadahora.com.br\/index.php?rest_route=\/wp\/v2\/types\/post"}],"author":[{"embeddable":true,"href":"https:\/\/colunadahora.com.br\/index.php?rest_route=\/wp\/v2\/users\/33"}],"replies":[{"embeddable":true,"href":"https:\/\/colunadahora.com.br\/index.php?rest_route=%2Fwp%2Fv2%2Fcomments&post=45614"}],"version-history":[{"count":0,"href":"https:\/\/colunadahora.com.br\/index.php?rest_route=\/wp\/v2\/posts\/45614\/revisions"}],"wp:featuredmedia":[{"embeddable":true,"href":"https:\/\/colunadahora.com.br\/index.php?rest_route=\/wp\/v2\/media\/45615"}],"wp:attachment":[{"href":"https:\/\/colunadahora.com.br\/index.php?rest_route=%2Fwp%2Fv2%2Fmedia&parent=45614"}],"wp:term":[{"taxonomy":"category","embeddable":true,"href":"https:\/\/colunadahora.com.br\/index.php?rest_route=%2Fwp%2Fv2%2Fcategories&post=45614"},{"taxonomy":"post_tag","embeddable":true,"href":"https:\/\/colunadahora.com.br\/index.php?rest_route=%2Fwp%2Fv2%2Ftags&post=45614"}],"curies":[{"name":"wp","href":"https:\/\/api.w.org\/{rel}","templated":true}]}}