{"id":45612,"date":"2026-08-31T11:29:26","date_gmt":"2026-08-31T14:29:26","guid":{"rendered":"https:\/\/colunadahora.com.br\/?p=45612"},"modified":"2026-08-31T11:29:26","modified_gmt":"2026-08-31T14:29:26","slug":"portal-colunadahora-com-br-deputado-de-entrega-mauricio-carvalho-aposta-no-municipalismo-e-na-parceria-com-vereadores-para-fazer-o-recurso-chegar-na-ponta","status":"publish","type":"post","link":"https:\/\/colunadahora.com.br\/?p=45612","title":{"rendered":"PORTAL COLUNADAHORA.COM.BR &#8211; &#8220;Deputado de entrega&#8221;: Maur\u00edcio Carvalho aposta no municipalismo e na parceria com vereadores para fazer o recurso chegar na ponta"},"content":{"rendered":"<p style=\"text-align: center;\"><img fetchpriority=\"high\" decoding=\"async\" class=\"alignnone  wp-image-45610\" src=\"https:\/\/colunadahora.com.br\/wp-content\/uploads\/2026\/08\/MAUUU-200x300.jpg\" alt=\"\" width=\"352\" height=\"528\" srcset=\"https:\/\/colunadahora.com.br\/wp-content\/uploads\/2026\/08\/MAUUU-200x300.jpg 200w, https:\/\/colunadahora.com.br\/wp-content\/uploads\/2026\/08\/MAUUU-682x1024.jpg 682w, https:\/\/colunadahora.com.br\/wp-content\/uploads\/2026\/08\/MAUUU-768x1153.jpg 768w, https:\/\/colunadahora.com.br\/wp-content\/uploads\/2026\/08\/MAUUU-1023x1536.jpg 1023w, https:\/\/colunadahora.com.br\/wp-content\/uploads\/2026\/08\/MAUUU-97x146.jpg 97w, https:\/\/colunadahora.com.br\/wp-content\/uploads\/2026\/08\/MAUUU-600x901.jpg 600w, https:\/\/colunadahora.com.br\/wp-content\/uploads\/2026\/08\/MAUUU.jpg 1066w\" sizes=\"(max-width: 352px) 100vw, 352px\" \/><\/p>\n<p style=\"text-align: center;\"><em>Candidato \u00e0 reelei\u00e7\u00e3o, parlamentar defende que a proximidade do vereador com a popula\u00e7\u00e3o \u00e9 o caminho mais curto entre a emenda em Bras\u00edlia e a melhoria na vida real<\/em><\/p>\n<p>&nbsp;<\/p>\n<p>&#8220;Maur\u00edcio Carvalho \u00e9 um deputado de entrega.&#8221; A defini\u00e7\u00e3o \u00e9 dos vereadores F\u00e1bio Costa, Hai\u00e1, Zilmar e Leandro Beijim, de Candeias do Jamari, e resume uma parceria que o deputado federal e candidato \u00e0 reelei\u00e7\u00e3o Maur\u00edcio Carvalho (Uni\u00e3o Brasil) trata como m\u00e9todo de trabalho: unir quem conhece de perto as necessidades da popula\u00e7\u00e3o a quem pode transform\u00e1-las em resultado no Congresso Nacional. Em Candeias, na regi\u00e3o metropolitana de Porto Velho, o vereador mant\u00e9m di\u00e1logo direto com o mandato na busca por emendas, investimentos e melhorias para o munic\u00edpio.<\/p>\n<p>Para o parlamentar, n\u00e3o existe municipalismo de gabinete. Fortalecer as cidades exige um mandato presente, conectado a vereadores, prefeitos e lideran\u00e7as que acompanham diariamente a realidade de cada comunidade, e \u00e9 essa presen\u00e7a que garante que o recurso chegue onde a necessidade existe. &#8220;Estou andando pelos 52 munic\u00edpios, mas realizando entregas de verdade. O vereador est\u00e1 perto da popula\u00e7\u00e3o, conhece as demandas e sabe onde o recurso precisa chegar. O nosso papel \u00e9 manter essa porta aberta e trabalhar para transformar essas necessidades em resultado&#8221;, afirmou Maur\u00edcio Carvalho, deputado federal e candidato \u00e0 reelei\u00e7\u00e3o.<\/p>\n<p>O deputado tamb\u00e9m fez quest\u00e3o de marcar a diferen\u00e7a entre presen\u00e7a real e presen\u00e7a de tela. &#8220;Eu vejo muitos pol\u00edticos focados em rede social. Viralizam, conseguem o voto, mas depois n\u00e3o andam pelo Estado e n\u00e3o conhecem a realidade de cada munic\u00edpio. Querem ganhar a elei\u00e7\u00e3o somente pelo celular. Eu acredito em estar presente, ouvir as pessoas e conhecer de perto aquilo que cada cidade precisa&#8221;, destacou o parlamentar. \u00c9 a tradu\u00e7\u00e3o, na pr\u00e1tica, do lema que acompanha o mandato: presen\u00e7a de verdade \u00e9 entrega.<\/p>\n<p>A parceria com os vereadores de Candeias do Jamari funciona como retrato desse modelo. O vereador faz a ponte entre a comunidade e o mandato federal; o deputado atua na articula\u00e7\u00e3o em Bras\u00edlia e na destina\u00e7\u00e3o dos recursos. Cada um no seu papel, e a entrega no centro. &#8220;\u00c9 assim que eu acredito que a pol\u00edtica funciona: cada um cumprindo o seu papel, mas todos trabalhando pelo mesmo objetivo. No final, n\u00e3o importa de onde veio a demanda ou quem levou o pedido. O que importa \u00e9 a entrega chegar e melhorar a vida das pessoas&#8221;, concluiu Maur\u00edcio Carvalho.<\/p>\n<p>Assessoria de Comunica\u00e7\u00e3o \u2014 Maur\u00edcio Carvalho 4444<\/p>\n","protected":false},"excerpt":{"rendered":"<p>Candidato \u00e0 reelei\u00e7\u00e3o, parlamentar defende que a proximidade do vereador com a popula\u00e7\u00e3o \u00e9 o caminho mais curto entre a emenda em Bras\u00edlia e a melhoria na vida real &nbsp; &#8220;Maur\u00edcio Carvalho \u00e9 um deputado de entrega.&#8221; A defini\u00e7\u00e3o \u00e9 dos vereadores F\u00e1bio Costa, Hai\u00e1, Zilmar e Leandro Beijim, de Candeias do Jamari, e resume [&hellip;]<\/p>\n","protected":false},"author":1,"featured_media":45609,"comment_status":"open","ping_status":"closed","sticky":false,"template":"","format":"standard","meta":{"site-sidebar-layout":"default","site-content-layout":"","ast-site-content-layout":"default","site-content-style":"default","site-sidebar-style":"default","ast-global-header-display":"","ast-banner-title-visibility":"","ast-main-header-display":"","ast-hfb-above-header-display":"","ast-hfb-below-header-display":"","ast-hfb-mobile-header-display":"","site-post-title":"","ast-breadcrumbs-content":"","ast-featured-img":"","footer-sml-layout":"","ast-disable-related-posts":"","theme-transparent-header-meta":"default","adv-header-id-meta":"","stick-header-meta":"","header-above-stick-meta":"","header-main-stick-meta":"","header-below-stick-meta":"","astra-migrate-meta-layouts":"set","ast-page-background-enabled":"default","ast-page-background-meta":{"desktop":{"background-color":"var(--ast-global-color-4)","background-image":"","background-repeat":"repeat","background-position":"center center","background-size":"auto","background-attachment":"scroll","background-type":"","background-media":"","overlay-type":"","overlay-color":"","overlay-opacity":"","overlay-gradient":""},"tablet":{"background-color":"","background-image":"","background-repeat":"repeat","background-position":"center center","background-size":"auto","background-attachment":"scroll","background-type":"","background-media":"","overlay-type":"","overlay-color":"","overlay-opacity":"","overlay-gradient":""},"mobile":{"background-color":"","background-image":"","background-repeat":"repeat","background-position":"center center","background-size":"auto","background-attachment":"scroll","background-type":"","background-media":"","overlay-type":"","overlay-color":"","overlay-opacity":"","overlay-gradient":""}},"ast-content-background-meta":{"desktop":{"background-color":"var(--ast-global-color-5)","background-image":"","background-repeat":"repeat","background-position":"center center","background-size":"auto","background-attachment":"scroll","background-type":"","background-media":"","overlay-type":"","overlay-color":"","overlay-opacity":"","overlay-gradient":""},"tablet":{"background-color":"var(--ast-global-color-5)","background-image":"","background-repeat":"repeat","background-position":"center center","background-size":"auto","background-attachment":"scroll","background-type":"","background-media":"","overlay-type":"","overlay-color":"","overlay-opacity":"","overlay-gradient":""},"mobile":{"background-color":"var(--ast-global-color-5)","background-image":"","background-repeat":"repeat","background-position":"center center","background-size":"auto","background-attachment":"scroll","background-type":"","background-media":"","overlay-type":"","overlay-color":"","overlay-opacity":"","overlay-gradient":""}},"footnotes":""},"categories":[46,67],"tags":[],"class_list":["post-45612","post","type-post","status-publish","format-standard","has-post-thumbnail","hentry","category-destaques-da-hora","category-eleicoes-2026-ro"],"_links":{"self":[{"href":"https:\/\/colunadahora.com.br\/index.php?rest_route=\/wp\/v2\/posts\/45612","targetHints":{"allow":["GET"]}}],"collection":[{"href":"https:\/\/colunadahora.com.br\/index.php?rest_route=\/wp\/v2\/posts"}],"about":[{"href":"https:\/\/colunadahora.com.br\/index.php?rest_route=\/wp\/v2\/types\/post"}],"author":[{"embeddable":true,"href":"https:\/\/colunadahora.com.br\/index.php?rest_route=\/wp\/v2\/users\/1"}],"replies":[{"embeddable":true,"href":"https:\/\/colunadahora.com.br\/index.php?rest_route=%2Fwp%2Fv2%2Fcomments&post=45612"}],"version-history":[{"count":1,"href":"https:\/\/colunadahora.com.br\/index.php?rest_route=\/wp\/v2\/posts\/45612\/revisions"}],"predecessor-version":[{"id":45613,"href":"https:\/\/colunadahora.com.br\/index.php?rest_route=\/wp\/v2\/posts\/45612\/revisions\/45613"}],"wp:featuredmedia":[{"embeddable":true,"href":"https:\/\/colunadahora.com.br\/index.php?rest_route=\/wp\/v2\/media\/45609"}],"wp:attachment":[{"href":"https:\/\/colunadahora.com.br\/index.php?rest_route=%2Fwp%2Fv2%2Fmedia&parent=45612"}],"wp:term":[{"taxonomy":"category","embeddable":true,"href":"https:\/\/colunadahora.com.br\/index.php?rest_route=%2Fwp%2Fv2%2Fcategories&post=45612"},{"taxonomy":"post_tag","embeddable":true,"href":"https:\/\/colunadahora.com.br\/index.php?rest_route=%2Fwp%2Fv2%2Ftags&post=45612"}],"curies":[{"name":"wp","href":"https:\/\/api.w.org\/{rel}","templated":true}]}}