{"id":45606,"date":"2026-08-31T11:21:23","date_gmt":"2026-08-31T14:21:23","guid":{"rendered":"https:\/\/colunadahora.com.br\/?p=45606"},"modified":"2026-08-31T11:21:23","modified_gmt":"2026-08-31T14:21:23","slug":"portal-colunadahora-com-br-hildon-destaca-uniao-e-potencial-de-rondonia-durante-lancamento-da-campanha-de-ismael-crispin-em-sao-miguel","status":"publish","type":"post","link":"https:\/\/colunadahora.com.br\/?p=45606","title":{"rendered":"PORTAL COLUNADAHORA.COM.BR &#8211; Hildon destaca uni\u00e3o e potencial de Rond\u00f4nia durante lan\u00e7amento da campanha de Ismael Crispin em S\u00e3o Miguel"},"content":{"rendered":"<p style=\"text-align: center;\"><img fetchpriority=\"high\" decoding=\"async\" class=\"alignnone  wp-image-45608\" src=\"https:\/\/colunadahora.com.br\/wp-content\/uploads\/2026\/08\/crispinhildon-300x200.jpg\" alt=\"\" width=\"497\" height=\"331\" srcset=\"https:\/\/colunadahora.com.br\/wp-content\/uploads\/2026\/08\/crispinhildon-300x200.jpg 300w, https:\/\/colunadahora.com.br\/wp-content\/uploads\/2026\/08\/crispinhildon-1024x682.jpg 1024w, https:\/\/colunadahora.com.br\/wp-content\/uploads\/2026\/08\/crispinhildon-768x512.jpg 768w, https:\/\/colunadahora.com.br\/wp-content\/uploads\/2026\/08\/crispinhildon-219x146.jpg 219w, https:\/\/colunadahora.com.br\/wp-content\/uploads\/2026\/08\/crispinhildon-600x400.jpg 600w, https:\/\/colunadahora.com.br\/wp-content\/uploads\/2026\/08\/crispinhildon.jpg 1280w\" sizes=\"(max-width: 497px) 100vw, 497px\" \/><\/p>\n<p style=\"text-align: center;\">Candidato ao Governo defendeu trabalho conjunto entre lideran\u00e7as e refor\u00e7ou compromisso com uma Rond\u00f4nia mais forte em todas as regi\u00f5es<\/p>\n<p>&nbsp;<\/p>\n<p>O candidato ao Governo de Rond\u00f4nia, Hildon Chaves (Uni\u00e3o Brasil), participou, na noite de s\u00e1bado (29), em S\u00e3o Miguel do Guapor\u00e9, do lan\u00e7amento oficial da campanha \u00e0 reelei\u00e7\u00e3o do deputado estadual Ismael Crispin (PP). Realizado na Avenida Capit\u00e3o S\u00edlvio, o ato reuniu apoiadores e lideran\u00e7as pol\u00edticas de diferentes munic\u00edpios e teve a presen\u00e7a de nomes da chapa majorit\u00e1ria apoiada por Crispin. A agenda no interior refor\u00e7a a proposta defendida por Hildon de construir um projeto que alcance todo o estado, em sintonia com o lema \u201cDe Sul a Norte. Rond\u00f4nia mais forte.\u201d<\/p>\n<p>O evento tamb\u00e9m contou com a presen\u00e7a de Mariana Carvalho (Republicanos), candidata ao Senado e uma das principais lideran\u00e7as da composi\u00e7\u00e3o que apoia Hildon. Ao lado de Ismael e de representantes de diferentes regi\u00f5es, Mariana refor\u00e7ou a presen\u00e7a da chapa majorit\u00e1ria no ato e a constru\u00e7\u00e3o de uma alian\u00e7a pol\u00edtica voltada a ampliar a representa\u00e7\u00e3o dos munic\u00edpios e fortalecer o projeto para Rond\u00f4nia.<\/p>\n<p>Ao falar sobre o futuro do estado, Hildon ressaltou o potencial econ\u00f4mico e a necessidade de fazer essa riqueza chegar efetivamente \u00e0 popula\u00e7\u00e3o. \u201cO estado de Rond\u00f4nia \u00e9 maravilhoso, extraordin\u00e1rio e com enorme potencial de crescer cada vez mais. N\u00e3o faz sentido um Estado t\u00e3o rico estar passando por esse momento de dificuldade. Esse compromisso \u00e9 nosso\u201d, afirmou. A fala refor\u00e7ou a defesa de uma gest\u00e3o presente e capaz de transformar o potencial de Rond\u00f4nia em resultados para quem vive nos munic\u00edpios.<\/p>\n<p>Hildon encerrou a participa\u00e7\u00e3o convocando o grupo para uma caminhada conjunta: \u201cVamos juntos, pessoal\u201d. A passagem por S\u00e3o Miguel do Guapor\u00e9, munic\u00edpio onde Ismael construiu sua trajet\u00f3ria pol\u00edtica e parte importante de sua hist\u00f3ria, fortaleceu a mobiliza\u00e7\u00e3o da campanha no interior e a mensagem de integra\u00e7\u00e3o entre as diferentes regi\u00f5es de Rond\u00f4nia.<\/p>\n","protected":false},"excerpt":{"rendered":"<p>Candidato ao Governo defendeu trabalho conjunto entre lideran\u00e7as e refor\u00e7ou compromisso com uma Rond\u00f4nia mais forte em todas as regi\u00f5es &nbsp; O candidato ao Governo de Rond\u00f4nia, Hildon Chaves (Uni\u00e3o Brasil), participou, na noite de s\u00e1bado (29), em S\u00e3o Miguel do Guapor\u00e9, do lan\u00e7amento oficial da campanha \u00e0 reelei\u00e7\u00e3o do deputado estadual Ismael Crispin (PP). [&hellip;]<\/p>\n","protected":false},"author":1,"featured_media":45607,"comment_status":"open","ping_status":"closed","sticky":false,"template":"","format":"standard","meta":{"site-sidebar-layout":"default","site-content-layout":"","ast-site-content-layout":"default","site-content-style":"default","site-sidebar-style":"default","ast-global-header-display":"","ast-banner-title-visibility":"","ast-main-header-display":"","ast-hfb-above-header-display":"","ast-hfb-below-header-display":"","ast-hfb-mobile-header-display":"","site-post-title":"","ast-breadcrumbs-content":"","ast-featured-img":"","footer-sml-layout":"","ast-disable-related-posts":"","theme-transparent-header-meta":"default","adv-header-id-meta":"","stick-header-meta":"","header-above-stick-meta":"","header-main-stick-meta":"","header-below-stick-meta":"","astra-migrate-meta-layouts":"set","ast-page-background-enabled":"default","ast-page-background-meta":{"desktop":{"background-color":"var(--ast-global-color-4)","background-image":"","background-repeat":"repeat","background-position":"center center","background-size":"auto","background-attachment":"scroll","background-type":"","background-media":"","overlay-type":"","overlay-color":"","overlay-opacity":"","overlay-gradient":""},"tablet":{"background-color":"","background-image":"","background-repeat":"repeat","background-position":"center center","background-size":"auto","background-attachment":"scroll","background-type":"","background-media":"","overlay-type":"","overlay-color":"","overlay-opacity":"","overlay-gradient":""},"mobile":{"background-color":"","background-image":"","background-repeat":"repeat","background-position":"center center","background-size":"auto","background-attachment":"scroll","background-type":"","background-media":"","overlay-type":"","overlay-color":"","overlay-opacity":"","overlay-gradient":""}},"ast-content-background-meta":{"desktop":{"background-color":"var(--ast-global-color-5)","background-image":"","background-repeat":"repeat","background-position":"center center","background-size":"auto","background-attachment":"scroll","background-type":"","background-media":"","overlay-type":"","overlay-color":"","overlay-opacity":"","overlay-gradient":""},"tablet":{"background-color":"var(--ast-global-color-5)","background-image":"","background-repeat":"repeat","background-position":"center center","background-size":"auto","background-attachment":"scroll","background-type":"","background-media":"","overlay-type":"","overlay-color":"","overlay-opacity":"","overlay-gradient":""},"mobile":{"background-color":"var(--ast-global-color-5)","background-image":"","background-repeat":"repeat","background-position":"center center","background-size":"auto","background-attachment":"scroll","background-type":"","background-media":"","overlay-type":"","overlay-color":"","overlay-opacity":"","overlay-gradient":""}},"footnotes":""},"categories":[46,67,4],"tags":[],"class_list":["post-45606","post","type-post","status-publish","format-standard","has-post-thumbnail","hentry","category-destaques-da-hora","category-eleicoes-2026-ro","category-politica"],"_links":{"self":[{"href":"https:\/\/colunadahora.com.br\/index.php?rest_route=\/wp\/v2\/posts\/45606","targetHints":{"allow":["GET"]}}],"collection":[{"href":"https:\/\/colunadahora.com.br\/index.php?rest_route=\/wp\/v2\/posts"}],"about":[{"href":"https:\/\/colunadahora.com.br\/index.php?rest_route=\/wp\/v2\/types\/post"}],"author":[{"embeddable":true,"href":"https:\/\/colunadahora.com.br\/index.php?rest_route=\/wp\/v2\/users\/1"}],"replies":[{"embeddable":true,"href":"https:\/\/colunadahora.com.br\/index.php?rest_route=%2Fwp%2Fv2%2Fcomments&post=45606"}],"version-history":[{"count":1,"href":"https:\/\/colunadahora.com.br\/index.php?rest_route=\/wp\/v2\/posts\/45606\/revisions"}],"predecessor-version":[{"id":45611,"href":"https:\/\/colunadahora.com.br\/index.php?rest_route=\/wp\/v2\/posts\/45606\/revisions\/45611"}],"wp:featuredmedia":[{"embeddable":true,"href":"https:\/\/colunadahora.com.br\/index.php?rest_route=\/wp\/v2\/media\/45607"}],"wp:attachment":[{"href":"https:\/\/colunadahora.com.br\/index.php?rest_route=%2Fwp%2Fv2%2Fmedia&parent=45606"}],"wp:term":[{"taxonomy":"category","embeddable":true,"href":"https:\/\/colunadahora.com.br\/index.php?rest_route=%2Fwp%2Fv2%2Fcategories&post=45606"},{"taxonomy":"post_tag","embeddable":true,"href":"https:\/\/colunadahora.com.br\/index.php?rest_route=%2Fwp%2Fv2%2Ftags&post=45606"}],"curies":[{"name":"wp","href":"https:\/\/api.w.org\/{rel}","templated":true}]}}