{"id":45602,"date":"2026-08-31T11:15:10","date_gmt":"2026-08-31T14:15:10","guid":{"rendered":"https:\/\/colunadahora.com.br\/?p=45602"},"modified":"2026-08-31T15:09:23","modified_gmt":"2026-08-31T18:09:23","slug":"portal-colunadahora-com-br-em-sao-miguel-do-guapore-mariana-carvalho-reencontra-a-cidade-que-mais-confiou-nela-voto-e-confianca-e-tambem-responsabilidade","status":"publish","type":"post","link":"https:\/\/colunadahora.com.br\/?p=45602","title":{"rendered":"PORTAL COLUNADAHORA.COM.BR &#8211; Em S\u00e3o Miguel do Guapor\u00e9, Mariana Carvalho reencontra a cidade que mais confiou nela: &#8220;Voto \u00e9 confian\u00e7a e tamb\u00e9m responsabilidade&#8221;"},"content":{"rendered":"<p style=\"text-align: center;\"><em>No lan\u00e7amento da campanha de Ismael Crispin a deputado estadual, candidata ao Senado pelo 100 foi lembrada pelo fortalecimento do Ifro no munic\u00edpio, onde foi a mais votada para o Senado em 2022<\/em><\/p>\n<p>&nbsp;<\/p>\n<p>A passagem de Mariana Carvalho (Republicanos, 100) por S\u00e3o Miguel do Guapor\u00e9, no \u00faltimo s\u00e1bado (29), foi marcada pelo reconhecimento ao trabalho dos oito anos como deputada federal e pela rela\u00e7\u00e3o constru\u00edda com o munic\u00edpio. Durante o lan\u00e7amento da candidatura de Ismael Crispin a deputado estadual, ele relembrou a articula\u00e7\u00e3o de Mariana para fortalecer a presen\u00e7a do Instituto Federal de Rond\u00f4nia (Ifro) em S\u00e3o Miguel do Guapor\u00e9, um dos resultados da atua\u00e7\u00e3o dela no Congresso em benef\u00edcio da popula\u00e7\u00e3o local.<\/p>\n<p>O reencontro trouxe \u00e0 mem\u00f3ria a confian\u00e7a que a cidade j\u00e1 demonstrou nas urnas. Em 2022, Mariana foi a candidata ao Senado mais votada em S\u00e3o Miguel do Guapor\u00e9, com 4.768 votos.<\/p>\n<p>&#8220;Eu tenho uma gratid\u00e3o muito grande por S\u00e3o Miguel do Guapor\u00e9. Foram 4.768 pessoas que confiaram em mim na \u00faltima elei\u00e7\u00e3o e eu n\u00e3o esque\u00e7o disso. Voto \u00e9 confian\u00e7a e tamb\u00e9m responsabilidade. Voltar aqui, reencontrar as pessoas e saber que o nosso trabalho deixou resultados torna esse momento ainda mais especial&#8221;, afirmou Mariana Carvalho, candidata ao Senado.<\/p>\n<p>O trabalho que a cidade reconhece tem nome e endere\u00e7o. Nos dois mandatos, Mariana destinou recursos que viraram equipamentos para a UBS Irm\u00e3 Ilza Elias e o Centro de Sa\u00fade Planalto, c\u00e2mara de conserva\u00e7\u00e3o de vacinas, respiradores na pandemia, retroescavadeira para as estradas do munic\u00edpio, micro-\u00f4nibus para a Associa\u00e7\u00e3o dos Idosos e, no campo, colheitadeira e secador de caf\u00e9, perfurador de solo e grade aradora para os produtores, al\u00e9m do apoio ao Ifro lembrado por Crispin.<\/p>\n<p>&#8220;Quando a gente olha para tr\u00e1s e percebe que o nosso trabalho deixou algo que permanece na vida das pessoas, \u00e9 imposs\u00edvel n\u00e3o se emocionar. S\u00e3o Miguel do Guapor\u00e9 faz parte da minha hist\u00f3ria. O reconhecimento do Crispin, uma pessoa por quem tenho amizade e respeito, refor\u00e7a que vale a pena trabalhar para fazer a diferen\u00e7a na vida das pessoas&#8221;, disse a candidata.<\/p>\n<p>Mariana relacionou o trabalho j\u00e1 realizado \u00e0 experi\u00eancia que quer levar ao Senado. &#8220;Passei oito anos na C\u00e2mara dos Deputados aprendendo os caminhos, buscando recursos e trabalhando para que eles chegassem onde realmente eram necess\u00e1rios. Eu n\u00e3o quero chegar a Bras\u00edlia para descobrir como fazer. Eu j\u00e1 conhe\u00e7o os caminhos e quero usar tudo o que aprendi para fazer ainda mais por S\u00e3o Miguel do Guapor\u00e9 e por Rond\u00f4nia&#8221;, destacou.<\/p>\n<p>A candidata agradeceu ainda o acolhimento das lideran\u00e7as e da popula\u00e7\u00e3o e citou o projeto Vidas Ativas, iniciativa voltada \u00e0s mulheres que j\u00e1 teve a oportunidade de conhecer e prestigiar no munic\u00edpio. A agenda reuniu candidatos, gestores municipais, lideran\u00e7as, amigos e apoiadores, e refor\u00e7ou a mensagem que Mariana tem levado ao interior nesta campanha: confian\u00e7a recebida se corresponde com presen\u00e7a, trabalho e resultados.<\/p>\n<p>Assessoria de Comunica\u00e7\u00e3o \u2014 Mariana Carvalho 100<\/p>\n","protected":false},"excerpt":{"rendered":"<p>No lan\u00e7amento da campanha de Ismael Crispin a deputado estadual, candidata ao Senado pelo 100 foi lembrada pelo fortalecimento do Ifro no munic\u00edpio, onde foi a mais votada para o Senado em 2022 &nbsp; A passagem de Mariana Carvalho (Republicanos, 100) por S\u00e3o Miguel do Guapor\u00e9, no \u00faltimo s\u00e1bado (29), foi marcada pelo reconhecimento ao [&hellip;]<\/p>\n","protected":false},"author":1,"featured_media":45603,"comment_status":"open","ping_status":"closed","sticky":false,"template":"","format":"standard","meta":{"site-sidebar-layout":"default","site-content-layout":"","ast-site-content-layout":"default","site-content-style":"default","site-sidebar-style":"default","ast-global-header-display":"","ast-banner-title-visibility":"","ast-main-header-display":"","ast-hfb-above-header-display":"","ast-hfb-below-header-display":"","ast-hfb-mobile-header-display":"","site-post-title":"","ast-breadcrumbs-content":"","ast-featured-img":"","footer-sml-layout":"","ast-disable-related-posts":"","theme-transparent-header-meta":"default","adv-header-id-meta":"","stick-header-meta":"","header-above-stick-meta":"","header-main-stick-meta":"","header-below-stick-meta":"","astra-migrate-meta-layouts":"set","ast-page-background-enabled":"default","ast-page-background-meta":{"desktop":{"background-color":"var(--ast-global-color-4)","background-image":"","background-repeat":"repeat","background-position":"center center","background-size":"auto","background-attachment":"scroll","background-type":"","background-media":"","overlay-type":"","overlay-color":"","overlay-opacity":"","overlay-gradient":""},"tablet":{"background-color":"","background-image":"","background-repeat":"repeat","background-position":"center center","background-size":"auto","background-attachment":"scroll","background-type":"","background-media":"","overlay-type":"","overlay-color":"","overlay-opacity":"","overlay-gradient":""},"mobile":{"background-color":"","background-image":"","background-repeat":"repeat","background-position":"center center","background-size":"auto","background-attachment":"scroll","background-type":"","background-media":"","overlay-type":"","overlay-color":"","overlay-opacity":"","overlay-gradient":""}},"ast-content-background-meta":{"desktop":{"background-color":"var(--ast-global-color-5)","background-image":"","background-repeat":"repeat","background-position":"center center","background-size":"auto","background-attachment":"scroll","background-type":"","background-media":"","overlay-type":"","overlay-color":"","overlay-opacity":"","overlay-gradient":""},"tablet":{"background-color":"var(--ast-global-color-5)","background-image":"","background-repeat":"repeat","background-position":"center center","background-size":"auto","background-attachment":"scroll","background-type":"","background-media":"","overlay-type":"","overlay-color":"","overlay-opacity":"","overlay-gradient":""},"mobile":{"background-color":"var(--ast-global-color-5)","background-image":"","background-repeat":"repeat","background-position":"center center","background-size":"auto","background-attachment":"scroll","background-type":"","background-media":"","overlay-type":"","overlay-color":"","overlay-opacity":"","overlay-gradient":""}},"footnotes":""},"categories":[46,67,1],"tags":[],"class_list":["post-45602","post","type-post","status-publish","format-standard","has-post-thumbnail","hentry","category-destaques-da-hora","category-eleicoes-2026-ro","category-sem-categoria"],"_links":{"self":[{"href":"https:\/\/colunadahora.com.br\/index.php?rest_route=\/wp\/v2\/posts\/45602","targetHints":{"allow":["GET"]}}],"collection":[{"href":"https:\/\/colunadahora.com.br\/index.php?rest_route=\/wp\/v2\/posts"}],"about":[{"href":"https:\/\/colunadahora.com.br\/index.php?rest_route=\/wp\/v2\/types\/post"}],"author":[{"embeddable":true,"href":"https:\/\/colunadahora.com.br\/index.php?rest_route=\/wp\/v2\/users\/1"}],"replies":[{"embeddable":true,"href":"https:\/\/colunadahora.com.br\/index.php?rest_route=%2Fwp%2Fv2%2Fcomments&post=45602"}],"version-history":[{"count":2,"href":"https:\/\/colunadahora.com.br\/index.php?rest_route=\/wp\/v2\/posts\/45602\/revisions"}],"predecessor-version":[{"id":45605,"href":"https:\/\/colunadahora.com.br\/index.php?rest_route=\/wp\/v2\/posts\/45602\/revisions\/45605"}],"wp:featuredmedia":[{"embeddable":true,"href":"https:\/\/colunadahora.com.br\/index.php?rest_route=\/wp\/v2\/media\/45603"}],"wp:attachment":[{"href":"https:\/\/colunadahora.com.br\/index.php?rest_route=%2Fwp%2Fv2%2Fmedia&parent=45602"}],"wp:term":[{"taxonomy":"category","embeddable":true,"href":"https:\/\/colunadahora.com.br\/index.php?rest_route=%2Fwp%2Fv2%2Fcategories&post=45602"},{"taxonomy":"post_tag","embeddable":true,"href":"https:\/\/colunadahora.com.br\/index.php?rest_route=%2Fwp%2Fv2%2Ftags&post=45602"}],"curies":[{"name":"wp","href":"https:\/\/api.w.org\/{rel}","templated":true}]}}