{"id":45598,"date":"2026-08-31T09:19:35","date_gmt":"2026-08-31T12:19:35","guid":{"rendered":"https:\/\/colunadahora.com.br\/?p=45598"},"modified":"2026-08-31T09:19:35","modified_gmt":"2026-08-31T12:19:35","slug":"brasil-estabelece-meta-de-restaurar-163-mil-km%c2%b2-de-terras-degradadas","status":"publish","type":"post","link":"https:\/\/colunadahora.com.br\/?p=45598","title":{"rendered":"Brasil estabelece meta de restaurar 163 mil km\u00b2 de terras degradadas"},"content":{"rendered":"<p>O Brasil estabeleceu a meta de restaurar 163 mil km\u00b2 de terras degradadas at\u00e9 2030. O compromisso brasileiro foi elogiado, mas recebeu cobran\u00e7as para que seja tirado do papel e solucione problemas enfrentados pelo pa\u00eds.<img decoding=\"async\" src=\"https:\/\/agenciabrasil.ebc.com.br\/ebc.png?id=1701072&#038;o=rss\"><img decoding=\"async\" src=\"https:\/\/agenciabrasil.ebc.com.br\/ebc.gif?id=1701072&#038;o=rss\"><\/p>\n<p>A cobran\u00e7a foi feita por entidades da sociedade civil, como o WWF, Rede para Restaura\u00e7\u00e3o da Caatinga e Instituto Escolhas, durante a COP17, a Confer\u00eancia da ONU de Combate \u00e0 Desertifica\u00e7\u00e3o, em Ul\u00e3 Bator, capital da Mong\u00f3lia, na \u00faltima semana.<\/p>\n<p>Os especialistas classificaram a meta brasileira como ambiciosa, mas destacaram que ela precisa ser traduzida em resultados concretos. Isso significa, por exemplo, alinhar a conserva\u00e7\u00e3o e a restaura\u00e7\u00e3o dos ecossistemas \u00e0 recupera\u00e7\u00e3o da produtividade de \u00e1reas degradadas, ao manejo sustent\u00e1vel do solo e \u00e0 transforma\u00e7\u00e3o dos sistemas agroalimentares.<\/p>\n<p>Para as entidades ambientais, a sociedade deve acompanhar e fiscalizar o compromisso assumido pelo pa\u00eds. Segundo especialistas, a meta foi apresentada com 11 anos de atraso e agora \u00e9 o momento de acelerar o trabalho, fortalecendo a estrutura administrativa e or\u00e7ament\u00e1ria.<\/p>\n<p>A Secret\u00e1ria-Adjunta da Conven\u00e7\u00e3o das Na\u00e7\u00f5es Unidas de Combate \u00e0 Desertifica\u00e7\u00e3o afirmou que o Brasil vem desempenhando um papel importante na constru\u00e7\u00e3o de solu\u00e7\u00f5es para os problemas da terra.<\/p>\n<p>  <span class=\"hms hms-format-m-ss\">1:28<\/span><\/p>\n","protected":false},"excerpt":{"rendered":"<p>O Brasil estabeleceu a meta de restaurar 163 mil km\u00b2 de terras degradadas at\u00e9 2030. O compromisso brasileiro foi elogiado, mas recebeu cobran\u00e7as para que seja tirado do papel e solucione problemas enfrentados pelo pa\u00eds. A cobran\u00e7a foi feita por entidades da sociedade civil, como o WWF, Rede para Restaura\u00e7\u00e3o da Caatinga e Instituto Escolhas, [&hellip;]<\/p>\n","protected":false},"author":161,"featured_media":45599,"comment_status":"open","ping_status":"open","sticky":false,"template":"","format":"standard","meta":{"site-sidebar-layout":"default","site-content-layout":"","ast-site-content-layout":"default","site-content-style":"default","site-sidebar-style":"default","ast-global-header-display":"","ast-banner-title-visibility":"","ast-main-header-display":"","ast-hfb-above-header-display":"","ast-hfb-below-header-display":"","ast-hfb-mobile-header-display":"","site-post-title":"","ast-breadcrumbs-content":"","ast-featured-img":"","footer-sml-layout":"","ast-disable-related-posts":"","theme-transparent-header-meta":"","adv-header-id-meta":"","stick-header-meta":"","header-above-stick-meta":"","header-main-stick-meta":"","header-below-stick-meta":"","astra-migrate-meta-layouts":"default","ast-page-background-enabled":"default","ast-page-background-meta":{"desktop":{"background-color":"var(--ast-global-color-4)","background-image":"","background-repeat":"repeat","background-position":"center center","background-size":"auto","background-attachment":"scroll","background-type":"","background-media":"","overlay-type":"","overlay-color":"","overlay-opacity":"","overlay-gradient":""},"tablet":{"background-color":"","background-image":"","background-repeat":"repeat","background-position":"center center","background-size":"auto","background-attachment":"scroll","background-type":"","background-media":"","overlay-type":"","overlay-color":"","overlay-opacity":"","overlay-gradient":""},"mobile":{"background-color":"","background-image":"","background-repeat":"repeat","background-position":"center center","background-size":"auto","background-attachment":"scroll","background-type":"","background-media":"","overlay-type":"","overlay-color":"","overlay-opacity":"","overlay-gradient":""}},"ast-content-background-meta":{"desktop":{"background-color":"var(--ast-global-color-5)","background-image":"","background-repeat":"repeat","background-position":"center center","background-size":"auto","background-attachment":"scroll","background-type":"","background-media":"","overlay-type":"","overlay-color":"","overlay-opacity":"","overlay-gradient":""},"tablet":{"background-color":"var(--ast-global-color-5)","background-image":"","background-repeat":"repeat","background-position":"center center","background-size":"auto","background-attachment":"scroll","background-type":"","background-media":"","overlay-type":"","overlay-color":"","overlay-opacity":"","overlay-gradient":""},"mobile":{"background-color":"var(--ast-global-color-5)","background-image":"","background-repeat":"repeat","background-position":"center center","background-size":"auto","background-attachment":"scroll","background-type":"","background-media":"","overlay-type":"","overlay-color":"","overlay-opacity":"","overlay-gradient":""}},"footnotes":""},"categories":[6],"tags":[],"class_list":["post-45598","post","type-post","status-publish","format-standard","has-post-thumbnail","hentry","category-meio-ambiente-e-sustentabilidade"],"_links":{"self":[{"href":"https:\/\/colunadahora.com.br\/index.php?rest_route=\/wp\/v2\/posts\/45598","targetHints":{"allow":["GET"]}}],"collection":[{"href":"https:\/\/colunadahora.com.br\/index.php?rest_route=\/wp\/v2\/posts"}],"about":[{"href":"https:\/\/colunadahora.com.br\/index.php?rest_route=\/wp\/v2\/types\/post"}],"author":[{"embeddable":true,"href":"https:\/\/colunadahora.com.br\/index.php?rest_route=\/wp\/v2\/users\/161"}],"replies":[{"embeddable":true,"href":"https:\/\/colunadahora.com.br\/index.php?rest_route=%2Fwp%2Fv2%2Fcomments&post=45598"}],"version-history":[{"count":0,"href":"https:\/\/colunadahora.com.br\/index.php?rest_route=\/wp\/v2\/posts\/45598\/revisions"}],"wp:featuredmedia":[{"embeddable":true,"href":"https:\/\/colunadahora.com.br\/index.php?rest_route=\/wp\/v2\/media\/45599"}],"wp:attachment":[{"href":"https:\/\/colunadahora.com.br\/index.php?rest_route=%2Fwp%2Fv2%2Fmedia&parent=45598"}],"wp:term":[{"taxonomy":"category","embeddable":true,"href":"https:\/\/colunadahora.com.br\/index.php?rest_route=%2Fwp%2Fv2%2Fcategories&post=45598"},{"taxonomy":"post_tag","embeddable":true,"href":"https:\/\/colunadahora.com.br\/index.php?rest_route=%2Fwp%2Fv2%2Ftags&post=45598"}],"curies":[{"name":"wp","href":"https:\/\/api.w.org\/{rel}","templated":true}]}}