{"id":45596,"date":"2026-08-31T09:18:15","date_gmt":"2026-08-31T12:18:15","guid":{"rendered":"https:\/\/colunadahora.com.br\/?p=45596"},"modified":"2026-08-31T09:18:15","modified_gmt":"2026-08-31T12:18:15","slug":"desenrola-fies-prazo-de-renegociacao-de-dividas-termina-hoje","status":"publish","type":"post","link":"https:\/\/colunadahora.com.br\/?p=45596","title":{"rendered":"Desenrola Fies: prazo de renegocia\u00e7\u00e3o de d\u00edvidas termina hoje"},"content":{"rendered":"<\/p>\n<p><a class=\"\" href=\"https:\/\/agenciabrasil.ebc.com.br\/educacao\/noticia\/2026-08\/desenrola-fies-prazo-de-renegociacao-de-dividas-termina-hoje\"><br \/>\n                    <img decoding=\"async\" src=\"https:\/\/cdn.jsdelivr.net\/gh\/sergiosdlima\/assets-ebc@1.0.0\/abr\/assets\/images\/logo-agenciabrasil.svg\" alt=\"Logo Ag\u00eancia Brasil\"><br \/>\n\t\t\t\t<\/a><\/p>\n<p>Termina nesta segunda-feira (31) o prazo para renegocia\u00e7\u00e3o de d\u00edvidas do Fundo de Financiamento Estudantil (Fies), com descontos e condi\u00e7\u00f5es facilitadas pelo programa Desenrola Fies 2026.<img decoding=\"async\" src=\"https:\/\/agenciabrasil.ebc.com.br\/ebc.png?id=1701059&#038;o=rss\"><img decoding=\"async\" src=\"https:\/\/agenciabrasil.ebc.com.br\/ebc.gif?id=1701059&#038;o=rss\"><\/p>\n<p><strong>Os ex-estudantes do ensino superior que foram beneficiados pela pol\u00edtica p\u00fablica devem procurar as institui\u00e7\u00f5es financeiras com quem firmaram o contrato: o Banco do Brasil ou a Caixa Econ\u00f4mica Federal.<\/strong><\/p>\n<\/p>\n<h3>Not\u00edcias relacionadas:<\/h3>\n<ul>\n<li><a href=\"https:\/\/agenciabrasil.ebc.com.br\/educacao\/noticia\/2024-07\/desenrola-fies-chega-3431-mil-acordos-em-todo-o-pais\">Desenrola Fies chega a 343,1 mil acordos em todo o pa\u00eds .<\/a><\/li>\n<li><a href=\"https:\/\/agenciabrasil.ebc.com.br\/educacao\/noticia\/2026-07\/enem-2026-tem-mais-de-5-milhoes-de-inscritos\">Enem 2026 tem mais de 5 milh\u00f5es de inscritos.<\/a><\/li>\n<\/ul>\n<p><strong>Cada contrato do financiamento\u00a0pode passar por apenas uma renegocia\u00e7\u00e3o durante a vig\u00eancia do Desenrola Fies, lembra\u00a0o Minist\u00e9rio da Educa\u00e7\u00e3o.<\/strong><\/p>\n<p>O Fies \u00e9 o programa federal que oferece financiamento a\u00a0quem deseja estudar em uma institui\u00e7\u00e3o privada de ensino superior. Ap\u00f3s a formatura, o estudante precisa devolver o montante financiado pelo governo com juros baixos e condi\u00e7\u00f5es facilitadas de pagamento, respeitando o limite da renda do ex-estudante.<\/p>\n<h2>Quem pode renegociar<\/h2>\n<p><strong>O Desenrola Fies 2026 \u00e9 voltado a\u00a0estudantes com contratos do Fies firmados at\u00e9 2017 que estavam, em 4 de maio de 2026, na fase de amortiza\u00e7\u00e3o<\/strong>. Este \u00e9 per\u00edodo em que o estudante come\u00e7a a pagar o valor principal do financiamento estudantil e os juros acumulados para quitar a d\u00edvida ap\u00f3s terminar a faculdade.<\/p>\n<p><strong>A renegocia\u00e7\u00e3o contempla contratos adimplentes e inadimplentes, conforme as condi\u00e7\u00f5es previstas para cada perfil.<\/strong><\/p>\n<p>A data de 4 de maio de 2026 \u00e9 adotada como refer\u00eancia para verificar a situa\u00e7\u00e3o do contrato e aplicar crit\u00e9rios como o tempo de inadimpl\u00eancia e o enquadramento do estudante no Cadastro \u00danico de Programas Sociais do governo federal (Cad\u00danico).<\/p>\n<p><strong>Tamb\u00e9m podem participar do Desenrola Fies 2026 os estudantes com o nome inscrito em cadastros de inadimplentes por atraso no\u00a0financiamento.<\/strong><\/p>\n<p>N\u00e3o est\u00e3o aptos \u00e0 renegocia\u00e7\u00e3o os estudantes que contrataram o Fies a partir de 1\u00ba de janeiro de 2018, assim como aqueles com contratos nas fases de uso do financiamento ou de car\u00eancia.<\/p>\n<h2>Descontos na renegocia\u00e7\u00e3o<\/h2>\n<p>As condi\u00e7\u00f5es de renegocia\u00e7\u00e3o de d\u00edvidas do Fundo oferecidas variam de acordo com a situa\u00e7\u00e3o de cada contrato de financiamento.\u00a0<\/p>\n<p><strong>Dependendo do perfil da d\u00edvida e da quantidade de dias de inadimpl\u00eancia (atraso no pagamento da parcela), os benef\u00edcios podem ser aplicados tanto para a quita\u00e7\u00e3o \u00e0 vista quanto para o parcelamento, conforme as regras espec\u00edficas de cada faixa de renegocia\u00e7\u00e3o.<\/strong><\/p>\n<p>Os descontos dispon\u00edveis devem ser consultados nos canais oficiais dos dois agentes financeiros oficialmente respons\u00e1veis pelo financiamento.<\/p>\n<p><strong>A renegocia\u00e7\u00e3o somente \u00e9 efetivada ap\u00f3s o pagamento da parcela de entrada. Caso esse pagamento n\u00e3o seja feito, a proposta \u00e9 cancelada.<\/strong><\/p>\n<h2>Como renegociar<\/h2>\n<p>A formaliza\u00e7\u00e3o da\u00a0renegocia\u00e7\u00e3o pode ser feita pelos aplicativos oficiais dos agentes financeiros para dispositivos m\u00f3veis (tablets e smartphones) ou presencialmente em qualquer ag\u00eancia do banco respons\u00e1vel pelo contrato.<\/p>\n<p>Na Caixa Econ\u00f4mica Federal, a renegocia\u00e7\u00e3o est\u00e1 dispon\u00edvel tamb\u00e9m no aplicativo\u00a0Fies\u00a0Caixa. Mas, em situa\u00e7\u00f5es espec\u00edficas, como parcelamentos mais longos que exigem fiador da d\u00edvida, o benefici\u00e1rio\u00a0poder\u00e1 ser orientado a procurar atendimento presencial nas ag\u00eancias do banco p\u00fablico.<\/p>\n<p>No Banco do Brasil, a ades\u00e3o est\u00e1 dispon\u00edvel pelo aplicativo ou em ag\u00eancia, conforme a modalidade escolhida.\u00a0<\/p>\n<p><strong>Ap\u00f3s a formaliza\u00e7\u00e3o da renegocia\u00e7\u00e3o e o pagamento da parcela de entrada, o nome do estudante e dos fiadores ser\u00e1 retirado dos cadastros de inadimplentes, quando aplic\u00e1vel.<\/strong><\/p>\n<h2>Novo Desenrola Brasil<\/h2>\n<p>O prazo para renegocia\u00e7\u00e3o\u00a0das d\u00edvidas considera a vig\u00eancia da <a href=\"https:\/\/www.in.gov.br\/en\/web\/dou\/-\/medida-provisoria-n-1.355-de-4-de-maio-de-2026-703160438\" target=\"_blank\">Medida Provis\u00f3ria n\u00ba 1.355\/2026<\/a>, que institui o Novo Desenrola Brasil, e tamb\u00e9m o calend\u00e1rio legislativo do Congresso Nacional. Esse\u00a0programa \u00e9 voltado \u00e0 renegocia\u00e7\u00e3o e \u00e0 regulariza\u00e7\u00e3o de d\u00edvidas de pessoas f\u00edsicas, com o objetivo de contribuir para a recupera\u00e7\u00e3o da capacidade financeira das fam\u00edlias.\u00a0<\/p>\n","protected":false},"excerpt":{"rendered":"<p>Termina nesta segunda-feira (31) o prazo para renegocia\u00e7\u00e3o de d\u00edvidas do Fundo de Financiamento Estudantil (Fies), com descontos e condi\u00e7\u00f5es facilitadas pelo programa Desenrola Fies 2026. Os ex-estudantes do ensino superior que foram beneficiados pela pol\u00edtica p\u00fablica devem procurar as institui\u00e7\u00f5es financeiras com quem firmaram o contrato: o Banco do Brasil ou a Caixa Econ\u00f4mica [&hellip;]<\/p>\n","protected":false},"author":33,"featured_media":45597,"comment_status":"open","ping_status":"open","sticky":false,"template":"","format":"standard","meta":{"site-sidebar-layout":"default","site-content-layout":"","ast-site-content-layout":"default","site-content-style":"default","site-sidebar-style":"default","ast-global-header-display":"","ast-banner-title-visibility":"","ast-main-header-display":"","ast-hfb-above-header-display":"","ast-hfb-below-header-display":"","ast-hfb-mobile-header-display":"","site-post-title":"","ast-breadcrumbs-content":"","ast-featured-img":"","footer-sml-layout":"","ast-disable-related-posts":"","theme-transparent-header-meta":"","adv-header-id-meta":"","stick-header-meta":"","header-above-stick-meta":"","header-main-stick-meta":"","header-below-stick-meta":"","astra-migrate-meta-layouts":"default","ast-page-background-enabled":"default","ast-page-background-meta":{"desktop":{"background-color":"var(--ast-global-color-4)","background-image":"","background-repeat":"repeat","background-position":"center center","background-size":"auto","background-attachment":"scroll","background-type":"","background-media":"","overlay-type":"","overlay-color":"","overlay-opacity":"","overlay-gradient":""},"tablet":{"background-color":"","background-image":"","background-repeat":"repeat","background-position":"center center","background-size":"auto","background-attachment":"scroll","background-type":"","background-media":"","overlay-type":"","overlay-color":"","overlay-opacity":"","overlay-gradient":""},"mobile":{"background-color":"","background-image":"","background-repeat":"repeat","background-position":"center center","background-size":"auto","background-attachment":"scroll","background-type":"","background-media":"","overlay-type":"","overlay-color":"","overlay-opacity":"","overlay-gradient":""}},"ast-content-background-meta":{"desktop":{"background-color":"var(--ast-global-color-5)","background-image":"","background-repeat":"repeat","background-position":"center center","background-size":"auto","background-attachment":"scroll","background-type":"","background-media":"","overlay-type":"","overlay-color":"","overlay-opacity":"","overlay-gradient":""},"tablet":{"background-color":"var(--ast-global-color-5)","background-image":"","background-repeat":"repeat","background-position":"center center","background-size":"auto","background-attachment":"scroll","background-type":"","background-media":"","overlay-type":"","overlay-color":"","overlay-opacity":"","overlay-gradient":""},"mobile":{"background-color":"var(--ast-global-color-5)","background-image":"","background-repeat":"repeat","background-position":"center center","background-size":"auto","background-attachment":"scroll","background-type":"","background-media":"","overlay-type":"","overlay-color":"","overlay-opacity":"","overlay-gradient":""}},"footnotes":""},"categories":[18],"tags":[],"class_list":["post-45596","post","type-post","status-publish","format-standard","has-post-thumbnail","hentry","category-educacao-e-carreiras"],"_links":{"self":[{"href":"https:\/\/colunadahora.com.br\/index.php?rest_route=\/wp\/v2\/posts\/45596","targetHints":{"allow":["GET"]}}],"collection":[{"href":"https:\/\/colunadahora.com.br\/index.php?rest_route=\/wp\/v2\/posts"}],"about":[{"href":"https:\/\/colunadahora.com.br\/index.php?rest_route=\/wp\/v2\/types\/post"}],"author":[{"embeddable":true,"href":"https:\/\/colunadahora.com.br\/index.php?rest_route=\/wp\/v2\/users\/33"}],"replies":[{"embeddable":true,"href":"https:\/\/colunadahora.com.br\/index.php?rest_route=%2Fwp%2Fv2%2Fcomments&post=45596"}],"version-history":[{"count":0,"href":"https:\/\/colunadahora.com.br\/index.php?rest_route=\/wp\/v2\/posts\/45596\/revisions"}],"wp:featuredmedia":[{"embeddable":true,"href":"https:\/\/colunadahora.com.br\/index.php?rest_route=\/wp\/v2\/media\/45597"}],"wp:attachment":[{"href":"https:\/\/colunadahora.com.br\/index.php?rest_route=%2Fwp%2Fv2%2Fmedia&parent=45596"}],"wp:term":[{"taxonomy":"category","embeddable":true,"href":"https:\/\/colunadahora.com.br\/index.php?rest_route=%2Fwp%2Fv2%2Fcategories&post=45596"},{"taxonomy":"post_tag","embeddable":true,"href":"https:\/\/colunadahora.com.br\/index.php?rest_route=%2Fwp%2Fv2%2Ftags&post=45596"}],"curies":[{"name":"wp","href":"https:\/\/api.w.org\/{rel}","templated":true}]}}