{"id":45594,"date":"2026-08-31T09:18:16","date_gmt":"2026-08-31T12:18:16","guid":{"rendered":"https:\/\/colunadahora.com.br\/?p=45594"},"modified":"2026-08-31T09:18:16","modified_gmt":"2026-08-31T12:18:16","slug":"pe-de-meia-nascidos-em-novembro-e-dezembro-recebem-parcela-de-r-200","status":"publish","type":"post","link":"https:\/\/colunadahora.com.br\/?p=45594","title":{"rendered":"P\u00e9-de-Meia: nascidos em novembro e dezembro recebem parcela de R$ 200"},"content":{"rendered":"<\/p>\n<p><a class=\"\" href=\"https:\/\/agenciabrasil.ebc.com.br\/educacao\/noticia\/2026-08\/pe-de-meia-nascidos-em-novembro-e-dezembro-recebem-parcela-de-r-200\"><br \/>\n                    <img decoding=\"async\" src=\"https:\/\/cdn.jsdelivr.net\/gh\/sergiosdlima\/assets-ebc@1.0.0\/abr\/assets\/images\/logo-agenciabrasil.svg\" alt=\"Logo Ag\u00eancia Brasil\"><br \/>\n\t\t\t\t<\/a><\/p>\n<p>Os benefici\u00e1rios do programa P\u00e9-de-Meia de 2026 que nasceram em novembro e dezembro recebem nesta segunda-feira (31) mais uma parcela do incentivo \u00e0 frequ\u00eancia escolar. Para os estudantes do ensino m\u00e9dio regular, \u00e9 a quinta parcela.<img decoding=\"async\" src=\"https:\/\/agenciabrasil.ebc.com.br\/ebc.png?id=1701060&#038;o=rss\"><img decoding=\"async\" src=\"https:\/\/agenciabrasil.ebc.com.br\/ebc.gif?id=1701060&#038;o=rss\"><\/p>\n<p><strong>Os estudantes do ensino m\u00e9dio da educa\u00e7\u00e3o de jovens e adultos\u00a0(EJA), benefici\u00e1rios do programa, tamb\u00e9m ter\u00e3o depositada hoje\u00a0a\u00a0parcela pela\u00a0aprova\u00e7\u00e3o de ciclos de forma\u00e7\u00e3o e\u00a0conclus\u00e3o dessa etapa final da educa\u00e7\u00e3o b\u00e1sica.<\/strong><\/p>\n<\/p>\n<h3>Not\u00edcias relacionadas:<\/h3>\n<ul>\n<li><a href=\"https:\/\/agenciabrasil.ebc.com.br\/educacao\/noticia\/2026-08\/desenrola-fies-2026-renegociacao-de-dividas-termina-nesta-segunda\">Desenrola Fies 2026: renegocia\u00e7\u00e3o de d\u00edvidas termina nesta segunda.<\/a><\/li>\n<li><a href=\"https:\/\/agenciabrasil.ebc.com.br\/educacao\/noticia\/2026-07\/confira-lista-de-pre-selecionados-para-o-fies-do-2o-semestre\">Confira a lista de pr\u00e9-selecionados para o Fies do 2\u00ba semestre.<\/a><\/li>\n<\/ul>\n<p>Nas duas situa\u00e7\u00f5es, \u00e9 preciso atingir, pelo menos, 80% de frequ\u00eancia nas aulas.<\/p>\n<p>Na modalidade da EJA, os pagamentos do incentivo ocorrem\u00a0de forma diferente\u00a0dos estudantes do ensino m\u00e9dio regular.\u00a0<\/p>\n<p><strong>Enquanto no ensino m\u00e9dio EJA, o estudante recebe at\u00e9 quatro parcelas do incentivo-frequ\u00eancia no valor de R$ 225 cada, totalizando\u00a0at\u00e9\u00a0oito parcelas\u00a0de frequ\u00eancia\u00a0por ano,\u00a0no ensino m\u00e9dio regular\u00a0os estudantes recebem at\u00e9 nove parcelas\u00a0de\u00a0frequ\u00eancia por ano, cada uma no valor de R$ 200.<\/strong><\/p>\n<p>O P\u00e9-de-Meia funciona como uma poupan\u00e7a para incentivar a perman\u00eancia de jovens nos estudos at\u00e9 a conclus\u00e3o do ensino m\u00e9dio.<\/p>\n<h2>Calend\u00e1rio de pagamentos<\/h2>\n<p>De acordo com o <a href=\"https:\/\/www.gov.br\/mec\/pt-br\/pe-de-meia\/calendario-pagamentos\" target=\"_blank\">calend\u00e1rio de pagamentos<\/a> do P\u00e9-de-Meia de 2026, tamb\u00e9m chamado de\u00a0Poupan\u00e7a do Ensino M\u00e9dio, a parcela ser\u00e1 depositada conforme o m\u00eas de nascimento dos estudantes de 14 a 24 anos, que cumprem os requisitos do programa.<\/p>\n<p><strong>Confira o calend\u00e1rio de pagamentos at\u00e9 31 de agosto:<\/strong><\/p>\n<p>\u00b7\u00a0\u00a0\u00a0\u00a0\u00a0\u00a0\u00a0\u00a0 nascidos em janeiro e fevereiro: receberam em 24 de agosto;<\/p>\n<p>\u00b7\u00a0\u00a0\u00a0\u00a0\u00a0\u00a0\u00a0\u00a0 nascidos em mar\u00e7o e abril: receberam em 25 de agosto;<\/p>\n<p>\u00b7\u00a0\u00a0\u00a0\u00a0\u00a0\u00a0\u00a0\u00a0 nascidos em maio e junho: receberam em 26 de agosto;<\/p>\n<p>\u00b7\u00a0\u00a0\u00a0\u00a0\u00a0\u00a0\u00a0\u00a0 nascidos em julho e agosto: receberam em 27 de agosto;<\/p>\n<p>\u00b7\u00a0\u00a0\u00a0\u00a0\u00a0\u00a0\u00a0\u00a0 nascidos em setembro e outubro: receberam em 28 de agosto;<\/p>\n<p>\u00b7\u00a0 \u00a0 \u00a0 \u00a0 \u00a0nascidos em novembro e dezembro: recebem em 31 de agosto.<\/p>\n<p><strong>Nesse per\u00edodo, tamb\u00e9m poder\u00e3o ser liberadas para os estudantes uma ou mais parcelas de matr\u00edcula\u00a0de\u00a02026 e do incentivo-frequ\u00eancia de meses anteriores, caso as redes de ensino corrijam dados que impediam o recebimento.<\/strong><\/p>\n<p>Os beneficiados pela iniciativa federal podem consultar os dados sobre os pagamentos na <a href=\"https:\/\/estudante.pedemeia.mec.gov.br\/\" target=\"_blank\">p\u00e1gina eletr\u00f4nica<\/a> dedicada ao estudante, dentro do <em>site<\/em> do programa P\u00e9-de-Meia. \u00c9 necess\u00e1rio fazer login na conta da plataforma Gov.br<\/p>\n<h2>Quem tem direito<\/h2>\n<p><strong>A participa\u00e7\u00e3o no P\u00e9-de-Meia ocorre de forma autom\u00e1tica para os estudantes que cumprem os requisitos estabelecidos. Entre eles, estar matriculado na rede p\u00fablica de educa\u00e7\u00e3o e com inscri\u00e7\u00f5es ativas no Cadastro \u00danico de Programas Sociais do governo federal (Cad\u00danico).<\/strong><\/p>\n<p>Em 2026, \u00e9 preciso que as fam\u00edlias dos estudantes tenham cadastro ativo no\u202fCad\u00danico at\u00e9 a data-base de 7 de agosto de 2026. A atualiza\u00e7\u00e3o do\u202fCad\u00danico\u202ftem validade de 24 meses.\u202f O Minist\u00e9rio da Educa\u00e7\u00e3o (MEC) \u00e9 o respons\u00e1vel por verificar se o jovem pode participar do programa federal a partir dos dados do Cad\u00danico.<\/p>\n<p>Tamb\u00e9m \u00e9 preciso que a renda familiar seja de at\u00e9 meio sal\u00e1rio m\u00ednimo por pessoa.<\/p>\n<p>Al\u00e9m disso, os alunos precisam ter entre 14 e 24 anos no ensino m\u00e9dio regular ou\u202fentre\u202f19 e 24 anos na educa\u00e7\u00e3o de jovens e adultos.<\/p>\n<p>O estudante deve ter o n\u00famero do Cadastro de Pessoa F\u00edsica (CPF) regular e manter frequ\u00eancia a\u00a0pelo menos 80% nas aulas.\u202f\u202f\u202f<\/p>\n<h2>P\u00e9-de-Meia<\/h2>\n<p><strong>O Minist\u00e9rio da Educa\u00e7\u00e3o estima que, desde 2024, o programa alcan\u00e7ou 6 milh\u00f5es de estudantes em todo o Brasil.<\/strong><\/p>\n<p>Considerando todas as parcelas de incentivo, os dep\u00f3sitos anuais e o adicional de R$ 200 pela participa\u00e7\u00e3o no Exame Nacional do Ensino M\u00e9dio (Enem), os valores do P\u00e9-de-Meia podem chegar a R$ 9,2 mil por aluno.<\/p>\n<p>O estudante pode consultar os status de pagamentos (rejeitados ou aprovados), informa\u00e7\u00f5es escolares e regras do programa na p\u00e1gina eletr\u00f4nica do P\u00e9-de-Meia, com login da plataforma digital Gov.br. \u00c9 preciso digitar a senha da conta.<\/p>\n<h2>D\u00favidas<\/h2>\n<p><strong>Estudantes, respons\u00e1veis e gestores escolares podem tirar d\u00favidas sobre o programa por meio do link de <a href=\"https:\/\/www.gov.br\/mec\/pt-br\/acesso-a-informacao\/perguntas-frequentes\/pe-de-meia\" target=\"_blank\">Perguntas Frequentes<\/a>\u00a0sobre o P\u00e9-de-Meia, que re\u00fane orienta\u00e7\u00f5es detalhadas sobre o funcionamento do programa, incluindo crit\u00e9rios para participar, formas de consultar o benef\u00edcio, calend\u00e1rio de pagamentos\u00a0e passo a passo sobre a libera\u00e7\u00e3o de movimenta\u00e7\u00e3o da conta para menores de idade.<\/strong><\/p>\n<p>Se precisar de ajuda, o estudante ainda conta com outros canais de atendimento, como o Fale Conosco do MEC, no telefone 0800-616161. A liga\u00e7\u00e3o \u00e9 gratuita.<\/p>\n","protected":false},"excerpt":{"rendered":"<p>Os benefici\u00e1rios do programa P\u00e9-de-Meia de 2026 que nasceram em novembro e dezembro recebem nesta segunda-feira (31) mais uma parcela do incentivo \u00e0 frequ\u00eancia escolar. Para os estudantes do ensino m\u00e9dio regular, \u00e9 a quinta parcela. Os estudantes do ensino m\u00e9dio da educa\u00e7\u00e3o de jovens e adultos\u00a0(EJA), benefici\u00e1rios do programa, tamb\u00e9m ter\u00e3o depositada hoje\u00a0a\u00a0parcela pela\u00a0aprova\u00e7\u00e3o [&hellip;]<\/p>\n","protected":false},"author":33,"featured_media":45595,"comment_status":"open","ping_status":"open","sticky":false,"template":"","format":"standard","meta":{"site-sidebar-layout":"default","site-content-layout":"","ast-site-content-layout":"default","site-content-style":"default","site-sidebar-style":"default","ast-global-header-display":"","ast-banner-title-visibility":"","ast-main-header-display":"","ast-hfb-above-header-display":"","ast-hfb-below-header-display":"","ast-hfb-mobile-header-display":"","site-post-title":"","ast-breadcrumbs-content":"","ast-featured-img":"","footer-sml-layout":"","ast-disable-related-posts":"","theme-transparent-header-meta":"","adv-header-id-meta":"","stick-header-meta":"","header-above-stick-meta":"","header-main-stick-meta":"","header-below-stick-meta":"","astra-migrate-meta-layouts":"default","ast-page-background-enabled":"default","ast-page-background-meta":{"desktop":{"background-color":"var(--ast-global-color-4)","background-image":"","background-repeat":"repeat","background-position":"center center","background-size":"auto","background-attachment":"scroll","background-type":"","background-media":"","overlay-type":"","overlay-color":"","overlay-opacity":"","overlay-gradient":""},"tablet":{"background-color":"","background-image":"","background-repeat":"repeat","background-position":"center center","background-size":"auto","background-attachment":"scroll","background-type":"","background-media":"","overlay-type":"","overlay-color":"","overlay-opacity":"","overlay-gradient":""},"mobile":{"background-color":"","background-image":"","background-repeat":"repeat","background-position":"center center","background-size":"auto","background-attachment":"scroll","background-type":"","background-media":"","overlay-type":"","overlay-color":"","overlay-opacity":"","overlay-gradient":""}},"ast-content-background-meta":{"desktop":{"background-color":"var(--ast-global-color-5)","background-image":"","background-repeat":"repeat","background-position":"center center","background-size":"auto","background-attachment":"scroll","background-type":"","background-media":"","overlay-type":"","overlay-color":"","overlay-opacity":"","overlay-gradient":""},"tablet":{"background-color":"var(--ast-global-color-5)","background-image":"","background-repeat":"repeat","background-position":"center center","background-size":"auto","background-attachment":"scroll","background-type":"","background-media":"","overlay-type":"","overlay-color":"","overlay-opacity":"","overlay-gradient":""},"mobile":{"background-color":"var(--ast-global-color-5)","background-image":"","background-repeat":"repeat","background-position":"center center","background-size":"auto","background-attachment":"scroll","background-type":"","background-media":"","overlay-type":"","overlay-color":"","overlay-opacity":"","overlay-gradient":""}},"footnotes":""},"categories":[18],"tags":[],"class_list":["post-45594","post","type-post","status-publish","format-standard","has-post-thumbnail","hentry","category-educacao-e-carreiras"],"_links":{"self":[{"href":"https:\/\/colunadahora.com.br\/index.php?rest_route=\/wp\/v2\/posts\/45594","targetHints":{"allow":["GET"]}}],"collection":[{"href":"https:\/\/colunadahora.com.br\/index.php?rest_route=\/wp\/v2\/posts"}],"about":[{"href":"https:\/\/colunadahora.com.br\/index.php?rest_route=\/wp\/v2\/types\/post"}],"author":[{"embeddable":true,"href":"https:\/\/colunadahora.com.br\/index.php?rest_route=\/wp\/v2\/users\/33"}],"replies":[{"embeddable":true,"href":"https:\/\/colunadahora.com.br\/index.php?rest_route=%2Fwp%2Fv2%2Fcomments&post=45594"}],"version-history":[{"count":0,"href":"https:\/\/colunadahora.com.br\/index.php?rest_route=\/wp\/v2\/posts\/45594\/revisions"}],"wp:featuredmedia":[{"embeddable":true,"href":"https:\/\/colunadahora.com.br\/index.php?rest_route=\/wp\/v2\/media\/45595"}],"wp:attachment":[{"href":"https:\/\/colunadahora.com.br\/index.php?rest_route=%2Fwp%2Fv2%2Fmedia&parent=45594"}],"wp:term":[{"taxonomy":"category","embeddable":true,"href":"https:\/\/colunadahora.com.br\/index.php?rest_route=%2Fwp%2Fv2%2Fcategories&post=45594"},{"taxonomy":"post_tag","embeddable":true,"href":"https:\/\/colunadahora.com.br\/index.php?rest_route=%2Fwp%2Fv2%2Ftags&post=45594"}],"curies":[{"name":"wp","href":"https:\/\/api.w.org\/{rel}","templated":true}]}}