{"id":36806,"date":"2026-05-02T14:23:04","date_gmt":"2026-05-02T17:23:04","guid":{"rendered":"https:\/\/colunadahora.com.br\/?p=36806"},"modified":"2026-05-02T14:23:04","modified_gmt":"2026-05-02T17:23:04","slug":"marinha-alerta-para-mar-com-ressaca-e-ondas-de-3-metros-na-orla-do-rio","status":"publish","type":"post","link":"https:\/\/colunadahora.com.br\/?p=36806","title":{"rendered":"Marinha alerta para mar com ressaca e ondas de 3 metros na orla do Rio"},"content":{"rendered":"<\/p>\n<p><a class=\"\" href=\"https:\/\/agenciabrasil.ebc.com.br\/geral\/noticia\/2026-05\/marinha-alerta-para-mar-com-ressaca-e-ondas-de-3-metros-na-orla-do-rio\"><br \/>\n                    <img decoding=\"async\" src=\"https:\/\/cdn.jsdelivr.net\/gh\/sergiosdlima\/assets-ebc@1.0.0\/abr\/assets\/images\/logo-agenciabrasil.svg\" alt=\"Logo Ag\u00eancia Brasil\"><br \/>\n\t\t\t\t<\/a><\/p>\n<p><strong>A Marinha do Brasil emitiu um alerta de ressaca para a cidade do Rio de Janeiro, com in\u00edcio \u00e0s 18h de domingo (3) e final previsto para as 15h da pr\u00f3xima ter\u00e7a-feira (5).\u00a0<\/strong><img decoding=\"async\" src=\"https:\/\/agenciabrasil.ebc.com.br\/ebc.png?id=1688188&#038;o=rss\"><img decoding=\"async\" src=\"https:\/\/agenciabrasil.ebc.com.br\/ebc.gif?id=1688188&#038;o=rss\"><\/p>\n<p><strong>O aviso cita ondas entre 2,5 metros e 3 metros de altura podem atingir a orla da cidade. <\/strong>As ondas s\u00e3o altas e trazem valas e fortes correntezas.<\/p>\n<\/p>\n<h3>Not\u00edcias relacionadas:<\/h3>\n<ul>\n<li><a href=\"https:\/\/agenciabrasil.ebc.com.br\/cultura\/noticia\/2026-05\/avenida-atlantica-esta-interditada-para-show-de-shakira-no-rio\">Avenida Atl\u00e2ntica est\u00e1 interditada para show de Shakira no Rio.<\/a><\/li>\n<li><a href=\"https:\/\/agenciabrasil.ebc.com.br\/cultura\/noticia\/2026-05\/bombeiros-fazem-ultima-vistoria-em-estruturas-para-show-de-shakira\">Bombeiros fazem \u00faltima vistoria em estruturas para show de Shakira.<\/a><\/li>\n<\/ul>\n<p><strong>Com o <em>show<\/em> da cantora Shakira, na praia de Copacabana, na noite deste s\u00e1bado (2), o Corpo de Bombeiros j\u00e1 est\u00e1 com efetivo refor\u00e7ado na orla.<\/strong><\/p>\n<p>O Corpo de Bombeiros vai atuar com 176 militares em Copacabana.\u00a0O efetivo ser\u00e1 distribu\u00eddo em seis grupos de interven\u00e7\u00e3o r\u00e1pida, sendo quatro terrestres e dois mar\u00edtimos.<\/p>\n<p>A opera\u00e7\u00e3o ter\u00e1 tamb\u00e9m 20 postos de guarda-vidas, com 54 militares ao longo da orla. <strong>Equipes de combate a inc\u00eandios, salvamento, socorro mar\u00edtimo e atendimento pr\u00e9-hospitalar ficar\u00e3o nas \u00e1reas de maior concentra\u00e7\u00e3o de p\u00fablico.<\/strong><\/p>\n<p>A estrutura contar\u00e1 com sete viaturas de salvamento, drones, embarca\u00e7\u00f5es e motocicletas para agilizar o deslocamento das equipes.<\/p>\n<p><strong>M\u00e9dicos em motos aqu\u00e1ticas v\u00e3o refor\u00e7ar a resposta a emerg\u00eancias no mar e na faixa de areia, reduzindo o tempo de atendimento em \u00e1reas de dif\u00edcil acesso.<\/strong><\/p>\n<p>Para a seguran\u00e7a de todos durante o per\u00edodo de ressaca, o Centro de Opera\u00e7\u00f5es Rio (COR-Rio) faz as seguintes orienta\u00e7\u00f5es:<\/p>\n<ul>\n<li>Evite banho de mar e a pr\u00e1tica de esportes aqu\u00e1ticos em \u00e1reas com condi\u00e7\u00f5es de ressaca;<\/li>\n<li>n\u00e3o permane\u00e7a em mirantes na orla ou em locais pr\u00f3ximos ao mar durante o per\u00edodo do aviso;<\/li>\n<li>os frequentadores de praias devem seguir rigorosamente as orienta\u00e7\u00f5es das equipes do Corpo de Bombeiros;<\/li>\n<li>pescadores devem evitar navegar enquanto a ressaca estiver ativa;<\/li>\n<li>evite pedalar de bicicleta na orla se as ondas estiverem alcan\u00e7ando a ciclovia;<\/li>\n<li>em caso de acidentes no mar, n\u00e3o tente resgatar v\u00edtimas por conta pr\u00f3pria. Acione imediatamente o Corpo de Bombeiros pelo telefone 193.<\/li>\n<\/ul>\n<p>\u00a0<\/p>\n","protected":false},"excerpt":{"rendered":"<p>A Marinha do Brasil emitiu um alerta de ressaca para a cidade do Rio de Janeiro, com in\u00edcio \u00e0s 18h de domingo (3) e final previsto para as 15h da pr\u00f3xima ter\u00e7a-feira (5).\u00a0 O aviso cita ondas entre 2,5 metros e 3 metros de altura podem atingir a orla da cidade. As ondas s\u00e3o altas [&hellip;]<\/p>\n","protected":false},"author":1,"featured_media":36807,"comment_status":"open","ping_status":"open","sticky":false,"template":"","format":"standard","meta":{"site-sidebar-layout":"default","site-content-layout":"","ast-site-content-layout":"default","site-content-style":"default","site-sidebar-style":"default","ast-global-header-display":"","ast-banner-title-visibility":"","ast-main-header-display":"","ast-hfb-above-header-display":"","ast-hfb-below-header-display":"","ast-hfb-mobile-header-display":"","site-post-title":"","ast-breadcrumbs-content":"","ast-featured-img":"","footer-sml-layout":"","ast-disable-related-posts":"","theme-transparent-header-meta":"","adv-header-id-meta":"","stick-header-meta":"","header-above-stick-meta":"","header-main-stick-meta":"","header-below-stick-meta":"","astra-migrate-meta-layouts":"default","ast-page-background-enabled":"default","ast-page-background-meta":{"desktop":{"background-color":"var(--ast-global-color-4)","background-image":"","background-repeat":"repeat","background-position":"center center","background-size":"auto","background-attachment":"scroll","background-type":"","background-media":"","overlay-type":"","overlay-color":"","overlay-opacity":"","overlay-gradient":""},"tablet":{"background-color":"","background-image":"","background-repeat":"repeat","background-position":"center center","background-size":"auto","background-attachment":"scroll","background-type":"","background-media":"","overlay-type":"","overlay-color":"","overlay-opacity":"","overlay-gradient":""},"mobile":{"background-color":"","background-image":"","background-repeat":"repeat","background-position":"center center","background-size":"auto","background-attachment":"scroll","background-type":"","background-media":"","overlay-type":"","overlay-color":"","overlay-opacity":"","overlay-gradient":""}},"ast-content-background-meta":{"desktop":{"background-color":"var(--ast-global-color-5)","background-image":"","background-repeat":"repeat","background-position":"center center","background-size":"auto","background-attachment":"scroll","background-type":"","background-media":"","overlay-type":"","overlay-color":"","overlay-opacity":"","overlay-gradient":""},"tablet":{"background-color":"var(--ast-global-color-5)","background-image":"","background-repeat":"repeat","background-position":"center center","background-size":"auto","background-attachment":"scroll","background-type":"","background-media":"","overlay-type":"","overlay-color":"","overlay-opacity":"","overlay-gradient":""},"mobile":{"background-color":"var(--ast-global-color-5)","background-image":"","background-repeat":"repeat","background-position":"center center","background-size":"auto","background-attachment":"scroll","background-type":"","background-media":"","overlay-type":"","overlay-color":"","overlay-opacity":"","overlay-gradient":""}},"footnotes":""},"categories":[1],"tags":[],"class_list":["post-36806","post","type-post","status-publish","format-standard","has-post-thumbnail","hentry","category-sem-categoria"],"_links":{"self":[{"href":"https:\/\/colunadahora.com.br\/index.php?rest_route=\/wp\/v2\/posts\/36806","targetHints":{"allow":["GET"]}}],"collection":[{"href":"https:\/\/colunadahora.com.br\/index.php?rest_route=\/wp\/v2\/posts"}],"about":[{"href":"https:\/\/colunadahora.com.br\/index.php?rest_route=\/wp\/v2\/types\/post"}],"author":[{"embeddable":true,"href":"https:\/\/colunadahora.com.br\/index.php?rest_route=\/wp\/v2\/users\/1"}],"replies":[{"embeddable":true,"href":"https:\/\/colunadahora.com.br\/index.php?rest_route=%2Fwp%2Fv2%2Fcomments&post=36806"}],"version-history":[{"count":0,"href":"https:\/\/colunadahora.com.br\/index.php?rest_route=\/wp\/v2\/posts\/36806\/revisions"}],"wp:featuredmedia":[{"embeddable":true,"href":"https:\/\/colunadahora.com.br\/index.php?rest_route=\/wp\/v2\/media\/36807"}],"wp:attachment":[{"href":"https:\/\/colunadahora.com.br\/index.php?rest_route=%2Fwp%2Fv2%2Fmedia&parent=36806"}],"wp:term":[{"taxonomy":"category","embeddable":true,"href":"https:\/\/colunadahora.com.br\/index.php?rest_route=%2Fwp%2Fv2%2Fcategories&post=36806"},{"taxonomy":"post_tag","embeddable":true,"href":"https:\/\/colunadahora.com.br\/index.php?rest_route=%2Fwp%2Fv2%2Ftags&post=36806"}],"curies":[{"name":"wp","href":"https:\/\/api.w.org\/{rel}","templated":true}]}}