{"id":36796,"date":"2026-05-02T11:19:52","date_gmt":"2026-05-02T14:19:52","guid":{"rendered":"https:\/\/colunadahora.com.br\/?p=36796"},"modified":"2026-05-02T11:19:52","modified_gmt":"2026-05-02T14:19:52","slug":"ministerio-publico-denuncia-marcinho-vp-a-mulher-e-o-filho-oruam","status":"publish","type":"post","link":"https:\/\/colunadahora.com.br\/?p=36796","title":{"rendered":"Minist\u00e9rio P\u00fablico denuncia Marcinho VP, a mulher e o filho Oruam"},"content":{"rendered":"<\/p>\n<p><a class=\"\" href=\"https:\/\/agenciabrasil.ebc.com.br\/justica\/noticia\/2026-05\/ministerio-publico-denuncia-marcinho-vp-mulher-e-o-filho-oruam\"><br \/>\n                    <img decoding=\"async\" src=\"https:\/\/cdn.jsdelivr.net\/gh\/sergiosdlima\/assets-ebc@1.0.0\/abr\/assets\/images\/logo-agenciabrasil.svg\" alt=\"Logo Ag\u00eancia Brasil\"><br \/>\n\t\t\t\t<\/a><\/p>\n<p><strong>O <a href=\"https:\/\/www.mprj.mp.br\/\" target=\"_blank\">Minist\u00e9rio P\u00fablico do Rio de Janeiro (MPRJ)<\/a> denunciou \u00e0 Justi\u00e7a o traficante M\u00e1rcio Santos Nepumuceno, o Marcinho VP, sua mulher, Marcia Gama Nepomuceno, o filho Mauro Nepomuceno, o Oruam, e mais nove pessoas.<\/strong><img decoding=\"async\" src=\"https:\/\/agenciabrasil.ebc.com.br\/ebc.png?id=1688178&#038;o=rss\"><img decoding=\"async\" src=\"https:\/\/agenciabrasil.ebc.com.br\/ebc.gif?id=1688178&#038;o=rss\"><\/p>\n<p>Eles v\u00e3o responder por crimes de organiza\u00e7\u00e3o criminosa e lavagem de dinheiro.\u00a0A Pol\u00edcia Civil <a href=\"https:\/\/agenciabrasil.ebc.com.br\/geral\/noticia\/2026-04\/rapper-oruam-mae-e-o-irmao-sao-procurados-em-operacao-contra-o-cv\" target=\"_blank\">cumpriu\u00a0mandados de pris\u00e3o e busca e apreens\u00e3o<\/a> contra os denunciados esta semana.<\/p>\n<\/p>\n<h3>Not\u00edcias relacionadas:<\/h3>\n<ul>\n<li><a href=\"https:\/\/agenciabrasil.ebc.com.br\/geral\/noticia\/2026-04\/rapper-oruam-mae-e-o-irmao-sao-procurados-em-operacao-contra-o-cv\">Rapper Oruam, a m\u00e3e e o irm\u00e3o s\u00e3o procurados em opera\u00e7\u00e3o contra o CV.<\/a><\/li>\n<li><a href=\"https:\/\/agenciabrasil.ebc.com.br\/geral\/noticia\/2026-02\/oruam-esta-foragido-apos-66-violacoes-tornozeleira-eletronica\">Oruam est\u00e1 foragido ap\u00f3s 66 viola\u00e7\u00f5es \u00e0 tornozeleira eletr\u00f4nica.<\/a><\/li>\n<li><a href=\"https:\/\/agenciabrasil.ebc.com.br\/justica\/noticia\/2026-02\/ministro-do-stj-determina-prisao-do-rapper-oruam\">Ministro do STJ determina pris\u00e3o do rapper Oruam .<\/a><\/li>\n<\/ul>\n<p><strong>A 3\u00aa Promotoria de Investiga\u00e7\u00e3o Penal Especializada descreve a atua\u00e7\u00e3o do grupo no lavagem de dinheiro proveniente do tr\u00e1fico de drogas em comunidades cariocas.\u00a0<\/strong><br \/>\nTamb\u00e9m demonstra que Marcinho VP ainda exerce influ\u00eancia hier\u00e1rquica na fac\u00e7\u00e3o criminosa Comando Vermelho, mesmo estando preso h\u00e1 mais de 20 anos. Ele est\u00e1 no pres\u00eddio federal de seguran\u00e7a m\u00e1xima em Campo Grande (MS).<\/p>\n<p><strong>De acordo com a den\u00fancia, a gestora financeira do grupo \u00e9 Marcia Nepomuceno.<\/strong> As investiga\u00e7\u00f5es apontam que ela recebia regularmente dinheiro em esp\u00e9cie de outros traficantes do Comando Vermelho. Para ocultar o patrim\u00f4nio, Marcia Nepomuceno adquiriu e administrava estabelecimentos comerciais, im\u00f3veis e fazendas.<\/p>\n<p><strong>O Minist\u00e9rio P\u00fablico ressalta que Oruam era benefici\u00e1rio direto<\/strong>, uma vez que recebia dinheiro il\u00edcito e usava a carreira musical para camuflar a origem do dinheiro obtido nas atividades criminosas da organiza\u00e7\u00e3o.<\/p>\n<p><strong>A den\u00fancia estruturou a organiza\u00e7\u00e3o criminosa em quatro n\u00facleos:\u00a0<\/strong><\/p>\n<ul>\n<li>o de lideran\u00e7a encarcerada (Marcinho VP), que exerce controle direto sobre a movimenta\u00e7\u00e3o de recursos e toma decis\u00f5es estrat\u00e9gicas;\u00a0<\/li>\n<li>o n\u00facleo familiar (Marcia e\u00a0Oruam), respons\u00e1vel por intermediar a execu\u00e7\u00e3o das ordens e a gest\u00e3o de ativos;\u00a0<\/li>\n<li>o n\u00facleo de suporte operacional, que presta suporte \u00e0 lavagem de dinheiro e atua para\u00a0camuflar o cresceimento\u00a0patrimonial;\u00a0<\/li>\n<li>e o n\u00facleo de lideran\u00e7a operacional, atuante nas comunidades na execu\u00e7\u00e3o das pr\u00e1ticas criminosas, como tr\u00e1fico de drogas, sendo respons\u00e1veis por receber valores dessas atividades e repassar parte ao n\u00facleo familiar.<br \/>\n\t\u00a0<\/li>\n<\/ul>\n","protected":false},"excerpt":{"rendered":"<p>O Minist\u00e9rio P\u00fablico do Rio de Janeiro (MPRJ) denunciou \u00e0 Justi\u00e7a o traficante M\u00e1rcio Santos Nepumuceno, o Marcinho VP, sua mulher, Marcia Gama Nepomuceno, o filho Mauro Nepomuceno, o Oruam, e mais nove pessoas. Eles v\u00e3o responder por crimes de organiza\u00e7\u00e3o criminosa e lavagem de dinheiro.\u00a0A Pol\u00edcia Civil cumpriu\u00a0mandados de pris\u00e3o e busca e apreens\u00e3o [&hellip;]<\/p>\n","protected":false},"author":31,"featured_media":36797,"comment_status":"open","ping_status":"open","sticky":false,"template":"","format":"standard","meta":{"site-sidebar-layout":"default","site-content-layout":"","ast-site-content-layout":"default","site-content-style":"default","site-sidebar-style":"default","ast-global-header-display":"","ast-banner-title-visibility":"","ast-main-header-display":"","ast-hfb-above-header-display":"","ast-hfb-below-header-display":"","ast-hfb-mobile-header-display":"","site-post-title":"","ast-breadcrumbs-content":"","ast-featured-img":"","footer-sml-layout":"","ast-disable-related-posts":"","theme-transparent-header-meta":"","adv-header-id-meta":"","stick-header-meta":"","header-above-stick-meta":"","header-main-stick-meta":"","header-below-stick-meta":"","astra-migrate-meta-layouts":"default","ast-page-background-enabled":"default","ast-page-background-meta":{"desktop":{"background-color":"var(--ast-global-color-4)","background-image":"","background-repeat":"repeat","background-position":"center center","background-size":"auto","background-attachment":"scroll","background-type":"","background-media":"","overlay-type":"","overlay-color":"","overlay-opacity":"","overlay-gradient":""},"tablet":{"background-color":"","background-image":"","background-repeat":"repeat","background-position":"center center","background-size":"auto","background-attachment":"scroll","background-type":"","background-media":"","overlay-type":"","overlay-color":"","overlay-opacity":"","overlay-gradient":""},"mobile":{"background-color":"","background-image":"","background-repeat":"repeat","background-position":"center center","background-size":"auto","background-attachment":"scroll","background-type":"","background-media":"","overlay-type":"","overlay-color":"","overlay-opacity":"","overlay-gradient":""}},"ast-content-background-meta":{"desktop":{"background-color":"var(--ast-global-color-5)","background-image":"","background-repeat":"repeat","background-position":"center center","background-size":"auto","background-attachment":"scroll","background-type":"","background-media":"","overlay-type":"","overlay-color":"","overlay-opacity":"","overlay-gradient":""},"tablet":{"background-color":"var(--ast-global-color-5)","background-image":"","background-repeat":"repeat","background-position":"center center","background-size":"auto","background-attachment":"scroll","background-type":"","background-media":"","overlay-type":"","overlay-color":"","overlay-opacity":"","overlay-gradient":""},"mobile":{"background-color":"var(--ast-global-color-5)","background-image":"","background-repeat":"repeat","background-position":"center center","background-size":"auto","background-attachment":"scroll","background-type":"","background-media":"","overlay-type":"","overlay-color":"","overlay-opacity":"","overlay-gradient":""}},"footnotes":""},"categories":[3],"tags":[],"class_list":["post-36796","post","type-post","status-publish","format-standard","has-post-thumbnail","hentry","category-seguranca-e-justica"],"_links":{"self":[{"href":"https:\/\/colunadahora.com.br\/index.php?rest_route=\/wp\/v2\/posts\/36796","targetHints":{"allow":["GET"]}}],"collection":[{"href":"https:\/\/colunadahora.com.br\/index.php?rest_route=\/wp\/v2\/posts"}],"about":[{"href":"https:\/\/colunadahora.com.br\/index.php?rest_route=\/wp\/v2\/types\/post"}],"author":[{"embeddable":true,"href":"https:\/\/colunadahora.com.br\/index.php?rest_route=\/wp\/v2\/users\/31"}],"replies":[{"embeddable":true,"href":"https:\/\/colunadahora.com.br\/index.php?rest_route=%2Fwp%2Fv2%2Fcomments&post=36796"}],"version-history":[{"count":0,"href":"https:\/\/colunadahora.com.br\/index.php?rest_route=\/wp\/v2\/posts\/36796\/revisions"}],"wp:featuredmedia":[{"embeddable":true,"href":"https:\/\/colunadahora.com.br\/index.php?rest_route=\/wp\/v2\/media\/36797"}],"wp:attachment":[{"href":"https:\/\/colunadahora.com.br\/index.php?rest_route=%2Fwp%2Fv2%2Fmedia&parent=36796"}],"wp:term":[{"taxonomy":"category","embeddable":true,"href":"https:\/\/colunadahora.com.br\/index.php?rest_route=%2Fwp%2Fv2%2Fcategories&post=36796"},{"taxonomy":"post_tag","embeddable":true,"href":"https:\/\/colunadahora.com.br\/index.php?rest_route=%2Fwp%2Fv2%2Ftags&post=36796"}],"curies":[{"name":"wp","href":"https:\/\/api.w.org\/{rel}","templated":true}]}}