{"id":36794,"date":"2026-05-02T10:21:55","date_gmt":"2026-05-02T13:21:55","guid":{"rendered":"https:\/\/colunadahora.com.br\/?p=36794"},"modified":"2026-05-02T10:21:55","modified_gmt":"2026-05-02T13:21:55","slug":"tempestades-em-pe-deixam-quatro-mortos-e-mais-de-mil-desalojados","status":"publish","type":"post","link":"https:\/\/colunadahora.com.br\/?p=36794","title":{"rendered":"Tempestades em PE deixam quatro mortos e mais de mil desalojados"},"content":{"rendered":"<\/p>\n<p><a class=\"\" href=\"https:\/\/agenciabrasil.ebc.com.br\/geral\/noticia\/2026-05\/tempestades-em-pe-deixam-quatro-mortos-e-mais-de-mil-desalojados\"><br \/>\n                    <img decoding=\"async\" src=\"https:\/\/cdn.jsdelivr.net\/gh\/sergiosdlima\/assets-ebc@1.0.0\/abr\/assets\/images\/logo-agenciabrasil.svg\" alt=\"Logo Ag\u00eancia Brasil\"><br \/>\n\t\t\t\t<\/a><\/p>\n<p><strong>Quatro pessoas morreram em decorr\u00eancia das tempestades que atingem o estado de Pernambuco. <\/strong>De acordo com o <a href=\"https:\/\/www.defesacivil.pe.gov.br\/\" target=\"_blank\">governo do estado<\/a>, uma mulher e o filho, de 6 anos, foram soterrados na regi\u00e3o metropolitana do Recife. Em Olinda, uma m\u00e3e e seu beb\u00ea tamb\u00e9m vieram a \u00f3bito em um deslizamento de barreira.<img decoding=\"async\" src=\"https:\/\/agenciabrasil.ebc.com.br\/ebc.png?id=1688176&#038;o=rss\"><img decoding=\"async\" src=\"https:\/\/agenciabrasil.ebc.com.br\/ebc.gif?id=1688176&#038;o=rss\"><\/p>\n<p>At\u00e9 o momento, <strong>a <a href=\"https:\/\/www.defesacivil.pe.gov.br\/\" target=\"_blank\">Defesa Civil de Pernambuco <\/a>registra um total de 422 pessoas desabrigadas e 1.068 pessoas desalojadas. Al\u00e9m disso, 342 v\u00edtimas foram resgatadas<\/strong>.<\/p>\n<\/p>\n<h3>Not\u00edcias relacionadas:<\/h3>\n<ul>\n<li><a href=\"https:\/\/agenciabrasil.ebc.com.br\/politica\/noticia\/2026-05\/chuvas-governo-envia-defesa-civil-para-pernambuco-e-paraiba\">Chuvas: Governo envia Defesa Civil para Pernambuco e Para\u00edba .<\/a><\/li>\n<li><a href=\"https:\/\/agenciabrasil.ebc.com.br\/politica\/noticia\/2026-05\/lula-determina-apoio-federal-para-cidades-atingidas-por-chuvas-em-pe\">Lula determina apoio federal para cidades atingidas por chuvas em PE.<\/a><\/li>\n<\/ul>\n<p>O \u00f3rg\u00e3o tamb\u00e9m informa que tem oferecido servi\u00e7os emergenciais e j\u00e1 entregou materiais de ajuda humanit\u00e1ria: 150 colch\u00f5es, 300 len\u00e7\u00f3is e 38 kits de limpeza, ao munic\u00edpio de Goiana.<\/p>\n<div class=\"dnd-widget-wrapper context-medio_4colunas type-image atom-align-left\">\n<div class=\"dnd-atom-rendered\"><!-- scald=461469:medio_4colunas {\"additionalClasses\":\"\"} --><br \/>\n            <img decoding=\"async\" src=\"https:\/\/agenciabrasil.ebc.com.br\/sites\/default\/files\/thumbnails\/image\/loading_v2.gif\" data-echo=\"https:\/\/imagens.ebc.com.br\/ls3wTHzyFLczcg8IUAkh1v_Ec9A=\/365x0\/smart\/https:\/\/agenciabrasil.ebc.com.br\/sites\/default\/files\/thumbnails\/image\/2026\/05\/02\/chuvas_em_pernambuco02.jpg?itok=tlrAz-EN\" alt=\"Bras\u00edlia (DF), 02\/05\/2026 - O Governo do Estado segue atuando sem pausa nas regi\u00f5es mais afetadas pelas fortes chuvas que atingem boa parte de Pernambuco.\nFoto: Defesa Civil-PE\" title=\"Defesa Civil-PE\"><br \/>\n        <noscript><img decoding=\"async\" src=\"https:\/\/imagens.ebc.com.br\/ls3wTHzyFLczcg8IUAkh1v_Ec9A=\/365x0\/smart\/https:\/\/agenciabrasil.ebc.com.br\/sites\/default\/files\/thumbnails\/image\/2026\/05\/02\/chuvas_em_pernambuco02.jpg?itok=tlrAz-EN\" alt=\"Bras\u00edlia (DF), 02\/05\/2026 - O Governo do Estado segue atuando sem pausa nas regi\u00f5es mais afetadas pelas fortes chuvas que atingem boa parte de Pernambuco.\nFoto: Defesa Civil-PE\" title=\"Defesa Civil-PE\"><\/noscript><br \/>\n    <!-- END scald=461469 --><\/div>\n<div class=\"dnd-caption-wrapper\">\n<div class=\"meta\"><!--copyright=461469-->No total,\u00a0342 v\u00edtimas foram resgatadas em Pernambuco\u00a0<strong>Defesa Civil-PE<\/strong><!--END copyright=461469--><\/div>\n<\/div>\n<\/div>\n<p>O governo federal, via Minist\u00e9rio da Integra\u00e7\u00e3o e do Desenvolvimento Regional (MIDR), j\u00e1<a href=\"https:\/\/agenciabrasil.ebc.com.br\/politica\/noticia\/2026-05\/chuvas-governo-envia-defesa-civil-para-pernambuco-e-paraiba\" target=\"_blank\"> reconheceu a situa\u00e7\u00e3o de emerg\u00eancia<\/a> e mobilizou equipes da Defesa Civil Nacional para dar suporte t\u00e9cnico \u00e0 regi\u00e3o atingidas pelos temporais.<\/p>\n<p>A pasta informou que, al\u00e9m de Pernambuco, o governo vai apoiar o estado da\u00a0Para\u00edba, que tamb\u00e9m tem sofrido com os temporais nas \u00faltimas 48 horas.<\/p>\n<h2>Como agir\u00a0<\/h2>\n<p>Em per\u00edodos de chuva forte, os \u00f3rg\u00e3os de defesa civil orientam a evitar \u00e1reas de risco como encostas, barreiras, margens de rios ou locais com hist\u00f3rico de deslizamentos. Assim como regi\u00f5es alagadas, que n\u00e3o devem ser atravessadas a p\u00e9 ou de carro.<\/p>\n<p>Em situa\u00e7\u00f5es de risco, deve-se\u00a0procurar abrigo seguro fora das \u00e1reas comprometidas ou buscar\u00a0abrigo indicado pela Defesa Civil do munic\u00edpio.<\/p>\n<p>Durante as tempestades com rel\u00e2mpagos, \u00e1reas abertas devem ser evitadas.<\/p>\n<p><strong>A popula\u00e7\u00e3o tamb\u00e9m pode solicitar ajuda por meio dos seguintes telefones \u00fateis:<\/strong><\/p>\n<ul>\n<li>Defesa Civil: 199<\/li>\n<li>Bombeiro Militar: 193<\/li>\n<li>SAMU: 192<\/li>\n<li>Pol\u00edcia Militar: 190<\/li>\n<\/ul>\n<h2>Alertas<\/h2>\n<p><strong>O cidad\u00e3o pode se cadastrar para receber alertas da Defesa Civil local<\/strong>, sobre a possibilidade de ocorr\u00eancia de desastres e de eventos adversos, acompanhados de recomenda\u00e7\u00f5es ou a\u00e7\u00f5es emergenciais para a popula\u00e7\u00e3o em situa\u00e7\u00e3o de risco.<\/p>\n<p><strong>Por meio do WhatsApp (61) 2034-4611 ou pelo <a href=\"https:\/\/wa.me\/556120344611\" target=\"_blank\">link<\/a>, o\u00a0acesso ao servi\u00e7o \u00e9 gratuito e\u00a0ocorre imediatamente, ap\u00f3s\u00a0o cadastro do telefone. <\/strong>Em seguida, \u00e9 preciso interagir com o chatbot (rob\u00f4 de atendimento), enviando um simples &#8220;Oi&#8221;. O usu\u00e1rio poder\u00e1 compartilhar a localiza\u00e7\u00e3o atual para receber as mensagens direcionadas \u00e0 regi\u00e3o.<\/p>\n<p>As\u00a0informa\u00e7\u00f5es podem ajudar tomar decis\u00f5es com anteced\u00eancia.<\/p>\n","protected":false},"excerpt":{"rendered":"<p>Quatro pessoas morreram em decorr\u00eancia das tempestades que atingem o estado de Pernambuco. De acordo com o governo do estado, uma mulher e o filho, de 6 anos, foram soterrados na regi\u00e3o metropolitana do Recife. Em Olinda, uma m\u00e3e e seu beb\u00ea tamb\u00e9m vieram a \u00f3bito em um deslizamento de barreira. At\u00e9 o momento, a [&hellip;]<\/p>\n","protected":false},"author":33,"featured_media":36795,"comment_status":"open","ping_status":"open","sticky":false,"template":"","format":"standard","meta":{"site-sidebar-layout":"default","site-content-layout":"","ast-site-content-layout":"default","site-content-style":"default","site-sidebar-style":"default","ast-global-header-display":"","ast-banner-title-visibility":"","ast-main-header-display":"","ast-hfb-above-header-display":"","ast-hfb-below-header-display":"","ast-hfb-mobile-header-display":"","site-post-title":"","ast-breadcrumbs-content":"","ast-featured-img":"","footer-sml-layout":"","ast-disable-related-posts":"","theme-transparent-header-meta":"","adv-header-id-meta":"","stick-header-meta":"","header-above-stick-meta":"","header-main-stick-meta":"","header-below-stick-meta":"","astra-migrate-meta-layouts":"default","ast-page-background-enabled":"default","ast-page-background-meta":{"desktop":{"background-color":"var(--ast-global-color-4)","background-image":"","background-repeat":"repeat","background-position":"center center","background-size":"auto","background-attachment":"scroll","background-type":"","background-media":"","overlay-type":"","overlay-color":"","overlay-opacity":"","overlay-gradient":""},"tablet":{"background-color":"","background-image":"","background-repeat":"repeat","background-position":"center center","background-size":"auto","background-attachment":"scroll","background-type":"","background-media":"","overlay-type":"","overlay-color":"","overlay-opacity":"","overlay-gradient":""},"mobile":{"background-color":"","background-image":"","background-repeat":"repeat","background-position":"center center","background-size":"auto","background-attachment":"scroll","background-type":"","background-media":"","overlay-type":"","overlay-color":"","overlay-opacity":"","overlay-gradient":""}},"ast-content-background-meta":{"desktop":{"background-color":"var(--ast-global-color-5)","background-image":"","background-repeat":"repeat","background-position":"center center","background-size":"auto","background-attachment":"scroll","background-type":"","background-media":"","overlay-type":"","overlay-color":"","overlay-opacity":"","overlay-gradient":""},"tablet":{"background-color":"var(--ast-global-color-5)","background-image":"","background-repeat":"repeat","background-position":"center center","background-size":"auto","background-attachment":"scroll","background-type":"","background-media":"","overlay-type":"","overlay-color":"","overlay-opacity":"","overlay-gradient":""},"mobile":{"background-color":"var(--ast-global-color-5)","background-image":"","background-repeat":"repeat","background-position":"center center","background-size":"auto","background-attachment":"scroll","background-type":"","background-media":"","overlay-type":"","overlay-color":"","overlay-opacity":"","overlay-gradient":""}},"footnotes":""},"categories":[1],"tags":[],"class_list":["post-36794","post","type-post","status-publish","format-standard","has-post-thumbnail","hentry","category-sem-categoria"],"_links":{"self":[{"href":"https:\/\/colunadahora.com.br\/index.php?rest_route=\/wp\/v2\/posts\/36794","targetHints":{"allow":["GET"]}}],"collection":[{"href":"https:\/\/colunadahora.com.br\/index.php?rest_route=\/wp\/v2\/posts"}],"about":[{"href":"https:\/\/colunadahora.com.br\/index.php?rest_route=\/wp\/v2\/types\/post"}],"author":[{"embeddable":true,"href":"https:\/\/colunadahora.com.br\/index.php?rest_route=\/wp\/v2\/users\/33"}],"replies":[{"embeddable":true,"href":"https:\/\/colunadahora.com.br\/index.php?rest_route=%2Fwp%2Fv2%2Fcomments&post=36794"}],"version-history":[{"count":0,"href":"https:\/\/colunadahora.com.br\/index.php?rest_route=\/wp\/v2\/posts\/36794\/revisions"}],"wp:featuredmedia":[{"embeddable":true,"href":"https:\/\/colunadahora.com.br\/index.php?rest_route=\/wp\/v2\/media\/36795"}],"wp:attachment":[{"href":"https:\/\/colunadahora.com.br\/index.php?rest_route=%2Fwp%2Fv2%2Fmedia&parent=36794"}],"wp:term":[{"taxonomy":"category","embeddable":true,"href":"https:\/\/colunadahora.com.br\/index.php?rest_route=%2Fwp%2Fv2%2Fcategories&post=36794"},{"taxonomy":"post_tag","embeddable":true,"href":"https:\/\/colunadahora.com.br\/index.php?rest_route=%2Fwp%2Fv2%2Ftags&post=36794"}],"curies":[{"name":"wp","href":"https:\/\/api.w.org\/{rel}","templated":true}]}}