{"id":36768,"date":"2026-05-01T15:22:57","date_gmt":"2026-05-01T18:22:57","guid":{"rendered":"https:\/\/colunadahora.com.br\/?p=36768"},"modified":"2026-05-01T15:22:57","modified_gmt":"2026-05-01T18:22:57","slug":"cirurgia-no-ombro-de-bolsonaro-ocorreu-sem-intercorrencias-diz-equipe","status":"publish","type":"post","link":"https:\/\/colunadahora.com.br\/?p=36768","title":{"rendered":"Cirurgia no ombro de Bolsonaro ocorreu sem intercorr\u00eancias, diz equipe"},"content":{"rendered":"<\/p>\n<p><a class=\"\" href=\"https:\/\/agenciabrasil.ebc.com.br\/politica\/noticia\/2026-05\/cirurgia-no-ombro-de-bolsonaro-ocorreu-sem-intercorrencias-diz-equipe\"><br \/>\n                    <img decoding=\"async\" src=\"https:\/\/cdn.jsdelivr.net\/gh\/sergiosdlima\/assets-ebc@1.0.0\/abr\/assets\/images\/logo-agenciabrasil.svg\" alt=\"Logo Ag\u00eancia Brasil\"><br \/>\n\t\t\t\t<\/a><\/p>\n<p><strong>Ap\u00f3s passar por uma cirurgia no ombro, o ex-presidente Jair Bolsonaro est\u00e1 em observa\u00e7\u00e3o na unidade de terapia intensiva. Bolsonaro foi internado na manh\u00e3 desta sexta-feira (1\u00ba), no hospital DF Star, em Bras\u00edlia, para realizar o procedimento.\u00a0<\/strong><img decoding=\"async\" src=\"https:\/\/agenciabrasil.ebc.com.br\/ebc.png?id=1688113&#038;o=rss\"><img decoding=\"async\" src=\"https:\/\/agenciabrasil.ebc.com.br\/ebc.gif?id=1688113&#038;o=rss\"><\/p>\n<p>No boletim m\u00e9dico divulgado por volta das 14h, a equipe m\u00e9dica informou que Bolsonaro foi submetido a cirurgia de reparo artrosc\u00f3pico do manguito rotador \u00e0 direita. <strong>A opera\u00e7\u00e3o ocorreu sem intercorr\u00eancias.<\/strong><\/p>\n<blockquote>\n<h3>Not\u00edcias relacionadas:<\/h3>\n<ul>\n<li><a href=\"https:\/\/agenciabrasil.ebc.com.br\/politica\/noticia\/2026-05\/bolsonaro-e-internado-para-cirurgia-no-ombro-em-brasilia\">Bolsonaro \u00e9 internado para cirurgia no ombro em Bras\u00edlia.<\/a><\/li>\n<li><a href=\"https:\/\/agenciabrasil.ebc.com.br\/justica\/noticia\/2026-04\/pgr-da-aval-para-bolsonaro-fazer-cirurgia-no-ombro\">PGR d\u00e1 aval para Bolsonaro fazer cirurgia no ombro.<\/a><\/li>\n<\/ul>\n<p>\u201cNo momento, encontra-se internado em unidade de interna\u00e7\u00e3o para controle de dor e observa\u00e7\u00e3o cl\u00ednica&#8221; diz o boletim.\n<\/p><\/blockquote>\n<p>A equipe m\u00e9dica que acompanha o ex-presidente \u00e9 formada pelo ortopedista Alexandre Firmino Paniago &#8211; cirurgi\u00e3o de ombro; Claudio Birolini &#8211; cirurgi\u00e3o geral; Leandro Echenique e Brasil Caiado &#8211; cardiologistas e Allisson B. Barcelos Borges &#8211; diretor geral do hospital.<\/p>\n<p><strong>A autoriza\u00e7\u00e3o da cirurgia foi concedida pelo ministro Alexandre de Moraes, do Supremo Tribunal Federal (STF), ap\u00f3s uma <a href=\"https:\/\/agenciabrasil.ebc.com.br\/justica\/noticia\/2026-04\/pgr-da-aval-para-bolsonaro-fazer-cirurgia-no-ombro\">manifesta\u00e7\u00e3o favor\u00e1vel<\/a> do procurador-geral da Rep\u00fablica, Paulo Gonet.<\/strong><\/p>\n<p>Os exames e o relat\u00f3rio fisioterap\u00eautico anexados ao processo indicavam a necessidade da cirurgia para repara\u00e7\u00e3o de les\u00f5es na regi\u00e3o do ombro.<\/p>\n<p>Por decis\u00e3o do ministro, de 24 de mar\u00e7o, Bolsonaro est\u00e1 em pris\u00e3o domiciliar humanit\u00e1ria, ap\u00f3s deixar o mesmo hospital privado da capital federal, onde esteve internado para tratar um quadro de pneumonia bacteriana.<\/p>\n<p>O ex-presidente <a href=\"https:\/\/agenciabrasil.ebc.com.br\/justica\/noticia\/2025-09\/stf-condena-bolsonaro-27-anos-e-tres-meses-de-prisao\">foi condenado<\/a> pela Primeira Turma do Supremo Tribunal Federal (STF), em setembro de 2025, a 27 anos e 3 meses de pris\u00e3o na a\u00e7\u00e3o penal da trama golpista.<\/p>\n","protected":false},"excerpt":{"rendered":"<p>Ap\u00f3s passar por uma cirurgia no ombro, o ex-presidente Jair Bolsonaro est\u00e1 em observa\u00e7\u00e3o na unidade de terapia intensiva. Bolsonaro foi internado na manh\u00e3 desta sexta-feira (1\u00ba), no hospital DF Star, em Bras\u00edlia, para realizar o procedimento.\u00a0 No boletim m\u00e9dico divulgado por volta das 14h, a equipe m\u00e9dica informou que Bolsonaro foi submetido a cirurgia [&hellip;]<\/p>\n","protected":false},"author":19,"featured_media":36769,"comment_status":"open","ping_status":"open","sticky":false,"template":"","format":"standard","meta":{"site-sidebar-layout":"default","site-content-layout":"","ast-site-content-layout":"default","site-content-style":"default","site-sidebar-style":"default","ast-global-header-display":"","ast-banner-title-visibility":"","ast-main-header-display":"","ast-hfb-above-header-display":"","ast-hfb-below-header-display":"","ast-hfb-mobile-header-display":"","site-post-title":"","ast-breadcrumbs-content":"","ast-featured-img":"","footer-sml-layout":"","ast-disable-related-posts":"","theme-transparent-header-meta":"","adv-header-id-meta":"","stick-header-meta":"","header-above-stick-meta":"","header-main-stick-meta":"","header-below-stick-meta":"","astra-migrate-meta-layouts":"default","ast-page-background-enabled":"default","ast-page-background-meta":{"desktop":{"background-color":"var(--ast-global-color-4)","background-image":"","background-repeat":"repeat","background-position":"center center","background-size":"auto","background-attachment":"scroll","background-type":"","background-media":"","overlay-type":"","overlay-color":"","overlay-opacity":"","overlay-gradient":""},"tablet":{"background-color":"","background-image":"","background-repeat":"repeat","background-position":"center center","background-size":"auto","background-attachment":"scroll","background-type":"","background-media":"","overlay-type":"","overlay-color":"","overlay-opacity":"","overlay-gradient":""},"mobile":{"background-color":"","background-image":"","background-repeat":"repeat","background-position":"center center","background-size":"auto","background-attachment":"scroll","background-type":"","background-media":"","overlay-type":"","overlay-color":"","overlay-opacity":"","overlay-gradient":""}},"ast-content-background-meta":{"desktop":{"background-color":"var(--ast-global-color-5)","background-image":"","background-repeat":"repeat","background-position":"center center","background-size":"auto","background-attachment":"scroll","background-type":"","background-media":"","overlay-type":"","overlay-color":"","overlay-opacity":"","overlay-gradient":""},"tablet":{"background-color":"var(--ast-global-color-5)","background-image":"","background-repeat":"repeat","background-position":"center center","background-size":"auto","background-attachment":"scroll","background-type":"","background-media":"","overlay-type":"","overlay-color":"","overlay-opacity":"","overlay-gradient":""},"mobile":{"background-color":"var(--ast-global-color-5)","background-image":"","background-repeat":"repeat","background-position":"center center","background-size":"auto","background-attachment":"scroll","background-type":"","background-media":"","overlay-type":"","overlay-color":"","overlay-opacity":"","overlay-gradient":""}},"footnotes":""},"categories":[4],"tags":[],"class_list":["post-36768","post","type-post","status-publish","format-standard","has-post-thumbnail","hentry","category-politica"],"_links":{"self":[{"href":"https:\/\/colunadahora.com.br\/index.php?rest_route=\/wp\/v2\/posts\/36768","targetHints":{"allow":["GET"]}}],"collection":[{"href":"https:\/\/colunadahora.com.br\/index.php?rest_route=\/wp\/v2\/posts"}],"about":[{"href":"https:\/\/colunadahora.com.br\/index.php?rest_route=\/wp\/v2\/types\/post"}],"author":[{"embeddable":true,"href":"https:\/\/colunadahora.com.br\/index.php?rest_route=\/wp\/v2\/users\/19"}],"replies":[{"embeddable":true,"href":"https:\/\/colunadahora.com.br\/index.php?rest_route=%2Fwp%2Fv2%2Fcomments&post=36768"}],"version-history":[{"count":0,"href":"https:\/\/colunadahora.com.br\/index.php?rest_route=\/wp\/v2\/posts\/36768\/revisions"}],"wp:featuredmedia":[{"embeddable":true,"href":"https:\/\/colunadahora.com.br\/index.php?rest_route=\/wp\/v2\/media\/36769"}],"wp:attachment":[{"href":"https:\/\/colunadahora.com.br\/index.php?rest_route=%2Fwp%2Fv2%2Fmedia&parent=36768"}],"wp:term":[{"taxonomy":"category","embeddable":true,"href":"https:\/\/colunadahora.com.br\/index.php?rest_route=%2Fwp%2Fv2%2Fcategories&post=36768"},{"taxonomy":"post_tag","embeddable":true,"href":"https:\/\/colunadahora.com.br\/index.php?rest_route=%2Fwp%2Fv2%2Ftags&post=36768"}],"curies":[{"name":"wp","href":"https:\/\/api.w.org\/{rel}","templated":true}]}}