{"id":36748,"date":"2026-05-01T08:18:12","date_gmt":"2026-05-01T11:18:12","guid":{"rendered":"https:\/\/colunadahora.com.br\/?p=36748"},"modified":"2026-05-01T08:18:12","modified_gmt":"2026-05-01T11:18:12","slug":"com-fim-da-escala-6x1-mulher-tem-mais-acesso-a-trabalho-diz-ministra","status":"publish","type":"post","link":"https:\/\/colunadahora.com.br\/?p=36748","title":{"rendered":"Com fim da escala 6&#215;1, mulher tem mais acesso a trabalho, diz ministra"},"content":{"rendered":"<\/p>\n<p><a class=\"\" href=\"https:\/\/agenciabrasil.ebc.com.br\/economia\/noticia\/2026-04\/com-fim-da-escala-6x1-mulher-tem-mais-acesso-trabalho-diz-ministra\"><br \/>\n                    <img decoding=\"async\" src=\"https:\/\/cdn.jsdelivr.net\/gh\/sergiosdlima\/assets-ebc@1.0.0\/abr\/assets\/images\/logo-agenciabrasil.svg\" alt=\"Logo Ag\u00eancia Brasil\"><br \/>\n\t\t\t\t<\/a><\/p>\n<p><strong>A ministra das Mulheres, M\u00e1rcia Lopes, considera que o fim da escala de trabalho de apenas uma folga na semana, chamada de 6&#215;1, \u00e9 uma \u201cexig\u00eancia do nosso tempo\u201d e que vai permitir que as mulheres tenham mais acesso ao mercado de trabalho.<\/strong><img decoding=\"async\" src=\"https:\/\/agenciabrasil.ebc.com.br\/ebc.png?id=1687996&#038;o=rss\"><img decoding=\"async\" src=\"https:\/\/agenciabrasil.ebc.com.br\/ebc.gif?id=1687996&#038;o=rss\"><\/p>\n<blockquote>\n<p>\u201cElas v\u00e3o cuidar melhor da sa\u00fade, das rela\u00e7\u00f5es familiares, territoriais. Eu n\u00e3o tenho d\u00favida que \u00e9 uma exig\u00eancia do nosso tempo o fim da escala 6&#215;1\u201d, disse.<\/p>\n<\/blockquote>\n<h3>Not\u00edcias relacionadas:<\/h3>\n<ul>\n<li><a href=\"https:\/\/agenciabrasil.ebc.com.br\/politica\/noticia\/2026-04\/camara-instala-comissao-para-analisar-pec-do-fim-da-escala-6x1\">C\u00e2mara instala comiss\u00e3o para analisar PEC do fim da escala 6X1.<\/a><\/li>\n<li><a href=\"https:\/\/agenciabrasil.ebc.com.br\/politica\/noticia\/2026-04\/fim-da-escala-6x1-e-bandeira-principal-nos-atos-do-1deg-de-maio-no-pais\">Fim da escala 6&#215;1 \u00e9 principal bandeira nos atos do 1\u00b0 de Maio no pa\u00eds .<\/a><\/li>\n<li><a href=\"https:\/\/agenciabrasil.ebc.com.br\/economia\/noticia\/2026-04\/fim-da-escala-6-1-estudos-divergem-sobre-impactos-no-pib-e-inflacao\">Fim da escala 6&#215;1: estudos divergem sobre impactos no PIB e infla\u00e7\u00e3o.<\/a><\/li>\n<\/ul>\n<p><strong>O fim da escala 6&#215;1 \u00e9 a principal bandeira a ser ostentada pelas manifesta\u00e7\u00f5es de trabalhadores neste <a href=\"https:\/\/agenciabrasil.ebc.com.br\/politica\/noticia\/2026-04\/fim-da-escala-6x1-e-bandeira-principal-nos-atos-do-1deg-de-maio-no-pais\" target=\"_blank\">feriado de 1\u00ba de Maio<\/a>.\u00a0<\/strong><\/p>\n<p>M\u00e1rcia Lopes conversou com exclusividade com a <strong>Ag\u00eancia Brasil<\/strong>, na \u00faltima quarta-feira (29), ap\u00f3s participar de um evento na sede do Banco Nacional de Desenvolvimento Econ\u00f4mico e Social (BNDES), no Rio de Janeiro.<\/p>\n<p>Os coment\u00e1rios sobre a mudan\u00e7a na jornada de trabalho acontecem no momento em que o Congresso Nacional analisa o <a href=\"https:\/\/www.camara.leg.br\/proposicoesWeb\/fichadetramitacao?idProposicao=2616127\" target=\"_blank\">Projeto de Lei (PL) 1838\/2026<\/a>, de iniciativa do governo federal, que reduz o <a href=\"https:\/\/agenciabrasil.ebc.com.br\/economia\/noticia\/2026-04\/lula-envia-ao-congresso-projeto-de-lei-pelo-fim-da-escala-6x1\" target=\"_blank\">limite m\u00e1ximo da jornada de trabalho de 44 para 40 horas semanais<\/a>, garantindo dois dias de descanso remunerado semanal sem redu\u00e7\u00e3o salarial.\u00a0<\/p>\n<p><strong>O governo Lula pediu regime de urg\u00eancia na tramita\u00e7\u00e3o do PL, que at\u00e9 a tarde de quinta-feira (30) ainda aguardava despacho do presidente da C\u00e2mara dos Deputados, Hugo Motta (Republicanos-PB), para ser analisado pela Casa.<\/strong><\/p>\n<p>Tramitam ainda na C\u00e2mara duas Propostas de Emenda \u00e0 Constitui\u00e7\u00e3o (PEC), PEC 221\/19 e PEC 8\/25, que tamb\u00e9m tratam do fim da escala 6&#215;1. Na \u00faltima quarta-feira (29) a Casa legislativa instaurou uma <a href=\"https:\/\/agenciabrasil.ebc.com.br\/economia\/noticia\/2026-04\/lula-envia-ao-congresso-projeto-de-lei-pelo-fim-da-escala-6x1\" target=\"_blank\">comiss\u00e3o especial<\/a> para analisar as mat\u00e9rias.\u00a0<\/p>\n<h2>Prejudicadas pela 6&#215;1<\/h2>\n<p><strong>Ao defender a vis\u00e3o favor\u00e1vel ao fim da escala 6&#215;1, a ministra M\u00e1rcia Lopes \u00e9 categ\u00f3rica ao afirmar que as mulheres s\u00e3o as principais prejudicadas pela escala atual de trabalho.<\/strong><\/p>\n<blockquote>\n<p>\u201cN\u00e3o h\u00e1 d\u00favida disso\u201d, afirma.<\/p>\n<\/blockquote>\n<p>A ministra aponta que as mulheres sempre se sentiram sobrecarregadas, entre outros motivos, pela caracter\u00edstica \u201cmachista\u201d da sociedade.<\/p>\n<blockquote>\n<p>\u201c\u00c0s mulheres, historicamente, foi imputado a elas, dupla, tripla jornadas de trabalho. A elas sempre coube, al\u00e9m do trabalho remunerado, uma grande parte do seu tempo com trabalho n\u00e3o remunerado\u201d, explica.<\/p>\n<\/blockquote>\n<p><strong>\u201cQuando elas terminam uma etapa do dia de trabalho, apesar do cansa\u00e7o, elas d\u00e3o in\u00edcio a outras etapas, seja estudando, cuidando das suas casas, dos filhos, dos afazeres\u201d, completa.<\/strong><\/p>\n<p>Mais do que colaborar para combater a sobrecarga de trabalho das mulheres, M\u00e1rcia Lopes acredita que o fim da escala 6&#215;1 \u00e9 uma forma de melhorar a empregabilidade das mulheres e reduzir a desigualdade de g\u00eanero no mundo do trabalho.<\/p>\n<blockquote>\n<p>\u201cAo alcan\u00e7ar o fim da escala 6&#215;1 e trabalhar pela igualdade salarial, as mulheres v\u00e3o tendo muito mais chance de acessar o trabalho e de conquistar espa\u00e7os e condi\u00e7\u00f5es de trabalho melhores\u201d, diz ela, enfatizando entre as beneficiadas as mulheres perif\u00e9ricas e negras.<\/p>\n<\/blockquote>\n<h2>Desigualdade salarial<\/h2>\n<p><a href=\"https:\/\/app.powerbi.com\/view?r=eyJrIjoiYjAwZTU4NTgtNzFmOS00ODAyLTgyMzktYTMxOGIzNjJlNGJmIiwidCI6IjNlYzkyOTY5LTVhNTEtNGYxOC04YWM5LWVmOThmYmFmYTk3OCJ9\" target=\"_blank\">Dados do 5\u00ba Relat\u00f3rio de Transpar\u00eancia Salarial e de Crit\u00e9rios Remunerat\u00f3rios<\/a>, divulgado pelo Minist\u00e9rio do Trabalho e Emprego, na \u00faltima segunda-feira (27), revelou que as brasileiras recebem, em m\u00e9dia, 21,3% a menos que os homens no setor privado com 100 ou mais empregados. Ou seja, para cada R$ 1000 de sal\u00e1rio de um homem, a mulher recebe R$ 787.<\/p>\n<p><strong><a href=\"https:\/\/www.planalto.gov.br\/ccivil_03\/_ato2023-2026\/2023\/lei\/l14611.htm\" target=\"_blank\">A Lei n\u00ba 14.611<\/a>, de julho de 2023, refor\u00e7a a igualdade salarial entre homens e mulheres para mesma fun\u00e7\u00e3o. Empresas com 100 ou mais empregados devem adotar medidas para garantir essa igualdade, incluindo a divulga\u00e7\u00e3o dos sal\u00e1rios.<\/strong><\/p>\n<h2>Reflexos positivos<\/h2>\n<p>Para a ministra das Mulheres, o fim da escala de apenas um dia de descanso na semana resultar\u00e1 em efeitos positivos para as pr\u00f3prias empresas, como a redu\u00e7\u00e3o do absente\u00edsmo (faltas, atrasos e sa\u00eddas antecipadas), e para a economia do pa\u00eds.<\/p>\n<blockquote>\n<p>\u201cTraz muito mais dignidade, traz tempo livre que ser\u00e1 utilizado para, inclusive, ir ao cinema, visitar museu, poder se alimentar melhor, organizar a sua comunidade, o seu territ\u00f3rio, de poder empreender\u201d, lista.<\/p>\n<\/blockquote>\n<h2>Estudos sobre impacto<\/h2>\n<p><a href=\"https:\/\/agenciabrasil.ebc.com.br\/economia\/noticia\/2026-04\/fim-da-escala-6-1-estudos-divergem-sobre-impactos-no-pib-e-inflacao\" target=\"_blank\">Diversos estudos<\/a>\u00a0tentam estimar os efeitos da redu\u00e7\u00e3o de jornada de trabalho no pa\u00eds. A Confedera\u00e7\u00e3o Nacional da Ind\u00fastria (CNI) aponta preju\u00edzo para a competitividade do setor e calcula <a href=\"https:\/\/noticias.portaldaindustria.com.br\/noticias\/institucional\/reducao-da-jornada-de-trabalho-ameaca-perda-de-r-76-bilhoes-ao-pib-alerta-cni\/\" target=\"_blank\">uma perda de R$ 76 bilh\u00f5es no Produto Interno Bruto<\/a> (PIB, conjunto de bens e servi\u00e7os produzidos no pa\u00eds e <a href=\"https:\/\/noticias.portaldaindustria.com.br\/noticias\/institucional\/precos-terao-alta-media-de-62-caso-jornada-de-trabalho-seja-reduzida-revela-cni\/\" target=\"_blank\">altas nos pre\u00e7os de 6,2%, em m\u00e9dia<\/a>.\u00a0<\/p>\n<p>A Confedera\u00e7\u00e3o Nacional do Com\u00e9rcio de Bens, Servi\u00e7os e Turismo (CNC) assinala que a <a href=\"https:\/\/portal-bucket.azureedge.net\/wp-content\/2026\/02\/Jornada6x1_Geade.pdf\" target=\"_blank\">redu\u00e7\u00e3o da jornada<\/a> aumentaria os custos sobre a folha salarial em 21% e press\u00e3o inflacion\u00e1ria, com o repasse de pre\u00e7os ao consumidor chegando a 13%.\u00a0<\/p>\n<p>Um levantamento do Instituto de Pesquisa Econ\u00f4mica Aplicada (Ipea), institui\u00e7\u00e3o do Minist\u00e9rio do Planejamento e Or\u00e7amento, defende que os custos de uma eventual redu\u00e7\u00e3o da jornada para 40 horas semanais seriam similares aos impactos observados em reajustes hist\u00f3ricos do sal\u00e1rio m\u00ednimo, o que indica uma <a href=\"https:\/\/agenciabrasil.ebc.com.br\/economia\/noticia\/2026-02\/ipea-diz-que-mercado-de-trabalho-pode-absorver-fim-da-escala-de-trabalho-6x1\" target=\"_blank\">capacidade de absor\u00e7\u00e3o da medida pelo mercado de trabalho<\/a>.\u00a0<\/p>\n<h2>Press\u00e3o popular<\/h2>\n<p>A ministra M\u00e1rcia Lopes, que tamb\u00e9m preside o Conselho Nacional de Direito da Mulher \u2013 f\u00f3rum que leva a participa\u00e7\u00e3o da sociedade civil para dentro do governo \u2013 relatou \u00e0 <strong>Ag\u00eancia Brasil <\/strong>que grupos de mulheres j\u00e1 buscaram articula\u00e7\u00e3o com os presidentes Hugo Motta,\u00a0da C\u00e2mara, e Davi Alcolumbre,\u00a0do Senado,\u00a0para pressionar pela aprova\u00e7\u00e3o do fim da escala 6&#215;1.\u201c<\/p>\n<blockquote>\n<p>As mulheres s\u00e3o fortes, s\u00e3o mobilizadas e j\u00e1 est\u00e3o fazendo isso\u201d, disse.<\/p>\n<\/blockquote>\n<p>\u201cClaro que tem posicionamentos contr\u00e1rios, isso faz parte da democracia, mas eu tenho impress\u00e3o que, muito em breve, vamos conquistar mais esse direito no Brasil\u201d, conclui.<\/p>\n<p><strong>As declara\u00e7\u00f5es da ministra foram depois da participa\u00e7\u00e3o em um evento, no qual o BNDES anunciou R$ 80 milh\u00f5es para iniciativas que beneficiam mulheres empreendedoras e o \u201ctrabalho do cuidado\u201d nas periferias.<\/strong><\/p>\n<p>S\u00e3o exemplos de iniciativas de cuidado as cozinhas comunit\u00e1rias, lavanderias p\u00fablicas e cuidadotecas.<\/p>\n<p><strong>Para a diretora Socioambiental do BNDES, Tereza Campello, que tamb\u00e9m esteve no encontro, o fim da escala 6&#215;1 \u00e9 intimamente ligado \u00e0 melhoria da condi\u00e7\u00e3o de vida das mulheres.<\/strong><\/p>\n<blockquote>\n<p>\u201cA luta para que a gente mude essa situa\u00e7\u00e3o da escala 6&#215;1 \u00e9 exatamente ter direito a se cuidar, ter direito ao fim de semana, ao autocuidado\u201d, disse.<\/p>\n<\/blockquote>\n<p>\u00a0<\/p>\n","protected":false},"excerpt":{"rendered":"<p>A ministra das Mulheres, M\u00e1rcia Lopes, considera que o fim da escala de trabalho de apenas uma folga na semana, chamada de 6&#215;1, \u00e9 uma \u201cexig\u00eancia do nosso tempo\u201d e que vai permitir que as mulheres tenham mais acesso ao mercado de trabalho. \u201cElas v\u00e3o cuidar melhor da sa\u00fade, das rela\u00e7\u00f5es familiares, territoriais. Eu n\u00e3o [&hellip;]<\/p>\n","protected":false},"author":34,"featured_media":36749,"comment_status":"open","ping_status":"open","sticky":false,"template":"","format":"standard","meta":{"site-sidebar-layout":"default","site-content-layout":"","ast-site-content-layout":"default","site-content-style":"default","site-sidebar-style":"default","ast-global-header-display":"","ast-banner-title-visibility":"","ast-main-header-display":"","ast-hfb-above-header-display":"","ast-hfb-below-header-display":"","ast-hfb-mobile-header-display":"","site-post-title":"","ast-breadcrumbs-content":"","ast-featured-img":"","footer-sml-layout":"","ast-disable-related-posts":"","theme-transparent-header-meta":"","adv-header-id-meta":"","stick-header-meta":"","header-above-stick-meta":"","header-main-stick-meta":"","header-below-stick-meta":"","astra-migrate-meta-layouts":"default","ast-page-background-enabled":"default","ast-page-background-meta":{"desktop":{"background-color":"var(--ast-global-color-4)","background-image":"","background-repeat":"repeat","background-position":"center center","background-size":"auto","background-attachment":"scroll","background-type":"","background-media":"","overlay-type":"","overlay-color":"","overlay-opacity":"","overlay-gradient":""},"tablet":{"background-color":"","background-image":"","background-repeat":"repeat","background-position":"center center","background-size":"auto","background-attachment":"scroll","background-type":"","background-media":"","overlay-type":"","overlay-color":"","overlay-opacity":"","overlay-gradient":""},"mobile":{"background-color":"","background-image":"","background-repeat":"repeat","background-position":"center center","background-size":"auto","background-attachment":"scroll","background-type":"","background-media":"","overlay-type":"","overlay-color":"","overlay-opacity":"","overlay-gradient":""}},"ast-content-background-meta":{"desktop":{"background-color":"var(--ast-global-color-5)","background-image":"","background-repeat":"repeat","background-position":"center center","background-size":"auto","background-attachment":"scroll","background-type":"","background-media":"","overlay-type":"","overlay-color":"","overlay-opacity":"","overlay-gradient":""},"tablet":{"background-color":"var(--ast-global-color-5)","background-image":"","background-repeat":"repeat","background-position":"center center","background-size":"auto","background-attachment":"scroll","background-type":"","background-media":"","overlay-type":"","overlay-color":"","overlay-opacity":"","overlay-gradient":""},"mobile":{"background-color":"var(--ast-global-color-5)","background-image":"","background-repeat":"repeat","background-position":"center center","background-size":"auto","background-attachment":"scroll","background-type":"","background-media":"","overlay-type":"","overlay-color":"","overlay-opacity":"","overlay-gradient":""}},"footnotes":""},"categories":[37],"tags":[],"class_list":["post-36748","post","type-post","status-publish","format-standard","has-post-thumbnail","hentry","category-economia-e-negocios"],"_links":{"self":[{"href":"https:\/\/colunadahora.com.br\/index.php?rest_route=\/wp\/v2\/posts\/36748","targetHints":{"allow":["GET"]}}],"collection":[{"href":"https:\/\/colunadahora.com.br\/index.php?rest_route=\/wp\/v2\/posts"}],"about":[{"href":"https:\/\/colunadahora.com.br\/index.php?rest_route=\/wp\/v2\/types\/post"}],"author":[{"embeddable":true,"href":"https:\/\/colunadahora.com.br\/index.php?rest_route=\/wp\/v2\/users\/34"}],"replies":[{"embeddable":true,"href":"https:\/\/colunadahora.com.br\/index.php?rest_route=%2Fwp%2Fv2%2Fcomments&post=36748"}],"version-history":[{"count":0,"href":"https:\/\/colunadahora.com.br\/index.php?rest_route=\/wp\/v2\/posts\/36748\/revisions"}],"wp:featuredmedia":[{"embeddable":true,"href":"https:\/\/colunadahora.com.br\/index.php?rest_route=\/wp\/v2\/media\/36749"}],"wp:attachment":[{"href":"https:\/\/colunadahora.com.br\/index.php?rest_route=%2Fwp%2Fv2%2Fmedia&parent=36748"}],"wp:term":[{"taxonomy":"category","embeddable":true,"href":"https:\/\/colunadahora.com.br\/index.php?rest_route=%2Fwp%2Fv2%2Fcategories&post=36748"},{"taxonomy":"post_tag","embeddable":true,"href":"https:\/\/colunadahora.com.br\/index.php?rest_route=%2Fwp%2Fv2%2Ftags&post=36748"}],"curies":[{"name":"wp","href":"https:\/\/api.w.org\/{rel}","templated":true}]}}