{"id":36744,"date":"2026-05-01T07:17:49","date_gmt":"2026-05-01T10:17:49","guid":{"rendered":"https:\/\/colunadahora.com.br\/?p=36744"},"modified":"2026-05-01T07:17:49","modified_gmt":"2026-05-01T10:17:49","slug":"acordo-mercosul-ue-entra-em-vigor-nesta-sexta-apos-26-anos","status":"publish","type":"post","link":"https:\/\/colunadahora.com.br\/?p=36744","title":{"rendered":"Acordo Mercosul- UE entra em vigor nesta sexta ap\u00f3s 26 anos"},"content":{"rendered":"<\/p>\n<p><a class=\"\" href=\"https:\/\/agenciabrasil.ebc.com.br\/economia\/noticia\/2026-04\/acordo-mercosul-ue-entra-em-vigor-nesta-sexta-apos-26-anos\"><br \/>\n                    <img decoding=\"async\" src=\"https:\/\/cdn.jsdelivr.net\/gh\/sergiosdlima\/assets-ebc@1.0.0\/abr\/assets\/images\/logo-agenciabrasil.svg\" alt=\"Logo Ag\u00eancia Brasil\"><br \/>\n\t\t\t\t<\/a><\/p>\n<p><strong>Ap\u00f3s 26 anos de negocia\u00e7\u00f5es, o acordo comercial entre Mercosul e Uni\u00e3o Europeia entra em vigor nesta sexta-feira (1\u00ba), criando uma das maiores \u00e1reas de livre com\u00e9rcio do mundo e reduzindo significativamente tarifas sobre produtos brasileiros exportados ao continente europeu.<\/strong><img decoding=\"async\" src=\"https:\/\/agenciabrasil.ebc.com.br\/ebc.png?id=1688031&#038;o=rss\"><img decoding=\"async\" src=\"https:\/\/agenciabrasil.ebc.com.br\/ebc.gif?id=1688031&#038;o=rss\"><\/p>\n<p>A <strong>nova etapa marca um avan\u00e7o hist\u00f3rico na integra\u00e7\u00e3o comercial entre os dois blocos, com impacto direto na competitividade das empresas brasileiras no exterior.<\/strong> Os <a href=\"https:\/\/agenciabrasil.ebc.com.br\/internacional\/noticia\/2026-01\/lideres-assinam-acordo-mercosul-uniao-europeia\" target=\"_blank\">termos do acordo<\/a> foram assinados no fim de janeiro, em Assun\u00e7\u00e3o, no Paraguai, entre representantes dos dois blocos.\u00a0<\/p>\n<\/p>\n<h3>Not\u00edcias relacionadas:<\/h3>\n<ul>\n<li><a href=\"https:\/\/agenciabrasil.ebc.com.br\/economia\/noticia\/2026-03\/acordo-mercosul-ue-valera-provisoriamente-em-maio-confirma-governo\">Acordo Mercosul-UE valer\u00e1 provisoriamente em maio, confirma governo.<\/a><\/li>\n<li><a href=\"https:\/\/agenciabrasil.ebc.com.br\/economia\/noticia\/2026-02\/alckmin-governo-prepara-decreto-de-salvaguardas-no-acordo-mercosul-ue\">Alckmin: governo prepara decreto de salvaguardas no acordo Mercosul-UE.<\/a><\/li>\n<li><a href=\"https:\/\/agenciabrasil.ebc.com.br\/economia\/noticia\/2026-02\/representacao-brasileira-do-parlasul-aprova-acordo-mercosul-ue\">Representa\u00e7\u00e3o Brasileira do Parlasul aprova acordo Mercosul-UE.<\/a><\/li>\n<\/ul>\n<p>A aplica\u00e7\u00e3o do tratado, no entanto, ocorre de forma provis\u00f3ria por decis\u00e3o da Comiss\u00e3o Europeia. <strong>Em janeiro, o <a href=\"https:\/\/agenciabrasil.ebc.com.br\/internacional\/noticia\/2026-01\/parlamento-europeu-pede-que-justica-avalie-acordo-com-mercosul\" target=\"_blank\">Parlamento Europeu<\/a> encaminhou o texto para an\u00e1lise do Tribunal de Justi\u00e7a da Uni\u00e3o Europeia, que ainda avaliar\u00e1 sua compatibilidade jur\u00eddica com as normas do bloco. O processo pode demorar at\u00e9 dois anos.<\/strong><\/p>\n<h2>Mais exporta\u00e7\u00f5es com menos custos<\/h2>\n<p>Logo no in\u00edcio da implementa\u00e7\u00e3o, mais de 80% das exporta\u00e7\u00f5es brasileiras para a Europa passam a ter tarifa de importa\u00e7\u00e3o zerada, segundo estimativas da <a href=\"https:\/\/agenciabrasil.ebc.com.br\/economia\/noticia\/2026-04\/cni-acordo-mercosul-ue-zera-tarifas-de-80-das-exportacoes-europa\" target=\"_blank\">Confedera\u00e7\u00e3o Nacional da Ind\u00fastria<\/a> (CNI). A\u00a0maior parte dos produtos vendidos pelo Brasil ao continente poder\u00e1 entrar no mercado europeu sem pagar impostos de entrada.<\/p>\n<p>Na pr\u00e1tica, a redu\u00e7\u00e3o de tarifas diminui o pre\u00e7o final dos produtos e aumenta a competitividade frente a concorrentes internacionais.<strong> Ao todo, mais de 5 mil produtos brasileiros j\u00e1 ter\u00e3o tarifa zero nesta fase inicial, incluindo bens industriais, alimentos e mat\u00e9rias-primas.<\/strong><\/p>\n<h2>Ind\u00fastria lidera ganhos imediatos<\/h2>\n<p><strong>Entre os quase 3 mil produtos com tarifa zerada j\u00e1 no in\u00edcio, cerca de 93% s\u00e3o bens industriais. Isso indica que a ind\u00fastria brasileira tende a ser a principal beneficiada no curto prazo.<\/strong><\/p>\n<h2>Os setores com maior impacto imediato incluem:<\/h2>\n<p>\u2022\u00a0 \u00a0 M\u00e1quinas e equipamentos;<\/p>\n<p>\u2022\u00a0 \u00a0 Alimentos;<\/p>\n<p>\u2022\u00a0 \u00a0 Metalurgia;<\/p>\n<p>\u2022\u00a0 \u00a0 Materiais el\u00e9tricos;<\/p>\n<p>\u2022\u00a0 \u00a0 Produtos qu\u00edmicos.<\/p>\n<p>No caso de m\u00e1quinas e equipamentos, quase todas as exporta\u00e7\u00f5es brasileiras para a Europa passam a entrar sem tarifas, abrangendo itens como compressores, bombas industriais e pe\u00e7as mec\u00e2nicas.<\/p>\n<h2>Mercado ampliado e mais competitivo<\/h2>\n<p>O acordo conecta mercados que somam mais de 700 milh\u00f5es de consumidores e um Produto Interno Bruto (PIB) conjunto trilion\u00e1rio. Com isso, o Brasil amplia significativamente seu alcance comercial.<\/p>\n<p><strong>Atualmente, pa\u00edses com os quais o Brasil possui acordos representam cerca de 9% das importa\u00e7\u00f5es globais. Com a entrada da Uni\u00e3o Europeia, esse percentual pode ultrapassar 37%.<\/strong><\/p>\n<p>Al\u00e9m da redu\u00e7\u00e3o de tarifas, o tratado estabelece regras comuns para com\u00e9rcio, padr\u00f5es t\u00e9cnicos e compras governamentais, trazendo mais previsibilidade para empresas.<\/p>\n<h2>Implementa\u00e7\u00e3o gradual<\/h2>\n<p>Apesar dos efeitos imediatos, nem todos os produtos ter\u00e3o tarifas eliminadas de uma vez. Para setores considerados mais sens\u00edveis, a redu\u00e7\u00e3o ser\u00e1 feita de forma progressiva:<\/p>\n<p>\u2022 At\u00e9 10 anos na Uni\u00e3o Europeia.<\/p>\n<p>\u2022 At\u00e9 15 anos no Mercosul;<\/p>\n<p>\u2022 Em alguns casos, at\u00e9 30 anos.<\/p>\n<p>Esse cronograma busca permitir adapta\u00e7\u00e3o das economias e proteger setores mais vulner\u00e1veis \u00e0 concorr\u00eancia internacional.<\/p>\n<h2>Pr\u00f3ximos passos<\/h2>\n<p>A entrada em vigor marca o in\u00edcio da aplica\u00e7\u00e3o pr\u00e1tica do acordo. Ainda ser\u00e3o definidos detalhes operacionais, como a distribui\u00e7\u00e3o de cotas de exporta\u00e7\u00e3o entre os pa\u00edses do Mercosul.<\/p>\n<p><strong>Durante cerim\u00f4nia de assinatura do <a href=\"https:\/\/agenciabrasil.ebc.com.br\/economia\/noticia\/2026-04\/lula-assina-decreto-que-promulga-acordo-ue-mercosul\" target=\"_blank\">decreto de promulga\u00e7\u00e3o do acordo<\/a>, na \u00faltima ter\u00e7a-feira (28), o presidente Luiz In\u00e1cio Lula da Silva destacou o car\u00e1ter estrat\u00e9gico do tratado. Segundo ele, o acordo refor\u00e7a o compromisso com o multilateralismo e a coopera\u00e7\u00e3o internacional.<\/strong><\/p>\n<p>Entidades empresariais dos dois blocos tamb\u00e9m devem acompanhar a implementa\u00e7\u00e3o para orientar empresas e garantir o aproveitamento das novas oportunidades comerciais.<\/p>\n<p>\u00a0<\/p>\n","protected":false},"excerpt":{"rendered":"<p>Ap\u00f3s 26 anos de negocia\u00e7\u00f5es, o acordo comercial entre Mercosul e Uni\u00e3o Europeia entra em vigor nesta sexta-feira (1\u00ba), criando uma das maiores \u00e1reas de livre com\u00e9rcio do mundo e reduzindo significativamente tarifas sobre produtos brasileiros exportados ao continente europeu. A nova etapa marca um avan\u00e7o hist\u00f3rico na integra\u00e7\u00e3o comercial entre os dois blocos, com [&hellip;]<\/p>\n","protected":false},"author":1,"featured_media":36745,"comment_status":"open","ping_status":"open","sticky":false,"template":"","format":"standard","meta":{"site-sidebar-layout":"default","site-content-layout":"","ast-site-content-layout":"default","site-content-style":"default","site-sidebar-style":"default","ast-global-header-display":"","ast-banner-title-visibility":"","ast-main-header-display":"","ast-hfb-above-header-display":"","ast-hfb-below-header-display":"","ast-hfb-mobile-header-display":"","site-post-title":"","ast-breadcrumbs-content":"","ast-featured-img":"","footer-sml-layout":"","ast-disable-related-posts":"","theme-transparent-header-meta":"","adv-header-id-meta":"","stick-header-meta":"","header-above-stick-meta":"","header-main-stick-meta":"","header-below-stick-meta":"","astra-migrate-meta-layouts":"default","ast-page-background-enabled":"default","ast-page-background-meta":{"desktop":{"background-color":"var(--ast-global-color-4)","background-image":"","background-repeat":"repeat","background-position":"center center","background-size":"auto","background-attachment":"scroll","background-type":"","background-media":"","overlay-type":"","overlay-color":"","overlay-opacity":"","overlay-gradient":""},"tablet":{"background-color":"","background-image":"","background-repeat":"repeat","background-position":"center center","background-size":"auto","background-attachment":"scroll","background-type":"","background-media":"","overlay-type":"","overlay-color":"","overlay-opacity":"","overlay-gradient":""},"mobile":{"background-color":"","background-image":"","background-repeat":"repeat","background-position":"center center","background-size":"auto","background-attachment":"scroll","background-type":"","background-media":"","overlay-type":"","overlay-color":"","overlay-opacity":"","overlay-gradient":""}},"ast-content-background-meta":{"desktop":{"background-color":"var(--ast-global-color-5)","background-image":"","background-repeat":"repeat","background-position":"center center","background-size":"auto","background-attachment":"scroll","background-type":"","background-media":"","overlay-type":"","overlay-color":"","overlay-opacity":"","overlay-gradient":""},"tablet":{"background-color":"var(--ast-global-color-5)","background-image":"","background-repeat":"repeat","background-position":"center center","background-size":"auto","background-attachment":"scroll","background-type":"","background-media":"","overlay-type":"","overlay-color":"","overlay-opacity":"","overlay-gradient":""},"mobile":{"background-color":"var(--ast-global-color-5)","background-image":"","background-repeat":"repeat","background-position":"center center","background-size":"auto","background-attachment":"scroll","background-type":"","background-media":"","overlay-type":"","overlay-color":"","overlay-opacity":"","overlay-gradient":""}},"footnotes":""},"categories":[37],"tags":[],"class_list":["post-36744","post","type-post","status-publish","format-standard","has-post-thumbnail","hentry","category-economia-e-negocios"],"_links":{"self":[{"href":"https:\/\/colunadahora.com.br\/index.php?rest_route=\/wp\/v2\/posts\/36744","targetHints":{"allow":["GET"]}}],"collection":[{"href":"https:\/\/colunadahora.com.br\/index.php?rest_route=\/wp\/v2\/posts"}],"about":[{"href":"https:\/\/colunadahora.com.br\/index.php?rest_route=\/wp\/v2\/types\/post"}],"author":[{"embeddable":true,"href":"https:\/\/colunadahora.com.br\/index.php?rest_route=\/wp\/v2\/users\/1"}],"replies":[{"embeddable":true,"href":"https:\/\/colunadahora.com.br\/index.php?rest_route=%2Fwp%2Fv2%2Fcomments&post=36744"}],"version-history":[{"count":0,"href":"https:\/\/colunadahora.com.br\/index.php?rest_route=\/wp\/v2\/posts\/36744\/revisions"}],"wp:featuredmedia":[{"embeddable":true,"href":"https:\/\/colunadahora.com.br\/index.php?rest_route=\/wp\/v2\/media\/36745"}],"wp:attachment":[{"href":"https:\/\/colunadahora.com.br\/index.php?rest_route=%2Fwp%2Fv2%2Fmedia&parent=36744"}],"wp:term":[{"taxonomy":"category","embeddable":true,"href":"https:\/\/colunadahora.com.br\/index.php?rest_route=%2Fwp%2Fv2%2Fcategories&post=36744"},{"taxonomy":"post_tag","embeddable":true,"href":"https:\/\/colunadahora.com.br\/index.php?rest_route=%2Fwp%2Fv2%2Ftags&post=36744"}],"curies":[{"name":"wp","href":"https:\/\/api.w.org\/{rel}","templated":true}]}}