{"id":36696,"date":"2026-04-30T16:19:14","date_gmt":"2026-04-30T19:19:14","guid":{"rendered":"https:\/\/colunadahora.com.br\/?p=36696"},"modified":"2026-04-30T16:19:14","modified_gmt":"2026-04-30T19:19:14","slug":"tse-cassa-mandato-do-governador-de-roraima-e-determina-novas-eleicoes","status":"publish","type":"post","link":"https:\/\/colunadahora.com.br\/?p=36696","title":{"rendered":"TSE cassa mandato do governador de Roraima e determina novas elei\u00e7\u00f5es"},"content":{"rendered":"<\/p>\n<p><a class=\"\" href=\"https:\/\/agenciabrasil.ebc.com.br\/justica\/noticia\/2026-04\/tse-cassa-mandato-do-governador-de-roraima-e-determina-novas-eleicoes\"><br \/>\n                    <img decoding=\"async\" src=\"https:\/\/cdn.jsdelivr.net\/gh\/sergiosdlima\/assets-ebc@1.0.0\/abr\/assets\/images\/logo-agenciabrasil.svg\" alt=\"Logo Ag\u00eancia Brasil\"><br \/>\n\t\t\t\t<\/a><\/p>\n<p><strong>O\u202fTribunal Superior Eleitoral (TSE) cassou o mandato do atual governador de Roraima, Edilson Dami\u00e3o, e determinou a realiza\u00e7\u00e3o de elei\u00e7\u00f5es diretas para o cargo. <\/strong><img decoding=\"async\" src=\"https:\/\/agenciabrasil.ebc.com.br\/ebc.png?id=1687972&#038;o=rss\"><img decoding=\"async\" src=\"https:\/\/agenciabrasil.ebc.com.br\/ebc.gif?id=1687972&#038;o=rss\"><\/p>\n<p>O julgamento que decidiu pela cassa\u00e7\u00e3o terminou nesta quinta-feira (30). Na decis\u00e3o, a corte tamb\u00e9m declarou o ex-governador Antonio Denarium ineleg\u00edvel pelo prazo de oito anos.\u00a0<\/p>\n<\/p>\n<h3>Not\u00edcias relacionadas:<\/h3>\n<ul>\n<li><a href=\"https:\/\/agenciabrasil.ebc.com.br\/justica\/noticia\/2026-04\/tse-tem-maioria-para-cassar-mandato-do-governador-de-roraima\">TSE tem maioria para cassar mandato do governador de Roraima.<\/a><\/li>\n<li><a href=\"https:\/\/agenciabrasil.ebc.com.br\/justica\/noticia\/2025-08\/relatora-vota-no-tse-pela-cassacao-do-governador-de-roraima\">Relatora vota no TSE pela cassa\u00e7\u00e3o do governador de Roraima .<\/a><\/li>\n<\/ul>\n<p><strong>Ambos foram condenados por abuso de poder pol\u00edtico e econ\u00f4mico nas elei\u00e7\u00f5es de 2022. <\/strong>Denarium<a href=\"http:\/\/agenciabrasil.ebc.com.br\/politica\/noticia\/2026-04\/onze-governadores-renunciam-para-disputar-eleicoes-de-outubro\"> renunciou ao cargo de governador<\/a> no dia 27 de mar\u00e7o, para concorrer ao Senado Federal.<\/p>\n<p>Al\u00e9m disso, o TSE determinou a execu\u00e7\u00e3o imediata do julgado, independentemente da publica\u00e7\u00e3o do ac\u00f3rd\u00e3o. A determina\u00e7\u00e3o tamb\u00e9m inclui a ado\u00e7\u00e3o de provid\u00eancias para a realiza\u00e7\u00e3o de novas elei\u00e7\u00f5es.<\/p>\n<p><strong>A presidente do TSE, ministra C\u00e1rmen L\u00facia, ressaltou que, caso o Tribunal Regional Eleitoral do estado (TRE-RR) entenda haver inviabilidade t\u00e9cnica devidamente motivada para a realiza\u00e7\u00e3o da elei\u00e7\u00e3o na modalidade direta, a quest\u00e3o deve ser comunicada e remetida para decis\u00e3o do TSE.\u00a0<\/strong><\/p>\n<h2>Abuso de poder pol\u00edtico<\/h2>\n<p><strong>Edilson Dami\u00e3o e Antonio Denarium foram condenados pelo TRE de Roraima,\u202fno julgamento de uma A\u00e7\u00e3o de Investiga\u00e7\u00e3o Judicial Eleitoral (Aije) ajuizada pela\u202fcoliga\u00e7\u00e3o Roraima Muito Melhor,\u202fpor abuso de poder pol\u00edtico e econ\u00f4mico nas elei\u00e7\u00f5es gerais de 2022.<\/strong>\u202f<\/p>\n<p>Na ocasi\u00e3o, a corte entendeu que houve uso da m\u00e1quina p\u00fablica para praticar a\u00e7\u00f5es proibidas a agentes p\u00fablicos no per\u00edodo eleitoral.<\/p>\n<p>Segundo o TRE, o uso da m\u00e1quina p\u00fablica teve por objetivo obter vantagens pol\u00edticas na disputa, al\u00e9m de fazer uso eleitoral dos programas sociais Cesta da Fam\u00edlia e Morar Melhor.\u202f\u00a0<\/p>\n<p><strong>Entre as a\u00e7\u00f5es praticadas pelos dois durante o ano eleitoral est\u00e3o: <\/strong><\/p>\n<ul>\n<li>Distribui\u00e7\u00e3o de bens e servi\u00e7os, com a entrega de cestas b\u00e1sicas e benef\u00edcios;\u202f\u202f<\/li>\n<li>Reforma de resid\u00eancias de fam\u00edlias de baixa renda;\u202f\u202f<\/li>\n<li>Repasse de quase R$ 70 milh\u00f5es em recursos do governo estadual para 12 dos 15 munic\u00edpios do estado, sem a observ\u00e2ncia de crit\u00e9rios legais;<\/li>\n<li>Extrapola\u00e7\u00e3o de gastos\u202fcom publicidade.\u00a0<\/li>\n<\/ul>\n<p>Os dois foram condenados nos termos do artigo 224 do C\u00f3digo Eleitoral. Este dispositivo estabelece que, se a nulidade atingir a mais de metade dos votos do pa\u00eds nas\u202felei\u00e7\u00f5es presidenciais, do estado nas elei\u00e7\u00f5es federais e\u202festaduais\u202fou do munic\u00edpio nas elei\u00e7\u00f5es\u202fmunicipais, ser\u00e3o julgadas prejudicadas as demais vota\u00e7\u00f5es e o Tribunal marcar\u00e1 dia para nova elei\u00e7\u00e3o dentro do prazo de 20 a 40 dias.\u00a0<\/p>\n<h2>Outro lado<\/h2>\n<p>A defesa do governador Edilson Dami\u00e3o afirma que apresentar\u00e1 os recursos cab\u00edveis ao TSE. Destaca ainda que h\u00e1 etapas formais a serem cumpridas, necess\u00e1rias, conforme a legisla\u00e7\u00e3o, para a produ\u00e7\u00e3o de efeitos.<\/p>\n<blockquote>\n<p>&#8220;Nesse contexto, o governador segue no exerc\u00edcio regular do cargo, assegurando a continuidade administrativa e o funcionamento normal dos servi\u00e7os p\u00fablicos. Reafirmamos o respeito \u00e0s institui\u00e7\u00f5es e acompanharemos os desdobramentos com responsabilidade e observ\u00e2ncia \u00e0 legisla\u00e7\u00e3o vigente&#8221;, diz a defesa do governador.<\/p>\n<\/blockquote>\n<p>\u00a0<\/p>\n<p><em>Mat\u00e9ria ampliada \u00e1s 15h50 para acrescentar posicionamento de Edilson Dami\u00e3o<\/em><\/p>\n","protected":false},"excerpt":{"rendered":"<p>O\u202fTribunal Superior Eleitoral (TSE) cassou o mandato do atual governador de Roraima, Edilson Dami\u00e3o, e determinou a realiza\u00e7\u00e3o de elei\u00e7\u00f5es diretas para o cargo. O julgamento que decidiu pela cassa\u00e7\u00e3o terminou nesta quinta-feira (30). Na decis\u00e3o, a corte tamb\u00e9m declarou o ex-governador Antonio Denarium ineleg\u00edvel pelo prazo de oito anos.\u00a0 Not\u00edcias relacionadas: TSE tem maioria [&hellip;]<\/p>\n","protected":false},"author":19,"featured_media":36697,"comment_status":"open","ping_status":"open","sticky":false,"template":"","format":"standard","meta":{"site-sidebar-layout":"default","site-content-layout":"","ast-site-content-layout":"default","site-content-style":"default","site-sidebar-style":"default","ast-global-header-display":"","ast-banner-title-visibility":"","ast-main-header-display":"","ast-hfb-above-header-display":"","ast-hfb-below-header-display":"","ast-hfb-mobile-header-display":"","site-post-title":"","ast-breadcrumbs-content":"","ast-featured-img":"","footer-sml-layout":"","ast-disable-related-posts":"","theme-transparent-header-meta":"","adv-header-id-meta":"","stick-header-meta":"","header-above-stick-meta":"","header-main-stick-meta":"","header-below-stick-meta":"","astra-migrate-meta-layouts":"default","ast-page-background-enabled":"default","ast-page-background-meta":{"desktop":{"background-color":"var(--ast-global-color-4)","background-image":"","background-repeat":"repeat","background-position":"center center","background-size":"auto","background-attachment":"scroll","background-type":"","background-media":"","overlay-type":"","overlay-color":"","overlay-opacity":"","overlay-gradient":""},"tablet":{"background-color":"","background-image":"","background-repeat":"repeat","background-position":"center center","background-size":"auto","background-attachment":"scroll","background-type":"","background-media":"","overlay-type":"","overlay-color":"","overlay-opacity":"","overlay-gradient":""},"mobile":{"background-color":"","background-image":"","background-repeat":"repeat","background-position":"center center","background-size":"auto","background-attachment":"scroll","background-type":"","background-media":"","overlay-type":"","overlay-color":"","overlay-opacity":"","overlay-gradient":""}},"ast-content-background-meta":{"desktop":{"background-color":"var(--ast-global-color-5)","background-image":"","background-repeat":"repeat","background-position":"center center","background-size":"auto","background-attachment":"scroll","background-type":"","background-media":"","overlay-type":"","overlay-color":"","overlay-opacity":"","overlay-gradient":""},"tablet":{"background-color":"var(--ast-global-color-5)","background-image":"","background-repeat":"repeat","background-position":"center center","background-size":"auto","background-attachment":"scroll","background-type":"","background-media":"","overlay-type":"","overlay-color":"","overlay-opacity":"","overlay-gradient":""},"mobile":{"background-color":"var(--ast-global-color-5)","background-image":"","background-repeat":"repeat","background-position":"center center","background-size":"auto","background-attachment":"scroll","background-type":"","background-media":"","overlay-type":"","overlay-color":"","overlay-opacity":"","overlay-gradient":""}},"footnotes":""},"categories":[3],"tags":[],"class_list":["post-36696","post","type-post","status-publish","format-standard","has-post-thumbnail","hentry","category-seguranca-e-justica"],"_links":{"self":[{"href":"https:\/\/colunadahora.com.br\/index.php?rest_route=\/wp\/v2\/posts\/36696","targetHints":{"allow":["GET"]}}],"collection":[{"href":"https:\/\/colunadahora.com.br\/index.php?rest_route=\/wp\/v2\/posts"}],"about":[{"href":"https:\/\/colunadahora.com.br\/index.php?rest_route=\/wp\/v2\/types\/post"}],"author":[{"embeddable":true,"href":"https:\/\/colunadahora.com.br\/index.php?rest_route=\/wp\/v2\/users\/19"}],"replies":[{"embeddable":true,"href":"https:\/\/colunadahora.com.br\/index.php?rest_route=%2Fwp%2Fv2%2Fcomments&post=36696"}],"version-history":[{"count":0,"href":"https:\/\/colunadahora.com.br\/index.php?rest_route=\/wp\/v2\/posts\/36696\/revisions"}],"wp:featuredmedia":[{"embeddable":true,"href":"https:\/\/colunadahora.com.br\/index.php?rest_route=\/wp\/v2\/media\/36697"}],"wp:attachment":[{"href":"https:\/\/colunadahora.com.br\/index.php?rest_route=%2Fwp%2Fv2%2Fmedia&parent=36696"}],"wp:term":[{"taxonomy":"category","embeddable":true,"href":"https:\/\/colunadahora.com.br\/index.php?rest_route=%2Fwp%2Fv2%2Fcategories&post=36696"},{"taxonomy":"post_tag","embeddable":true,"href":"https:\/\/colunadahora.com.br\/index.php?rest_route=%2Fwp%2Fv2%2Ftags&post=36696"}],"curies":[{"name":"wp","href":"https:\/\/api.w.org\/{rel}","templated":true}]}}