{"id":36634,"date":"2026-04-29T19:17:18","date_gmt":"2026-04-29T22:17:18","guid":{"rendered":"https:\/\/colunadahora.com.br\/?p=36634"},"modified":"2026-04-29T19:17:18","modified_gmt":"2026-04-29T22:17:18","slug":"simples-exigira-nota-fiscal-nacional-unica-a-partir-de-setembro","status":"publish","type":"post","link":"https:\/\/colunadahora.com.br\/?p=36634","title":{"rendered":"Simples exigir\u00e1 nota fiscal nacional \u00fanica a partir de setembro"},"content":{"rendered":"<\/p>\n<p><a class=\"\" href=\"https:\/\/agenciabrasil.ebc.com.br\/economia\/noticia\/2026-04\/simples-exigira-nota-fiscal-nacional-unica-partir-de-setembro\"><br \/>\n                    <img decoding=\"async\" src=\"https:\/\/cdn.jsdelivr.net\/gh\/sergiosdlima\/assets-ebc@1.0.0\/abr\/assets\/images\/logo-agenciabrasil.svg\" alt=\"Logo Ag\u00eancia Brasil\"><br \/>\n\t\t\t\t<\/a><\/p>\n<p>As micro e pequenas empresas enquadradas no Simples Nacional ter\u00e3o que emitir notas fiscais de servi\u00e7o por um sistema \u00fanico em todo o pa\u00eds a partir de 1\u00ba de setembro. <strong>A mudan\u00e7a obriga o uso exclusivo do Emissor Nacional da Nota Fiscal de Servi\u00e7o eletr\u00f4nica (NFS-e), substituindo os sistemas pr\u00f3prios de cada munic\u00edpio.<\/strong><img decoding=\"async\" src=\"https:\/\/agenciabrasil.ebc.com.br\/ebc.png?id=1687717&#038;o=rss\"><img decoding=\"async\" src=\"https:\/\/agenciabrasil.ebc.com.br\/ebc.gif?id=1687717&#038;o=rss\"><\/p>\n<p>Definida por resolu\u00e7\u00e3o do <a href=\"https:\/\/www.in.gov.br\/web\/dou\/-\/resolucao-cgsn-n-189-de-23-de-abril-de-2026-702052637\" target=\"_blank\">Comit\u00ea Gestor do Simples Nacional (CGSN)<\/a>, a regra tem como objetivo padronizar a emiss\u00e3o de notas fiscais, reduzir burocracia e integrar dados tribut\u00e1rios entre Uni\u00e3o, estados e munic\u00edpios.<\/p>\n<\/p>\n<h3>Not\u00edcias relacionadas:<\/h3>\n<ul>\n<li><a href=\"https:\/\/agenciabrasil.ebc.com.br\/economia\/noticia\/2026-04\/reducao-da-jornada-vai-favorecer-o-empreendodorismo-diz-ministro\">Redu\u00e7\u00e3o da jornada vai favorecer o empreendodorismo, diz ministro.<\/a><\/li>\n<li><a href=\"https:\/\/agenciabrasil.ebc.com.br\/direitos-humanos\/noticia\/2026-04\/mulheres-empreendem-em-bioeconomia-e-mudam-de-vida-no-sudeste-do-para\">Mulheres empreendem em bioeconomia e mudam de vida no Sudeste do Par\u00e1.<\/a><\/li>\n<li><a href=\"https:\/\/agenciabrasil.ebc.com.br\/economia\/noticia\/2026-03\/abertura-de-pequenos-negocios-bate-recorde-em-2026\">Abertura de pequenos neg\u00f3cios bate recorde em 2026.<\/a><\/li>\n<\/ul>\n<p>Atualmente, cada cidade pode ter um modelo diferente de emiss\u00e3o de nota fiscal de servi\u00e7o. <strong>Com a nova norma, todas as empresas do Simples passar\u00e3o a usar o mesmo sistema, independentemente de onde atuam.<\/strong><\/p>\n<p><strong>O que muda na pr\u00e1tica?<\/strong><\/p>\n<p>A principal altera\u00e7\u00e3o \u00e9 a obrigatoriedade de usar apenas o sistema nacional para emitir notas fiscais de servi\u00e7os.<\/p>\n<p><strong>Quem ser\u00e1 afetado:<\/strong><\/p>\n<ul>\n<li>\u00a0\u00a0\u00a0\u00a0Microempresas (ME)<\/li>\n<li>\u00a0\u00a0\u00a0\u00a0Empresas de Pequeno Porte (EPP)<\/li>\n<li>\u00a0\u00a0\u00a0\u00a0Empresas com pedido de ades\u00e3o ao Simples ainda em an\u00e1lise<\/li>\n<li>\u00a0\u00a0\u00a0\u00a0Neg\u00f3cios em disputa administrativa ou com pend\u00eancias, se houver possibilidade de enquadramento<\/li>\n<\/ul>\n<p>Mesmo quem ainda n\u00e3o est\u00e1 formalmente no Simples pode ter que seguir a regra.<\/p>\n<p><strong>A mudan\u00e7a vale apenas para:<\/strong><\/p>\n<ul>\n<li>\u00a0\u00a0\u00a0\u00a0Opera\u00e7\u00f5es com mercadorias (tributadas pelo ICMS) n\u00e3o entram na regra<\/li>\n<li>\u00a0\u00a0\u00a0\u00a0Esses casos continuam seguindo sistemas estaduais ou pr\u00f3prios<\/li>\n<\/ul>\n<p><strong>Por que o governo fez isso?<\/strong><\/p>\n<p>A ideia \u00e9 tornar o sistema mais simples e integrado.<\/p>\n<p><strong>Hoje:<\/strong><\/p>\n<ul>\n<li>\u00a0\u00a0\u00a0\u00a0Cada munic\u00edpio tem seu pr\u00f3prio modelo<\/li>\n<li>\u00a0\u00a0\u00a0\u00a0Empresas que atuam em v\u00e1rias cidades precisam usar sistemas diferentes<\/li>\n<\/ul>\n<p><strong>Com a padroniza\u00e7\u00e3o:<\/strong><\/p>\n<ul>\n<li>\u00a0\u00a0\u00a0\u00a0A emiss\u00e3o ser\u00e1 feita em um \u00fanico ambiente nacional<\/li>\n<li>\u00a0\u00a0\u00a0\u00a0Os dados ser\u00e3o automaticamente compartilhados com os fiscos<\/li>\n<\/ul>\n<p><strong>Principais benef\u00edcios:<\/strong><\/p>\n<ul>\n<li>\u00a0 \u00a0 Padroniza\u00e7\u00e3o nacional: a mesma nota ser\u00e1 v\u00e1lida em qualquer cidade do pa\u00eds<\/li>\n<li>\u00a0\u00a0\u00a0\u00a0Menos burocracia: empresas deixam de lidar com v\u00e1rios sistemas diferentes<\/li>\n<li>\u00a0\u00a0\u00a0\u00a0Integra\u00e7\u00e3o de dados: informa\u00e7\u00f5es fiscais ser\u00e3o compartilhadas entre Uni\u00e3o, estados e munic\u00edpios<\/li>\n<\/ul>\n<p><strong>Facilidade tecnol\u00f3gica:<\/strong><\/p>\n<ul>\n<li>\u00a0\u00a0\u00a0\u00a0Emiss\u00e3o via portal online<\/li>\n<li>\u00a0\u00a0\u00a0\u00a0Integra\u00e7\u00e3o com API das empresas. As API s\u00e3o interfaces tecnol\u00f3gicas que conectam diferentes sistemas financeiros<\/li>\n<\/ul>\n<h2>O que esperar<\/h2>\n<p>Segundo o governo, a medida deve facilitar o cumprimento de obriga\u00e7\u00f5es fiscais, principalmente para empresas que prestam servi\u00e7os em mais de um munic\u00edpio.<\/p>\n<p>Ao mesmo tempo, amplia o controle do Fisco sobre as opera\u00e7\u00f5es e melhora a organiza\u00e7\u00e3o das informa\u00e7\u00f5es tribut\u00e1rias no pa\u00eds.<\/p>\n<p><strong>A mudan\u00e7a faz parte de um movimento maior de digitaliza\u00e7\u00e3o e padroniza\u00e7\u00e3o do sistema tribut\u00e1rio brasileiro.<\/strong><\/p>\n","protected":false},"excerpt":{"rendered":"<p>As micro e pequenas empresas enquadradas no Simples Nacional ter\u00e3o que emitir notas fiscais de servi\u00e7o por um sistema \u00fanico em todo o pa\u00eds a partir de 1\u00ba de setembro. A mudan\u00e7a obriga o uso exclusivo do Emissor Nacional da Nota Fiscal de Servi\u00e7o eletr\u00f4nica (NFS-e), substituindo os sistemas pr\u00f3prios de cada munic\u00edpio. Definida por [&hellip;]<\/p>\n","protected":false},"author":14,"featured_media":36635,"comment_status":"open","ping_status":"open","sticky":false,"template":"","format":"standard","meta":{"site-sidebar-layout":"default","site-content-layout":"","ast-site-content-layout":"default","site-content-style":"default","site-sidebar-style":"default","ast-global-header-display":"","ast-banner-title-visibility":"","ast-main-header-display":"","ast-hfb-above-header-display":"","ast-hfb-below-header-display":"","ast-hfb-mobile-header-display":"","site-post-title":"","ast-breadcrumbs-content":"","ast-featured-img":"","footer-sml-layout":"","ast-disable-related-posts":"","theme-transparent-header-meta":"","adv-header-id-meta":"","stick-header-meta":"","header-above-stick-meta":"","header-main-stick-meta":"","header-below-stick-meta":"","astra-migrate-meta-layouts":"default","ast-page-background-enabled":"default","ast-page-background-meta":{"desktop":{"background-color":"var(--ast-global-color-4)","background-image":"","background-repeat":"repeat","background-position":"center center","background-size":"auto","background-attachment":"scroll","background-type":"","background-media":"","overlay-type":"","overlay-color":"","overlay-opacity":"","overlay-gradient":""},"tablet":{"background-color":"","background-image":"","background-repeat":"repeat","background-position":"center center","background-size":"auto","background-attachment":"scroll","background-type":"","background-media":"","overlay-type":"","overlay-color":"","overlay-opacity":"","overlay-gradient":""},"mobile":{"background-color":"","background-image":"","background-repeat":"repeat","background-position":"center center","background-size":"auto","background-attachment":"scroll","background-type":"","background-media":"","overlay-type":"","overlay-color":"","overlay-opacity":"","overlay-gradient":""}},"ast-content-background-meta":{"desktop":{"background-color":"var(--ast-global-color-5)","background-image":"","background-repeat":"repeat","background-position":"center center","background-size":"auto","background-attachment":"scroll","background-type":"","background-media":"","overlay-type":"","overlay-color":"","overlay-opacity":"","overlay-gradient":""},"tablet":{"background-color":"var(--ast-global-color-5)","background-image":"","background-repeat":"repeat","background-position":"center center","background-size":"auto","background-attachment":"scroll","background-type":"","background-media":"","overlay-type":"","overlay-color":"","overlay-opacity":"","overlay-gradient":""},"mobile":{"background-color":"var(--ast-global-color-5)","background-image":"","background-repeat":"repeat","background-position":"center center","background-size":"auto","background-attachment":"scroll","background-type":"","background-media":"","overlay-type":"","overlay-color":"","overlay-opacity":"","overlay-gradient":""}},"footnotes":""},"categories":[37],"tags":[],"class_list":["post-36634","post","type-post","status-publish","format-standard","has-post-thumbnail","hentry","category-economia-e-negocios"],"_links":{"self":[{"href":"https:\/\/colunadahora.com.br\/index.php?rest_route=\/wp\/v2\/posts\/36634","targetHints":{"allow":["GET"]}}],"collection":[{"href":"https:\/\/colunadahora.com.br\/index.php?rest_route=\/wp\/v2\/posts"}],"about":[{"href":"https:\/\/colunadahora.com.br\/index.php?rest_route=\/wp\/v2\/types\/post"}],"author":[{"embeddable":true,"href":"https:\/\/colunadahora.com.br\/index.php?rest_route=\/wp\/v2\/users\/14"}],"replies":[{"embeddable":true,"href":"https:\/\/colunadahora.com.br\/index.php?rest_route=%2Fwp%2Fv2%2Fcomments&post=36634"}],"version-history":[{"count":0,"href":"https:\/\/colunadahora.com.br\/index.php?rest_route=\/wp\/v2\/posts\/36634\/revisions"}],"wp:featuredmedia":[{"embeddable":true,"href":"https:\/\/colunadahora.com.br\/index.php?rest_route=\/wp\/v2\/media\/36635"}],"wp:attachment":[{"href":"https:\/\/colunadahora.com.br\/index.php?rest_route=%2Fwp%2Fv2%2Fmedia&parent=36634"}],"wp:term":[{"taxonomy":"category","embeddable":true,"href":"https:\/\/colunadahora.com.br\/index.php?rest_route=%2Fwp%2Fv2%2Fcategories&post=36634"},{"taxonomy":"post_tag","embeddable":true,"href":"https:\/\/colunadahora.com.br\/index.php?rest_route=%2Fwp%2Fv2%2Ftags&post=36634"}],"curies":[{"name":"wp","href":"https:\/\/api.w.org\/{rel}","templated":true}]}}