{"id":36624,"date":"2026-04-29T18:17:20","date_gmt":"2026-04-29T21:17:20","guid":{"rendered":"https:\/\/colunadahora.com.br\/?p=36624"},"modified":"2026-04-29T18:17:20","modified_gmt":"2026-04-29T21:17:20","slug":"supremo-chega-a-14-mil-condenados-pelos-atos-golpistas","status":"publish","type":"post","link":"https:\/\/colunadahora.com.br\/?p=36624","title":{"rendered":"Supremo chega a 1,4 mil condenados pelos atos golpistas"},"content":{"rendered":"<\/p>\n<p><a class=\"\" href=\"https:\/\/agenciabrasil.ebc.com.br\/justica\/noticia\/2026-04\/supremo-chega-14-mil-condenados-pelos-atos-golpistas\"><br \/>\n                    <img decoding=\"async\" src=\"https:\/\/cdn.jsdelivr.net\/gh\/sergiosdlima\/assets-ebc@1.0.0\/abr\/assets\/images\/logo-agenciabrasil.svg\" alt=\"Logo Ag\u00eancia Brasil\"><br \/>\n\t\t\t\t<\/a><\/p>\n<p><strong>O Supremo Tribunal Federal (STF) chegou ao patamar de 1.402 condenados pelos atos golpistas de 8 de janeiro de 2023.<\/strong>\u00a0As penas est\u00e3o divididas da seguinte forma:<img decoding=\"async\" src=\"https:\/\/agenciabrasil.ebc.com.br\/ebc.png?id=1687707&#038;o=rss\"><img decoding=\"async\" src=\"https:\/\/agenciabrasil.ebc.com.br\/ebc.gif?id=1687707&#038;o=rss\"><\/p>\n<ul>\n<li>431 &#8211;\u00a0penas de pris\u00e3o<\/li>\n<li>419 &#8211; penas alternativas<\/li>\n<li>552 &#8211; acordos de n\u00e3o persecu\u00e7\u00e3o penal.<\/li>\n<\/ul>\n<p>O balan\u00e7o sobre o andamento dos processos foi divulgado nesta quarta-feira (29) pelo gabinete do ministro Alexandre de Moraes, relator do caso.<\/p>\n<\/p>\n<h3>Not\u00edcias relacionadas:<\/h3>\n<ul>\n<li><a href=\"https:\/\/agenciabrasil.ebc.com.br\/justica\/noticia\/2026-04\/mprj-ouve-parentes-de-mortos-na-operacao-contencao-para-elucidar-fatos\">MPRJ ouve parentes de mortos na Opera\u00e7\u00e3o Conten\u00e7\u00e3o para elucidar fatos.<\/a><\/li>\n<li><a href=\"https:\/\/agenciabrasil.ebc.com.br\/justica\/noticia\/2026-04\/stf-manda-sp-indenizar-fotografo-que-ficou-cego-apos-acao-da-pm\">STF manda SP indenizar fot\u00f3grafo que ficou cego ap\u00f3s a\u00e7\u00e3o da PM .<\/a><\/li>\n<li><a href=\"https:\/\/agenciabrasil.ebc.com.br\/justica\/noticia\/2026-04\/tse-tem-maioria-para-cassar-mandato-do-governador-de-roraima\">TSE tem maioria para cassar mandato do governador de Roraima.<\/a><\/li>\n<\/ul>\n<p><strong>De acordo com o levantamento, o maior grupo de condenados \u00e9 formado por 404 r\u00e9us, que receberam penas de um ano de pris\u00e3o, n\u00famero equivalente a 28,82% do total de condena\u00e7\u00f5es. Em seguida, foram registradas 213 condena\u00e7\u00f5es a 14 anos de pris\u00e3o, representando 15,19% do total.<\/strong><\/p>\n<p><strong>A pena mais alta foi aplicada ao ex-presidente Jair Bolsonaro, \u00fanico <a href=\"https:\/\/agenciabrasil.ebc.com.br\/justica\/noticia\/2025-09\/stf-condena-bolsonaro-27-anos-e-tres-meses-de-prisao\" target=\"_blank\">condenado a 27 anos e tr\u00eas meses<\/a> de pris\u00e3o.<\/strong><\/p>\n<p>O balan\u00e7o tamb\u00e9m mostra que 190 acusados est\u00e3o presos, sendo 169 que j\u00e1 tiveram as penas definitivas executadas e 21 pris\u00f5es provis\u00f3rias.<\/p>\n<p><a href=\"https:\/\/www.whatsapp.com\/channel\/0029VaoRTgrInlqYLSk59B2M\">>> Siga o canal da <strong>Ag\u00eancia Brasil<\/strong> no WhatsApp<\/a><\/p>\n<h2>N\u00facleos<\/h2>\n<p>No ano passado, a Primeira Turma da Corte teve\u00a021 sess\u00f5es\u00a0para julgar os n\u00facleos crucial, estrat\u00e9gico, executores e de desinforma\u00e7\u00e3o, formados por investigados ligados a Bolsonaro.<\/p>\n<p>O julgamento terminou com 29 condena\u00e7\u00f5es de r\u00e9us e 2 absolvi\u00e7\u00f5es.\u00a0<\/p>\n<p>Na sexta-feira (24), Alexandre de Moraes encerrou a execu\u00e7\u00e3o definitiva das penas dos condenados pela trama golpista.<\/p>\n<p>As pris\u00f5es foram completadas ap\u00f3s o ministro determinar a execu\u00e7\u00e3o das condena\u00e7\u00f5es dos cinco condenados do N\u00facleo 2, o \u00faltimo grupo que estava pendente. Os r\u00e9us que pertencem aos\u00a0n\u00facleos 1, 3 e 4 j\u00e1 tiveram as pris\u00f5es determinadas.<\/p>\n<h2>8 de janeiro<\/h2>\n<p>Os <a href=\"https:\/\/agenciabrasil.ebc.com.br\/tags\/atos-antidemocraticos\" target=\"_blank\">ataques antidemocr\u00e1ticos<\/a> ocorridos em 8 de janeiro de 2023 marcaram um dos epis\u00f3dios mais graves contra as institui\u00e7\u00f5es brasileiras, quando grupos de manifestantes invadiram e depredaram as sedes do Pal\u00e1cio do Planalto, do Congresso Nacional e do Supremo Tribunal Federal (STF).<\/p>\n<p>Motivados pelo inconformismo com o resultado das elei\u00e7\u00f5es presidenciais de 2022, os extremistas depredaram \u00a0patrim\u00f4nio hist\u00f3rico e art\u00edstico nacional, em uma tentativa de instigar um golpe de Estado e interromper a ordem democr\u00e1tica.<\/p>\n<p>Desde o ocorrido, o Poder Judici\u00e1rio tem atuado na responsabiliza\u00e7\u00e3o dos envolvidos, desde os executores diretos at\u00e9 os financiadores e mentores intelectuais da tentativa de golpe. A investiga\u00e7\u00e3o, conduzida sob a relatoria do ministro Alexandre de Moraes no STF, desmembrou as condutas em diferentes n\u00facleos de atua\u00e7\u00e3o.<\/p>\n","protected":false},"excerpt":{"rendered":"<p>O Supremo Tribunal Federal (STF) chegou ao patamar de 1.402 condenados pelos atos golpistas de 8 de janeiro de 2023.\u00a0As penas est\u00e3o divididas da seguinte forma: 431 &#8211;\u00a0penas de pris\u00e3o 419 &#8211; penas alternativas 552 &#8211; acordos de n\u00e3o persecu\u00e7\u00e3o penal. O balan\u00e7o sobre o andamento dos processos foi divulgado nesta quarta-feira (29) pelo gabinete [&hellip;]<\/p>\n","protected":false},"author":45,"featured_media":36625,"comment_status":"open","ping_status":"open","sticky":false,"template":"","format":"standard","meta":{"site-sidebar-layout":"default","site-content-layout":"","ast-site-content-layout":"default","site-content-style":"default","site-sidebar-style":"default","ast-global-header-display":"","ast-banner-title-visibility":"","ast-main-header-display":"","ast-hfb-above-header-display":"","ast-hfb-below-header-display":"","ast-hfb-mobile-header-display":"","site-post-title":"","ast-breadcrumbs-content":"","ast-featured-img":"","footer-sml-layout":"","ast-disable-related-posts":"","theme-transparent-header-meta":"","adv-header-id-meta":"","stick-header-meta":"","header-above-stick-meta":"","header-main-stick-meta":"","header-below-stick-meta":"","astra-migrate-meta-layouts":"default","ast-page-background-enabled":"default","ast-page-background-meta":{"desktop":{"background-color":"var(--ast-global-color-4)","background-image":"","background-repeat":"repeat","background-position":"center center","background-size":"auto","background-attachment":"scroll","background-type":"","background-media":"","overlay-type":"","overlay-color":"","overlay-opacity":"","overlay-gradient":""},"tablet":{"background-color":"","background-image":"","background-repeat":"repeat","background-position":"center center","background-size":"auto","background-attachment":"scroll","background-type":"","background-media":"","overlay-type":"","overlay-color":"","overlay-opacity":"","overlay-gradient":""},"mobile":{"background-color":"","background-image":"","background-repeat":"repeat","background-position":"center center","background-size":"auto","background-attachment":"scroll","background-type":"","background-media":"","overlay-type":"","overlay-color":"","overlay-opacity":"","overlay-gradient":""}},"ast-content-background-meta":{"desktop":{"background-color":"var(--ast-global-color-5)","background-image":"","background-repeat":"repeat","background-position":"center center","background-size":"auto","background-attachment":"scroll","background-type":"","background-media":"","overlay-type":"","overlay-color":"","overlay-opacity":"","overlay-gradient":""},"tablet":{"background-color":"var(--ast-global-color-5)","background-image":"","background-repeat":"repeat","background-position":"center center","background-size":"auto","background-attachment":"scroll","background-type":"","background-media":"","overlay-type":"","overlay-color":"","overlay-opacity":"","overlay-gradient":""},"mobile":{"background-color":"var(--ast-global-color-5)","background-image":"","background-repeat":"repeat","background-position":"center center","background-size":"auto","background-attachment":"scroll","background-type":"","background-media":"","overlay-type":"","overlay-color":"","overlay-opacity":"","overlay-gradient":""}},"footnotes":""},"categories":[3],"tags":[],"class_list":["post-36624","post","type-post","status-publish","format-standard","has-post-thumbnail","hentry","category-seguranca-e-justica"],"_links":{"self":[{"href":"https:\/\/colunadahora.com.br\/index.php?rest_route=\/wp\/v2\/posts\/36624","targetHints":{"allow":["GET"]}}],"collection":[{"href":"https:\/\/colunadahora.com.br\/index.php?rest_route=\/wp\/v2\/posts"}],"about":[{"href":"https:\/\/colunadahora.com.br\/index.php?rest_route=\/wp\/v2\/types\/post"}],"author":[{"embeddable":true,"href":"https:\/\/colunadahora.com.br\/index.php?rest_route=\/wp\/v2\/users\/45"}],"replies":[{"embeddable":true,"href":"https:\/\/colunadahora.com.br\/index.php?rest_route=%2Fwp%2Fv2%2Fcomments&post=36624"}],"version-history":[{"count":0,"href":"https:\/\/colunadahora.com.br\/index.php?rest_route=\/wp\/v2\/posts\/36624\/revisions"}],"wp:featuredmedia":[{"embeddable":true,"href":"https:\/\/colunadahora.com.br\/index.php?rest_route=\/wp\/v2\/media\/36625"}],"wp:attachment":[{"href":"https:\/\/colunadahora.com.br\/index.php?rest_route=%2Fwp%2Fv2%2Fmedia&parent=36624"}],"wp:term":[{"taxonomy":"category","embeddable":true,"href":"https:\/\/colunadahora.com.br\/index.php?rest_route=%2Fwp%2Fv2%2Fcategories&post=36624"},{"taxonomy":"post_tag","embeddable":true,"href":"https:\/\/colunadahora.com.br\/index.php?rest_route=%2Fwp%2Fv2%2Ftags&post=36624"}],"curies":[{"name":"wp","href":"https:\/\/api.w.org\/{rel}","templated":true}]}}