{"id":36582,"date":"2026-04-29T11:35:50","date_gmt":"2026-04-29T14:35:50","guid":{"rendered":"https:\/\/colunadahora.com.br\/?p=36582"},"modified":"2026-04-29T11:35:50","modified_gmt":"2026-04-29T14:35:50","slug":"portal-colunadahora-com-br-vereador-cria-lei-alertando-pais-e-educadores-sobre-uso-excessivo-de-telas-por-criancas-e-adolescentes-em-porto-velho","status":"publish","type":"post","link":"https:\/\/colunadahora.com.br\/?p=36582","title":{"rendered":"PORTAL COLUNADAHORA.COM.BR &#8211; VEREADOR CRIA LEI ALERTANDO PAIS E EDUCADORES SOBRE USO EXCESSIVO DE TELAS POR CRIAN\u00c7AS E ADOLESCENTES EM PORTO VELHO"},"content":{"rendered":"<p style=\"text-align: center;\"><em>Projeto foi aprovado por unanimidade na C\u00e2mara de Vereadores e cria a Semana Municipal de Conscientiza\u00e7\u00e3o sobre o Uso Excessivo de Telas por Crian\u00e7as e Adolescentes &#8211; Foto: Marcelo Gladson \/ O OBSERVADOR<\/em><\/p>\n<p>&nbsp;<\/p>\n<p>Porto Velho, RO &#8211; A C\u00e2mara Municipal de Porto Velho aprovou o Projeto de Lei n\u00ba 4998\/2025, de autoria do vereador Everaldo Foga\u00e7a (PSD), que institui a Semana Municipal de Conscientiza\u00e7\u00e3o sobre o Uso Excessivo de Telas por Crian\u00e7as e Adolescentes. A medida agora segue para san\u00e7\u00e3o do prefeito.<\/p>\n<p>A nova legisla\u00e7\u00e3o estabelece que a campanha ser\u00e1 realizada anualmente na primeira semana de outubro, com o objetivo de alertar pais, educadores e a sociedade sobre os riscos do uso excessivo de celulares, tablets, computadores e outros dispositivos digitais por crian\u00e7as e adolescentes.<\/p>\n<p><strong>Objetivo da lei aprovada em Porto Velho<\/strong><\/p>\n<p>De acordo com o texto aprovado, a iniciativa busca promover informa\u00e7\u00e3o e orienta\u00e7\u00e3o sobre os impactos do uso prolongado de telas, que podem afetar diretamente a sa\u00fade f\u00edsica e mental dos jovens.<\/p>\n<p>Entre os principais problemas associados ao excesso de telas est\u00e3o dificuldades de concentra\u00e7\u00e3o, sedentarismo, dist\u00farbios do sono, ansiedade e preju\u00edzos no desenvolvimento cognitivo e social.<br \/>\nA\u00e7\u00f5es previstas durante a semana de conscientiza\u00e7\u00e3o<\/p>\n<p><strong>A lei prev\u00ea a realiza\u00e7\u00e3o de diversas atividades educativas em Porto Velho, como:<\/strong><br \/>\n&#8211; Campanhas em escolas p\u00fablicas e privadas<br \/>\n&#8211; Palestras, debates e rodas de conversa com especialistas<br \/>\n&#8211; Distribui\u00e7\u00e3o de materiais informativos<br \/>\n&#8211; Parcerias com institui\u00e7\u00f5es de ensino, conselhos tutelares e universidades<br \/>\n&#8211; Divulga\u00e7\u00e3o de conte\u00fados educativos nas redes sociais oficiais<\/p>\n<p>As a\u00e7\u00f5es poder\u00e3o ser desenvolvidas de forma integrada por secretarias municipais, especialmente as \u00e1reas de Sa\u00fade, Educa\u00e7\u00e3o e Assist\u00eancia Social.<\/p>\n<p><strong>Sem aumento de gastos p\u00fablicos<\/strong><\/p>\n<p>Um dos pontos destacados no projeto \u00e9 que a execu\u00e7\u00e3o das atividades n\u00e3o deve gerar novas despesas para o munic\u00edpio. As a\u00e7\u00f5es poder\u00e3o ser realizadas com recursos j\u00e1 existentes e por meio de parcerias institucionais.<\/p>\n<p><strong>Import\u00e2ncia da conscientiza\u00e7\u00e3o sobre uso de telas<\/strong><\/p>\n<p>Na justificativa do projeto, o vereador Everaldo Foga\u00e7a ressaltou que o uso excessivo de dispositivos digitais tem se tornado uma preocupa\u00e7\u00e3o crescente. Estudos de institui\u00e7\u00f5es como a Sociedade Brasileira de Pediatria e a Organiza\u00e7\u00e3o Mundial da Sa\u00fade apontam que o uso descontrolado pode trazer diversos preju\u00edzos \u00e0 inf\u00e2ncia e \u00e0 adolesc\u00eancia.<\/p>\n<p>Segundo o parlamentar, a cria\u00e7\u00e3o da semana de conscientiza\u00e7\u00e3o refor\u00e7a o papel do poder p\u00fablico na preven\u00e7\u00e3o e na promo\u00e7\u00e3o de h\u00e1bitos mais saud\u00e1veis.<\/p>\n<p>Com a aprova\u00e7\u00e3o, Porto Velho passa a contar com uma pol\u00edtica p\u00fablica voltada \u00e0 educa\u00e7\u00e3o digital e ao bem-estar de crian\u00e7as e adolescentes, tema cada vez mais relevante na sociedade atual.<\/p>\n","protected":false},"excerpt":{"rendered":"<p>Projeto foi aprovado por unanimidade na C\u00e2mara de Vereadores e cria a Semana Municipal de Conscientiza\u00e7\u00e3o sobre o Uso Excessivo de Telas por Crian\u00e7as e Adolescentes &#8211; Foto: Marcelo Gladson \/ O OBSERVADOR &nbsp; Porto Velho, RO &#8211; A C\u00e2mara Municipal de Porto Velho aprovou o Projeto de Lei n\u00ba 4998\/2025, de autoria do vereador [&hellip;]<\/p>\n","protected":false},"author":1,"featured_media":36583,"comment_status":"open","ping_status":"closed","sticky":false,"template":"","format":"standard","meta":{"site-sidebar-layout":"default","site-content-layout":"","ast-site-content-layout":"default","site-content-style":"default","site-sidebar-style":"default","ast-global-header-display":"","ast-banner-title-visibility":"","ast-main-header-display":"","ast-hfb-above-header-display":"","ast-hfb-below-header-display":"","ast-hfb-mobile-header-display":"","site-post-title":"","ast-breadcrumbs-content":"","ast-featured-img":"","footer-sml-layout":"","ast-disable-related-posts":"","theme-transparent-header-meta":"default","adv-header-id-meta":"","stick-header-meta":"","header-above-stick-meta":"","header-main-stick-meta":"","header-below-stick-meta":"","astra-migrate-meta-layouts":"set","ast-page-background-enabled":"default","ast-page-background-meta":{"desktop":{"background-color":"var(--ast-global-color-4)","background-image":"","background-repeat":"repeat","background-position":"center center","background-size":"auto","background-attachment":"scroll","background-type":"","background-media":"","overlay-type":"","overlay-color":"","overlay-opacity":"","overlay-gradient":""},"tablet":{"background-color":"","background-image":"","background-repeat":"repeat","background-position":"center center","background-size":"auto","background-attachment":"scroll","background-type":"","background-media":"","overlay-type":"","overlay-color":"","overlay-opacity":"","overlay-gradient":""},"mobile":{"background-color":"","background-image":"","background-repeat":"repeat","background-position":"center center","background-size":"auto","background-attachment":"scroll","background-type":"","background-media":"","overlay-type":"","overlay-color":"","overlay-opacity":"","overlay-gradient":""}},"ast-content-background-meta":{"desktop":{"background-color":"var(--ast-global-color-5)","background-image":"","background-repeat":"repeat","background-position":"center center","background-size":"auto","background-attachment":"scroll","background-type":"","background-media":"","overlay-type":"","overlay-color":"","overlay-opacity":"","overlay-gradient":""},"tablet":{"background-color":"var(--ast-global-color-5)","background-image":"","background-repeat":"repeat","background-position":"center center","background-size":"auto","background-attachment":"scroll","background-type":"","background-media":"","overlay-type":"","overlay-color":"","overlay-opacity":"","overlay-gradient":""},"mobile":{"background-color":"var(--ast-global-color-5)","background-image":"","background-repeat":"repeat","background-position":"center center","background-size":"auto","background-attachment":"scroll","background-type":"","background-media":"","overlay-type":"","overlay-color":"","overlay-opacity":"","overlay-gradient":""}},"footnotes":""},"categories":[46,18,4],"tags":[],"class_list":["post-36582","post","type-post","status-publish","format-standard","has-post-thumbnail","hentry","category-destaques-da-hora","category-educacao-e-carreiras","category-politica"],"_links":{"self":[{"href":"https:\/\/colunadahora.com.br\/index.php?rest_route=\/wp\/v2\/posts\/36582","targetHints":{"allow":["GET"]}}],"collection":[{"href":"https:\/\/colunadahora.com.br\/index.php?rest_route=\/wp\/v2\/posts"}],"about":[{"href":"https:\/\/colunadahora.com.br\/index.php?rest_route=\/wp\/v2\/types\/post"}],"author":[{"embeddable":true,"href":"https:\/\/colunadahora.com.br\/index.php?rest_route=\/wp\/v2\/users\/1"}],"replies":[{"embeddable":true,"href":"https:\/\/colunadahora.com.br\/index.php?rest_route=%2Fwp%2Fv2%2Fcomments&post=36582"}],"version-history":[{"count":1,"href":"https:\/\/colunadahora.com.br\/index.php?rest_route=\/wp\/v2\/posts\/36582\/revisions"}],"predecessor-version":[{"id":36584,"href":"https:\/\/colunadahora.com.br\/index.php?rest_route=\/wp\/v2\/posts\/36582\/revisions\/36584"}],"wp:featuredmedia":[{"embeddable":true,"href":"https:\/\/colunadahora.com.br\/index.php?rest_route=\/wp\/v2\/media\/36583"}],"wp:attachment":[{"href":"https:\/\/colunadahora.com.br\/index.php?rest_route=%2Fwp%2Fv2%2Fmedia&parent=36582"}],"wp:term":[{"taxonomy":"category","embeddable":true,"href":"https:\/\/colunadahora.com.br\/index.php?rest_route=%2Fwp%2Fv2%2Fcategories&post=36582"},{"taxonomy":"post_tag","embeddable":true,"href":"https:\/\/colunadahora.com.br\/index.php?rest_route=%2Fwp%2Fv2%2Ftags&post=36582"}],"curies":[{"name":"wp","href":"https:\/\/api.w.org\/{rel}","templated":true}]}}