{"id":36578,"date":"2026-04-29T11:23:47","date_gmt":"2026-04-29T14:23:47","guid":{"rendered":"https:\/\/colunadahora.com.br\/?p=36578"},"modified":"2026-04-29T11:23:47","modified_gmt":"2026-04-29T14:23:47","slug":"portal-colunadahora-com-br-equipe-enem-convoca-alunos-para-nova-turma-no-colegio-militar-em-porto-velho-ro","status":"publish","type":"post","link":"https:\/\/colunadahora.com.br\/?p=36578","title":{"rendered":"PORTAL COLUNADAHORA.COM.BR &#8211; EQUIPE ENEM CONVOCA ALUNOS PARA NOVA TURMA NO COL\u00c9GIO MILITAR EM PORTO VELHO-RO"},"content":{"rendered":"<p>A Equipe Enem\u00a0<mark class=\"HxTRcb\" data-processed=\"true\">\u00e9 um curso preparat\u00f3rio exclusivo para estudantes da rede de educa\u00e7\u00e3o em Porto Velho, focado no suporte educacional para o Exame Nacional do Ensino M\u00e9dio, com aulas no Col\u00e9gio Tiradentes da Pol\u00edcia Militar \u2013 CTPM.<\/mark>\u00a0A institui\u00e7\u00e3o oferece prepara\u00e7\u00e3o completa com aulas, simulados e material did\u00e1tico exclusivo, atuando no suporte de alunos que buscam o ensino superior.<span class=\"uJ19be notranslate\" data-wiz-uids=\"OPtxsb_c\" data-processed=\"true\"><span class=\"vKEkVd\" data-animation-atomic=\"\" data-wiz-attrbind=\"class=OPtxsb_b\/TKHnVd\" data-processed=\"true\">\u00a0<\/span><\/span><\/p>\n<p><strong>EQUIPE<\/strong><\/p>\n<p>As aulas ser\u00e3o ministradas por professores especialistas nas disciplinas das cinco \u00e1reas do conhecimento avaliadas no Enem.\u00a0Os inscritos v\u00e3o ter dispon\u00edveis materiais did\u00e1ticos focados nas quest\u00f5es que caem no Enem, banca de reda\u00e7\u00e3o nota m\u00e1xima, \u00edndices de aproveitamento e simulados, tudo de acordo com o edital da prova.<\/p>\n<p><strong>Giovanni Marini \u2013 Geografia<\/strong>\u00a0<strong>Neizinho \u2013 Matem\u00e1tica<\/strong>\u00a0<strong>Hermano J\u00fanior \u2013 Matem\u00e1tica<\/strong>\u00a0<strong>Kleber Sales \u2013 Matem\u00e1tica<\/strong>\u00a0<strong>Kleber Lima \u2013 Hist\u00f3ria<\/strong>\u00a0<strong>Ver\u00f4nica \u2013 Qu\u00edmica<\/strong>\u00a0<strong>Cl\u00e1udio Silveira \u2013 F\u00edsica<\/strong>\u00a0<strong>Jarlesson \u2013 F\u00edsica<\/strong>\u00a0<strong>Rog\u00e9rio \u2013 Gram\u00e1tica e Espanhol<\/strong>\u00a0<strong>\u00cdtalo \u2013 Ingl\u00eas<\/strong>\u00a0<strong>Jo\u00e3o Paulo \u2013 Literatura<\/strong>\u00a0<strong>Marcos Ant\u00f4nio \u2013 Biologia<\/strong>\u00a0<strong>Wendel \u2013 Geografia e Atualidades<\/strong><\/p>\n<p>\u201cQuando se estuda com o material especializado exclusivo, o aluno se prepara com o que h\u00e1 de melhor e fica f\u00e1cil n\u00e3o s\u00f3 superar dificuldades que possui em alguma disciplina, mas refor\u00e7ar conhecimentos que ser\u00e3o necess\u00e1rios ou na faculdade ou na segunda fase, se o aluno estiver querendo enfrentar novos desafios como prestar em faculdades de renome nacional. Assim, fazer um bom resultado no ENEM vira consequ\u00eancia\u201d, comenta o Professor de matem\u00e1tica do Equipe Enem, Neizinho, uma das estrelas do grupo.<\/p>\n<p><strong>ONDE SE INSCREVER<\/strong><\/p>\n<p>Estudantes interessados em\u00a0<strong>ALCAN\u00c7AR NOTA M\u00c1XIMA NO ENEM<\/strong>\u00a0\u00e9 s\u00f3 participar das aulas que o\u00a0<strong>Curso Pr\u00e9 Vestibular Intensivo Equipe Enem<\/strong>\u00a0est\u00e1 oportunizando para alunos diferenciados e com o prop\u00f3sito de vencer.\u00a0<strong>Se inscrevam pelo fone 69 99309 1293<\/strong> ou tamb\u00e9m sigam a p\u00e1gina do instagran @equipeenem para acompanhar os conte\u00fados. <strong>Os primeiros 10 alunos que disserem que viram essa not\u00edcia ganham b\u00f4nus especial de 10% na inscri\u00e7\u00e3o.<\/strong>\u00a0O curso j\u00e1 est\u00e1 em andamento, mas ter\u00e1 programa\u00e7\u00e3o especial para\u00a0<strong>NOVOS ALUNOS.<\/strong><\/p>\n<p>&nbsp;<\/p>\n<div style=\"width: 480px;\" class=\"wp-video\"><video class=\"wp-video-shortcode\" id=\"video-36578-1\" width=\"480\" height=\"720\" preload=\"metadata\" controls=\"controls\"><source type=\"video\/mp4\" src=\"https:\/\/colunadahora.com.br\/wp-content\/uploads\/2026\/04\/ENEM.mp4.mp4?_=1\" \/><a href=\"https:\/\/colunadahora.com.br\/wp-content\/uploads\/2026\/04\/ENEM.mp4.mp4\">https:\/\/colunadahora.com.br\/wp-content\/uploads\/2026\/04\/ENEM.mp4.mp4<\/a><\/video><\/div>\n","protected":false},"excerpt":{"rendered":"<p>A Equipe Enem\u00a0\u00e9 um curso preparat\u00f3rio exclusivo para estudantes da rede de educa\u00e7\u00e3o em Porto Velho, focado no suporte educacional para o Exame Nacional do Ensino M\u00e9dio, com aulas no Col\u00e9gio Tiradentes da Pol\u00edcia Militar \u2013 CTPM.\u00a0A institui\u00e7\u00e3o oferece prepara\u00e7\u00e3o completa com aulas, simulados e material did\u00e1tico exclusivo, atuando no suporte de alunos que buscam [&hellip;]<\/p>\n","protected":false},"author":1,"featured_media":36579,"comment_status":"open","ping_status":"closed","sticky":false,"template":"","format":"standard","meta":{"site-sidebar-layout":"default","site-content-layout":"","ast-site-content-layout":"default","site-content-style":"default","site-sidebar-style":"default","ast-global-header-display":"","ast-banner-title-visibility":"","ast-main-header-display":"","ast-hfb-above-header-display":"","ast-hfb-below-header-display":"","ast-hfb-mobile-header-display":"","site-post-title":"","ast-breadcrumbs-content":"","ast-featured-img":"","footer-sml-layout":"","ast-disable-related-posts":"","theme-transparent-header-meta":"default","adv-header-id-meta":"","stick-header-meta":"","header-above-stick-meta":"","header-main-stick-meta":"","header-below-stick-meta":"","astra-migrate-meta-layouts":"set","ast-page-background-enabled":"default","ast-page-background-meta":{"desktop":{"background-color":"var(--ast-global-color-4)","background-image":"","background-repeat":"repeat","background-position":"center center","background-size":"auto","background-attachment":"scroll","background-type":"","background-media":"","overlay-type":"","overlay-color":"","overlay-opacity":"","overlay-gradient":""},"tablet":{"background-color":"","background-image":"","background-repeat":"repeat","background-position":"center center","background-size":"auto","background-attachment":"scroll","background-type":"","background-media":"","overlay-type":"","overlay-color":"","overlay-opacity":"","overlay-gradient":""},"mobile":{"background-color":"","background-image":"","background-repeat":"repeat","background-position":"center center","background-size":"auto","background-attachment":"scroll","background-type":"","background-media":"","overlay-type":"","overlay-color":"","overlay-opacity":"","overlay-gradient":""}},"ast-content-background-meta":{"desktop":{"background-color":"var(--ast-global-color-5)","background-image":"","background-repeat":"repeat","background-position":"center center","background-size":"auto","background-attachment":"scroll","background-type":"","background-media":"","overlay-type":"","overlay-color":"","overlay-opacity":"","overlay-gradient":""},"tablet":{"background-color":"var(--ast-global-color-5)","background-image":"","background-repeat":"repeat","background-position":"center center","background-size":"auto","background-attachment":"scroll","background-type":"","background-media":"","overlay-type":"","overlay-color":"","overlay-opacity":"","overlay-gradient":""},"mobile":{"background-color":"var(--ast-global-color-5)","background-image":"","background-repeat":"repeat","background-position":"center center","background-size":"auto","background-attachment":"scroll","background-type":"","background-media":"","overlay-type":"","overlay-color":"","overlay-opacity":"","overlay-gradient":""}},"footnotes":""},"categories":[46,18],"tags":[],"class_list":["post-36578","post","type-post","status-publish","format-standard","has-post-thumbnail","hentry","category-destaques-da-hora","category-educacao-e-carreiras"],"_links":{"self":[{"href":"https:\/\/colunadahora.com.br\/index.php?rest_route=\/wp\/v2\/posts\/36578","targetHints":{"allow":["GET"]}}],"collection":[{"href":"https:\/\/colunadahora.com.br\/index.php?rest_route=\/wp\/v2\/posts"}],"about":[{"href":"https:\/\/colunadahora.com.br\/index.php?rest_route=\/wp\/v2\/types\/post"}],"author":[{"embeddable":true,"href":"https:\/\/colunadahora.com.br\/index.php?rest_route=\/wp\/v2\/users\/1"}],"replies":[{"embeddable":true,"href":"https:\/\/colunadahora.com.br\/index.php?rest_route=%2Fwp%2Fv2%2Fcomments&post=36578"}],"version-history":[{"count":1,"href":"https:\/\/colunadahora.com.br\/index.php?rest_route=\/wp\/v2\/posts\/36578\/revisions"}],"predecessor-version":[{"id":36581,"href":"https:\/\/colunadahora.com.br\/index.php?rest_route=\/wp\/v2\/posts\/36578\/revisions\/36581"}],"wp:featuredmedia":[{"embeddable":true,"href":"https:\/\/colunadahora.com.br\/index.php?rest_route=\/wp\/v2\/media\/36579"}],"wp:attachment":[{"href":"https:\/\/colunadahora.com.br\/index.php?rest_route=%2Fwp%2Fv2%2Fmedia&parent=36578"}],"wp:term":[{"taxonomy":"category","embeddable":true,"href":"https:\/\/colunadahora.com.br\/index.php?rest_route=%2Fwp%2Fv2%2Fcategories&post=36578"},{"taxonomy":"post_tag","embeddable":true,"href":"https:\/\/colunadahora.com.br\/index.php?rest_route=%2Fwp%2Fv2%2Ftags&post=36578"}],"curies":[{"name":"wp","href":"https:\/\/api.w.org\/{rel}","templated":true}]}}