{"id":36521,"date":"2026-04-28T19:17:27","date_gmt":"2026-04-28T22:17:27","guid":{"rendered":"https:\/\/colunadahora.com.br\/?p=36521"},"modified":"2026-04-28T19:17:27","modified_gmt":"2026-04-28T22:17:27","slug":"senado-aprova-cadastro-de-condenados-por-violencia-contra-mulher","status":"publish","type":"post","link":"https:\/\/colunadahora.com.br\/?p=36521","title":{"rendered":"Senado aprova cadastro de condenados por viol\u00eancia contra mulher"},"content":{"rendered":"<\/p>\n<p><a class=\"\" href=\"https:\/\/agenciabrasil.ebc.com.br\/politica\/noticia\/2026-04\/senado-aprova-cadastro-de-condenados-por-violencia-contra-mulher\"><br \/>\n                    <img decoding=\"async\" src=\"https:\/\/cdn.jsdelivr.net\/gh\/sergiosdlima\/assets-ebc@1.0.0\/abr\/assets\/images\/logo-agenciabrasil.svg\" alt=\"Logo Ag\u00eancia Brasil\"><br \/>\n\t\t\t\t<\/a><\/p>\n<p><strong>O Senado aprovou nesta ter\u00e7a-feira\u00a0(28) o projeto de Lei (PL) que cria o Cadastro Nacional de Pessoas Condenadas por Viol\u00eancia contra a Mulher (CNVM). A mat\u00e9ria agora segue para a san\u00e7\u00e3o do presidente Luiz In\u00e1cio Lula da Silva.<\/strong><img decoding=\"async\" src=\"https:\/\/agenciabrasil.ebc.com.br\/ebc.png?id=1687544&#038;o=rss\"><img decoding=\"async\" src=\"https:\/\/agenciabrasil.ebc.com.br\/ebc.gif?id=1687544&#038;o=rss\"><\/p>\n<p>Pelo projeto,<strong> ser\u00e1 criado um banco de dados com informa\u00e7\u00f5es de pessoas condenadas definitivamente por crimes como feminic\u00eddio, estupro, ass\u00e9dio, les\u00e3o corporal, persegui\u00e7\u00e3o e viol\u00eancia psicol\u00f3gica.\u00a0<\/strong><\/p>\n<\/p>\n<h3>Not\u00edcias relacionadas:<\/h3>\n<ul>\n<li><a href=\"https:\/\/agenciabrasil.ebc.com.br\/direitos-humanos\/noticia\/2026-04\/leis-de-protecao-mulher-transformacao-social-pode-demorar-geracoes\">Leis de prote\u00e7\u00e3o \u00e0 mulher: transforma\u00e7\u00e3o social pode demorar gera\u00e7\u00f5es .<\/a><\/li>\n<li><a href=\"https:\/\/agenciabrasil.ebc.com.br\/direitos-humanos\/noticia\/2026-04\/publicadas-leis-que-ampliam-combate-violencia-contra-mulheres\">Publicadas leis que ampliam combate \u00e0 viol\u00eancia contra as mulheres.<\/a><\/li>\n<li><a href=\"https:\/\/agenciabrasil.ebc.com.br\/direitos-humanos\/noticia\/2026-04\/saiba-quais-sao-novas-leis-que-ampliam-protecao-as-mulheres\">Saiba quais s\u00e3o as novas leis que ampliam a prote\u00e7\u00e3o \u00e0s mulheres.<\/a><\/li>\n<\/ul>\n<p>Caber\u00e1 \u00e0 Uni\u00e3o gerenciar\u00a0as informa\u00e7\u00f5es que ser\u00e3o compartilhadas entre \u00f3rg\u00e3os de seguran\u00e7a p\u00fablica federais, estaduais e do Distrito Federal.<\/p>\n<p><strong>Entre as informa\u00e7\u00f5es que poder\u00e3o constar da lista est\u00e3o nome, dados de documentos pessoais, filia\u00e7\u00e3o, fotografia, impress\u00f5es digitais, endere\u00e7o e o crime cometido, sendo garantido o sigilo da identidade da v\u00edtima.<\/strong><\/p>\n<p>De autoria da deputada Silvye Alves (uni\u00e3o-GO), o projeto foi aprovado nas comiss\u00f5es de Direitos Humanos (CDH) e de Constitui\u00e7\u00e3o e Justi\u00e7a (CCJ).<\/p>\n<p>A relatora do projeto na CDH, senadora Augusta brito (PT-CE), destacou que,\u00a0apesar da cria\u00e7\u00e3o de normas e pol\u00edticas p\u00fablicas voltadas ao enfrentamento da viol\u00eancia contra as mulheres, os crimes t\u00eam aumentado.<\/p>\n<p>Segundo a senadora, a cria\u00e7\u00e3o do CNVM, com car\u00e1ter sancionador e preventivo, pode auxiliar ainda mais no enfrentamento desse tipo de viol\u00eancia.<\/p>\n<p>\u201cA perspectiva de ter seu nome inclu\u00eddo nesse cadastro pode ter efeito dissuas\u00f3rio sobre parte dos potenciais agressores. Isso trar\u00e1 algum alento \u00e0s v\u00edtimas, que poder\u00e3o ter um pouco mais de tranquilidade sabendo que seus agressores estar\u00e3o sob maior vigil\u00e2ncia\u201d, afirmou.<\/p>\n<p><em>*Com informa\u00e7\u00f5es da Ag\u00eancia Senado<\/em><\/p>\n","protected":false},"excerpt":{"rendered":"<p>O Senado aprovou nesta ter\u00e7a-feira\u00a0(28) o projeto de Lei (PL) que cria o Cadastro Nacional de Pessoas Condenadas por Viol\u00eancia contra a Mulher (CNVM). A mat\u00e9ria agora segue para a san\u00e7\u00e3o do presidente Luiz In\u00e1cio Lula da Silva. Pelo projeto, ser\u00e1 criado um banco de dados com informa\u00e7\u00f5es de pessoas condenadas definitivamente por crimes como [&hellip;]<\/p>\n","protected":false},"author":1,"featured_media":36522,"comment_status":"open","ping_status":"open","sticky":false,"template":"","format":"standard","meta":{"site-sidebar-layout":"default","site-content-layout":"","ast-site-content-layout":"default","site-content-style":"default","site-sidebar-style":"default","ast-global-header-display":"","ast-banner-title-visibility":"","ast-main-header-display":"","ast-hfb-above-header-display":"","ast-hfb-below-header-display":"","ast-hfb-mobile-header-display":"","site-post-title":"","ast-breadcrumbs-content":"","ast-featured-img":"","footer-sml-layout":"","ast-disable-related-posts":"","theme-transparent-header-meta":"","adv-header-id-meta":"","stick-header-meta":"","header-above-stick-meta":"","header-main-stick-meta":"","header-below-stick-meta":"","astra-migrate-meta-layouts":"default","ast-page-background-enabled":"default","ast-page-background-meta":{"desktop":{"background-color":"var(--ast-global-color-4)","background-image":"","background-repeat":"repeat","background-position":"center center","background-size":"auto","background-attachment":"scroll","background-type":"","background-media":"","overlay-type":"","overlay-color":"","overlay-opacity":"","overlay-gradient":""},"tablet":{"background-color":"","background-image":"","background-repeat":"repeat","background-position":"center center","background-size":"auto","background-attachment":"scroll","background-type":"","background-media":"","overlay-type":"","overlay-color":"","overlay-opacity":"","overlay-gradient":""},"mobile":{"background-color":"","background-image":"","background-repeat":"repeat","background-position":"center center","background-size":"auto","background-attachment":"scroll","background-type":"","background-media":"","overlay-type":"","overlay-color":"","overlay-opacity":"","overlay-gradient":""}},"ast-content-background-meta":{"desktop":{"background-color":"var(--ast-global-color-5)","background-image":"","background-repeat":"repeat","background-position":"center center","background-size":"auto","background-attachment":"scroll","background-type":"","background-media":"","overlay-type":"","overlay-color":"","overlay-opacity":"","overlay-gradient":""},"tablet":{"background-color":"var(--ast-global-color-5)","background-image":"","background-repeat":"repeat","background-position":"center center","background-size":"auto","background-attachment":"scroll","background-type":"","background-media":"","overlay-type":"","overlay-color":"","overlay-opacity":"","overlay-gradient":""},"mobile":{"background-color":"var(--ast-global-color-5)","background-image":"","background-repeat":"repeat","background-position":"center center","background-size":"auto","background-attachment":"scroll","background-type":"","background-media":"","overlay-type":"","overlay-color":"","overlay-opacity":"","overlay-gradient":""}},"footnotes":""},"categories":[4],"tags":[],"class_list":["post-36521","post","type-post","status-publish","format-standard","has-post-thumbnail","hentry","category-politica"],"_links":{"self":[{"href":"https:\/\/colunadahora.com.br\/index.php?rest_route=\/wp\/v2\/posts\/36521","targetHints":{"allow":["GET"]}}],"collection":[{"href":"https:\/\/colunadahora.com.br\/index.php?rest_route=\/wp\/v2\/posts"}],"about":[{"href":"https:\/\/colunadahora.com.br\/index.php?rest_route=\/wp\/v2\/types\/post"}],"author":[{"embeddable":true,"href":"https:\/\/colunadahora.com.br\/index.php?rest_route=\/wp\/v2\/users\/1"}],"replies":[{"embeddable":true,"href":"https:\/\/colunadahora.com.br\/index.php?rest_route=%2Fwp%2Fv2%2Fcomments&post=36521"}],"version-history":[{"count":0,"href":"https:\/\/colunadahora.com.br\/index.php?rest_route=\/wp\/v2\/posts\/36521\/revisions"}],"wp:featuredmedia":[{"embeddable":true,"href":"https:\/\/colunadahora.com.br\/index.php?rest_route=\/wp\/v2\/media\/36522"}],"wp:attachment":[{"href":"https:\/\/colunadahora.com.br\/index.php?rest_route=%2Fwp%2Fv2%2Fmedia&parent=36521"}],"wp:term":[{"taxonomy":"category","embeddable":true,"href":"https:\/\/colunadahora.com.br\/index.php?rest_route=%2Fwp%2Fv2%2Fcategories&post=36521"},{"taxonomy":"post_tag","embeddable":true,"href":"https:\/\/colunadahora.com.br\/index.php?rest_route=%2Fwp%2Fv2%2Ftags&post=36521"}],"curies":[{"name":"wp","href":"https:\/\/api.w.org\/{rel}","templated":true}]}}