{"id":36519,"date":"2026-04-28T19:17:25","date_gmt":"2026-04-28T22:17:25","guid":{"rendered":"https:\/\/colunadahora.com.br\/?p=36519"},"modified":"2026-04-28T19:17:25","modified_gmt":"2026-04-28T22:17:25","slug":"stf-manda-sp-indenizar-fotografo-que-ficou-cego-apos-acao-da-pm","status":"publish","type":"post","link":"https:\/\/colunadahora.com.br\/?p=36519","title":{"rendered":"STF manda SP indenizar fot\u00f3grafo que ficou cego ap\u00f3s a\u00e7\u00e3o da PM"},"content":{"rendered":"<\/p>\n<p><a class=\"\" href=\"https:\/\/agenciabrasil.ebc.com.br\/justica\/noticia\/2026-04\/stf-manda-sp-indenizar-fotografo-que-ficou-cego-apos-acao-da-pm\"><br \/>\n                    <img decoding=\"async\" src=\"https:\/\/cdn.jsdelivr.net\/gh\/sergiosdlima\/assets-ebc@1.0.0\/abr\/assets\/images\/logo-agenciabrasil.svg\" alt=\"Logo Ag\u00eancia Brasil\"><br \/>\n\t\t\t\t<\/a><\/p>\n<p><strong>A Primeira Turma do Supremo Tribunal Federal (STF) decidiu nesta ter\u00e7a-feira (28) determinar que o estado de S\u00e3o Paulo deve indenizar o fotojornalista S\u00e9rgio Andrade Silva pelo ferimento que deixou o profissional cego do olho esquerdo.<\/strong><img decoding=\"async\" src=\"https:\/\/agenciabrasil.ebc.com.br\/ebc.png?id=1687548&#038;o=rss\"><img decoding=\"async\" src=\"https:\/\/agenciabrasil.ebc.com.br\/ebc.gif?id=1687548&#038;o=rss\"><\/p>\n<p>Em 2013, Silva foi atingido por uma bala de borracha durante um ato de protesto contra o aumento da tarifa de transporte p\u00fablico, na Avenida Paulista, em S\u00e3o Paulo. Ele foi atingido por policiais enquanto fazia a cobertura jornal\u00edstica do protesto.<\/p>\n<\/p>\n<h3>Not\u00edcias relacionadas:<\/h3>\n<ul>\n<li><a href=\"https:\/\/agenciabrasil.ebc.com.br\/justica\/noticia\/2026-04\/stf-julga-indenizacao-fotografo-que-ficou-cego-por-acao-da-pm-em-sp\">STF julga indeniza\u00e7\u00e3o a fot\u00f3grafo que ficou cego por a\u00e7\u00e3o da PM em SP.<\/a><\/li>\n<\/ul>\n<p>O caso chegou ao Supremo por meio de um recurso protocolado pela defesa de S\u00e9rgio Silva para derrubar as decis\u00f5es de primeira e segunda inst\u00e2ncias da Justi\u00e7a de S\u00e3o Paulo, que rejeitaram o pedido de indeniza\u00e7\u00e3o.<\/p>\n<p><strong>Por unanimidade, os ministros entenderam que a responsabilidade do estado deve ser reconhecida, ainda que a per\u00edcia do caso n\u00e3o tenha conclu\u00eddo que a les\u00e3o do fot\u00f3grafo ocorreu por disparo de bala de borracha.<\/strong><\/p>\n<p>Durante o julgamento, a ministra C\u00e1rmen L\u00facia afirmou que a per\u00edcia inconclusiva n\u00e3o exime o Estado de suas responsabilidades.<\/p>\n<blockquote>\n<p>&#8220;Ele estava trabalhando, estava ali cumprindo a fun\u00e7\u00e3o dele. Ent\u00e3o, \u00e9 abordado de maneira gravosa, com s\u00e9rias consequ\u00eancias&#8221;, comentou.<\/p>\n<\/blockquote>\n<p>O placar un\u00e2nime tamb\u00e9m contou com os votos dos ministros Fl\u00e1vio Dino, Cristiano Zanin e Alexandre de Moraes.\u00a0<\/p>\n<p>Com a decis\u00e3o, o estado de S\u00e3o Paulo dever\u00e1 pagar\u00a0danos morais e materiais ao fot\u00f3grafo.\u00a0<\/p>\n<p><strong>A defesa solicitou o direito \u00e0 pens\u00e3o mensal vital\u00edcia e o pagamento de R$ 100 mil reais por danos morais.\u00a0<\/strong><\/p>\n<p>O valor final ainda ser\u00e1 calculado pela Justi\u00e7a.<\/p>\n<p>\u00a0<\/p>\n","protected":false},"excerpt":{"rendered":"<p>A Primeira Turma do Supremo Tribunal Federal (STF) decidiu nesta ter\u00e7a-feira (28) determinar que o estado de S\u00e3o Paulo deve indenizar o fotojornalista S\u00e9rgio Andrade Silva pelo ferimento que deixou o profissional cego do olho esquerdo. Em 2013, Silva foi atingido por uma bala de borracha durante um ato de protesto contra o aumento da [&hellip;]<\/p>\n","protected":false},"author":45,"featured_media":36520,"comment_status":"open","ping_status":"open","sticky":false,"template":"","format":"standard","meta":{"site-sidebar-layout":"default","site-content-layout":"","ast-site-content-layout":"default","site-content-style":"default","site-sidebar-style":"default","ast-global-header-display":"","ast-banner-title-visibility":"","ast-main-header-display":"","ast-hfb-above-header-display":"","ast-hfb-below-header-display":"","ast-hfb-mobile-header-display":"","site-post-title":"","ast-breadcrumbs-content":"","ast-featured-img":"","footer-sml-layout":"","ast-disable-related-posts":"","theme-transparent-header-meta":"","adv-header-id-meta":"","stick-header-meta":"","header-above-stick-meta":"","header-main-stick-meta":"","header-below-stick-meta":"","astra-migrate-meta-layouts":"default","ast-page-background-enabled":"default","ast-page-background-meta":{"desktop":{"background-color":"var(--ast-global-color-4)","background-image":"","background-repeat":"repeat","background-position":"center center","background-size":"auto","background-attachment":"scroll","background-type":"","background-media":"","overlay-type":"","overlay-color":"","overlay-opacity":"","overlay-gradient":""},"tablet":{"background-color":"","background-image":"","background-repeat":"repeat","background-position":"center center","background-size":"auto","background-attachment":"scroll","background-type":"","background-media":"","overlay-type":"","overlay-color":"","overlay-opacity":"","overlay-gradient":""},"mobile":{"background-color":"","background-image":"","background-repeat":"repeat","background-position":"center center","background-size":"auto","background-attachment":"scroll","background-type":"","background-media":"","overlay-type":"","overlay-color":"","overlay-opacity":"","overlay-gradient":""}},"ast-content-background-meta":{"desktop":{"background-color":"var(--ast-global-color-5)","background-image":"","background-repeat":"repeat","background-position":"center center","background-size":"auto","background-attachment":"scroll","background-type":"","background-media":"","overlay-type":"","overlay-color":"","overlay-opacity":"","overlay-gradient":""},"tablet":{"background-color":"var(--ast-global-color-5)","background-image":"","background-repeat":"repeat","background-position":"center center","background-size":"auto","background-attachment":"scroll","background-type":"","background-media":"","overlay-type":"","overlay-color":"","overlay-opacity":"","overlay-gradient":""},"mobile":{"background-color":"var(--ast-global-color-5)","background-image":"","background-repeat":"repeat","background-position":"center center","background-size":"auto","background-attachment":"scroll","background-type":"","background-media":"","overlay-type":"","overlay-color":"","overlay-opacity":"","overlay-gradient":""}},"footnotes":""},"categories":[3],"tags":[],"class_list":["post-36519","post","type-post","status-publish","format-standard","has-post-thumbnail","hentry","category-seguranca-e-justica"],"_links":{"self":[{"href":"https:\/\/colunadahora.com.br\/index.php?rest_route=\/wp\/v2\/posts\/36519","targetHints":{"allow":["GET"]}}],"collection":[{"href":"https:\/\/colunadahora.com.br\/index.php?rest_route=\/wp\/v2\/posts"}],"about":[{"href":"https:\/\/colunadahora.com.br\/index.php?rest_route=\/wp\/v2\/types\/post"}],"author":[{"embeddable":true,"href":"https:\/\/colunadahora.com.br\/index.php?rest_route=\/wp\/v2\/users\/45"}],"replies":[{"embeddable":true,"href":"https:\/\/colunadahora.com.br\/index.php?rest_route=%2Fwp%2Fv2%2Fcomments&post=36519"}],"version-history":[{"count":0,"href":"https:\/\/colunadahora.com.br\/index.php?rest_route=\/wp\/v2\/posts\/36519\/revisions"}],"wp:featuredmedia":[{"embeddable":true,"href":"https:\/\/colunadahora.com.br\/index.php?rest_route=\/wp\/v2\/media\/36520"}],"wp:attachment":[{"href":"https:\/\/colunadahora.com.br\/index.php?rest_route=%2Fwp%2Fv2%2Fmedia&parent=36519"}],"wp:term":[{"taxonomy":"category","embeddable":true,"href":"https:\/\/colunadahora.com.br\/index.php?rest_route=%2Fwp%2Fv2%2Fcategories&post=36519"},{"taxonomy":"post_tag","embeddable":true,"href":"https:\/\/colunadahora.com.br\/index.php?rest_route=%2Fwp%2Fv2%2Ftags&post=36519"}],"curies":[{"name":"wp","href":"https:\/\/api.w.org\/{rel}","templated":true}]}}