{"id":36503,"date":"2026-04-28T16:17:10","date_gmt":"2026-04-28T19:17:10","guid":{"rendered":"https:\/\/colunadahora.com.br\/?p=36503"},"modified":"2026-04-28T16:17:10","modified_gmt":"2026-04-28T19:17:10","slug":"deputado-gustavo-gayer-vira-reu-no-stf-por-injuria-contra-lula","status":"publish","type":"post","link":"https:\/\/colunadahora.com.br\/?p=36503","title":{"rendered":"Deputado Gustavo Gayer vira r\u00e9u no STF por inj\u00faria contra Lula"},"content":{"rendered":"<\/p>\n<p><a class=\"\" href=\"https:\/\/agenciabrasil.ebc.com.br\/justica\/noticia\/2026-04\/deputado-gustavo-gayer-vira-reu-no-stf-por-injuria-contra-lula\"><br \/>\n                    <img decoding=\"async\" src=\"https:\/\/cdn.jsdelivr.net\/gh\/sergiosdlima\/assets-ebc@1.0.0\/abr\/assets\/images\/logo-agenciabrasil.svg\" alt=\"Logo Ag\u00eancia Brasil\"><br \/>\n\t\t\t\t<\/a><\/p>\n<p>A Primeira Turma do Supremo Tribunal Federal (STF) decidiu nesta ter\u00e7a-feira (28) tornar o deputado federal Gustavo Gayer (PL-GO) r\u00e9u pelo crime de inj\u00faria contra o presidente Luiz In\u00e1cio Lula da Silva.<img decoding=\"async\" src=\"https:\/\/agenciabrasil.ebc.com.br\/ebc.png?id=1687529&#038;o=rss\"><img decoding=\"async\" src=\"https:\/\/agenciabrasil.ebc.com.br\/ebc.gif?id=1687529&#038;o=rss\"><\/p>\n<p><strong>Por unanimidade, o colegiado aceitou den\u00fancia apresentada pela Procuradoria-Geral da Rep\u00fablica (PGR) contra o parlamentar pela postagem de uma imagem falsa para associar o presidente ao grupo terrorista Hamas e ao nazismo.<\/strong><\/p>\n<\/p>\n<h3>Not\u00edcias relacionadas:<\/h3>\n<ul>\n<li><a href=\"https:\/\/agenciabrasil.ebc.com.br\/justica\/noticia\/2026-04\/por-unanimidade-stf-mantem-prisao-de-ex-presidente-do-brb\">Por unanimidade, STF mant\u00e9m pris\u00e3o de ex-presidente do BRB .<\/a><\/li>\n<li><a href=\"https:\/\/agenciabrasil.ebc.com.br\/justica\/noticia\/2026-04\/stf-mantem-lei-que-limita-compra-de-terras-por-empresas-estrangeiras\">STF mant\u00e9m lei que limita compra de terras por empresas estrangeiras.<\/a><\/li>\n<li><a href=\"https:\/\/agenciabrasil.ebc.com.br\/justica\/noticia\/2026-04\/stf-determina-atualizacao-anual-do-valor-do-minimo-existencial\">STF determina atualiza\u00e7\u00e3o anual do valor do m\u00ednimo existencial .<\/a><\/li>\n<\/ul>\n<p>Em 2024, o deputado manipulou uma foto de Lula e colocou o presidente com vestimentas militares e uma bra\u00e7adeira com s\u00edmbolo da su\u00e1stica nazista. A imagem falsa foi produzida por intelig\u00eancia artificial.<\/p>\n<p><strong>Ap\u00f3s a publica\u00e7\u00e3o, a Advocacia-Geral da Uni\u00e3o (AGU) solicitou ao deputado a remo\u00e7\u00e3o da postagem e acionou o Minist\u00e9rio da Justi\u00e7a.<\/strong> Em seguida, a Pol\u00edcia Federal (PF) abriu um inqu\u00e9rito contra o deputado.<\/p>\n<p>Na sess\u00e3o desta ter\u00e7a-feira, por 4 votos a 0, a turma acompanhou voto proferido pelo relator, ministro Fl\u00e1vio Dino, pela abertura da a\u00e7\u00e3o penal contra Gayer.\u00a0<\/p>\n<p><strong>Dino argumenta que o uso de intelig\u00eancia artificial para postar uma montagem n\u00e3o est\u00e1 acobertada pela imunidade parlamentar.<\/strong><\/p>\n<p>&#8220;Esse tema adquire especial gravidade em tempos de perigos\u00edssimas manipula\u00e7\u00f5es de imagem e de vozes&#8221;, afirmou.<\/p>\n<p>O entendimento foi acompanhado pelos ministros Alexandre de Moraes, Cristiano Zanin e C\u00e1rmen L\u00facia.<\/p>\n<h2>Defesa<\/h2>\n<p><strong>Durante a tramita\u00e7\u00e3o do inqu\u00e9rito, a Procuradoria-Geral da Rep\u00fablica (PGR) prop\u00f4s a suspens\u00e3o do processo, mas a defesa do deputado n\u00e3o compareceu.<\/strong><\/p>\n<p>Na sess\u00e3o desta ter\u00e7a-feira, Gayer tamb\u00e9m n\u00e3o indicou advogado.<\/p>\n","protected":false},"excerpt":{"rendered":"<p>A Primeira Turma do Supremo Tribunal Federal (STF) decidiu nesta ter\u00e7a-feira (28) tornar o deputado federal Gustavo Gayer (PL-GO) r\u00e9u pelo crime de inj\u00faria contra o presidente Luiz In\u00e1cio Lula da Silva. Por unanimidade, o colegiado aceitou den\u00fancia apresentada pela Procuradoria-Geral da Rep\u00fablica (PGR) contra o parlamentar pela postagem de uma imagem falsa para associar [&hellip;]<\/p>\n","protected":false},"author":45,"featured_media":36504,"comment_status":"open","ping_status":"open","sticky":false,"template":"","format":"standard","meta":{"site-sidebar-layout":"default","site-content-layout":"","ast-site-content-layout":"default","site-content-style":"default","site-sidebar-style":"default","ast-global-header-display":"","ast-banner-title-visibility":"","ast-main-header-display":"","ast-hfb-above-header-display":"","ast-hfb-below-header-display":"","ast-hfb-mobile-header-display":"","site-post-title":"","ast-breadcrumbs-content":"","ast-featured-img":"","footer-sml-layout":"","ast-disable-related-posts":"","theme-transparent-header-meta":"","adv-header-id-meta":"","stick-header-meta":"","header-above-stick-meta":"","header-main-stick-meta":"","header-below-stick-meta":"","astra-migrate-meta-layouts":"default","ast-page-background-enabled":"default","ast-page-background-meta":{"desktop":{"background-color":"var(--ast-global-color-4)","background-image":"","background-repeat":"repeat","background-position":"center center","background-size":"auto","background-attachment":"scroll","background-type":"","background-media":"","overlay-type":"","overlay-color":"","overlay-opacity":"","overlay-gradient":""},"tablet":{"background-color":"","background-image":"","background-repeat":"repeat","background-position":"center center","background-size":"auto","background-attachment":"scroll","background-type":"","background-media":"","overlay-type":"","overlay-color":"","overlay-opacity":"","overlay-gradient":""},"mobile":{"background-color":"","background-image":"","background-repeat":"repeat","background-position":"center center","background-size":"auto","background-attachment":"scroll","background-type":"","background-media":"","overlay-type":"","overlay-color":"","overlay-opacity":"","overlay-gradient":""}},"ast-content-background-meta":{"desktop":{"background-color":"var(--ast-global-color-5)","background-image":"","background-repeat":"repeat","background-position":"center center","background-size":"auto","background-attachment":"scroll","background-type":"","background-media":"","overlay-type":"","overlay-color":"","overlay-opacity":"","overlay-gradient":""},"tablet":{"background-color":"var(--ast-global-color-5)","background-image":"","background-repeat":"repeat","background-position":"center center","background-size":"auto","background-attachment":"scroll","background-type":"","background-media":"","overlay-type":"","overlay-color":"","overlay-opacity":"","overlay-gradient":""},"mobile":{"background-color":"var(--ast-global-color-5)","background-image":"","background-repeat":"repeat","background-position":"center center","background-size":"auto","background-attachment":"scroll","background-type":"","background-media":"","overlay-type":"","overlay-color":"","overlay-opacity":"","overlay-gradient":""}},"footnotes":""},"categories":[3],"tags":[],"class_list":["post-36503","post","type-post","status-publish","format-standard","has-post-thumbnail","hentry","category-seguranca-e-justica"],"_links":{"self":[{"href":"https:\/\/colunadahora.com.br\/index.php?rest_route=\/wp\/v2\/posts\/36503","targetHints":{"allow":["GET"]}}],"collection":[{"href":"https:\/\/colunadahora.com.br\/index.php?rest_route=\/wp\/v2\/posts"}],"about":[{"href":"https:\/\/colunadahora.com.br\/index.php?rest_route=\/wp\/v2\/types\/post"}],"author":[{"embeddable":true,"href":"https:\/\/colunadahora.com.br\/index.php?rest_route=\/wp\/v2\/users\/45"}],"replies":[{"embeddable":true,"href":"https:\/\/colunadahora.com.br\/index.php?rest_route=%2Fwp%2Fv2%2Fcomments&post=36503"}],"version-history":[{"count":0,"href":"https:\/\/colunadahora.com.br\/index.php?rest_route=\/wp\/v2\/posts\/36503\/revisions"}],"wp:featuredmedia":[{"embeddable":true,"href":"https:\/\/colunadahora.com.br\/index.php?rest_route=\/wp\/v2\/media\/36504"}],"wp:attachment":[{"href":"https:\/\/colunadahora.com.br\/index.php?rest_route=%2Fwp%2Fv2%2Fmedia&parent=36503"}],"wp:term":[{"taxonomy":"category","embeddable":true,"href":"https:\/\/colunadahora.com.br\/index.php?rest_route=%2Fwp%2Fv2%2Fcategories&post=36503"},{"taxonomy":"post_tag","embeddable":true,"href":"https:\/\/colunadahora.com.br\/index.php?rest_route=%2Fwp%2Fv2%2Ftags&post=36503"}],"curies":[{"name":"wp","href":"https:\/\/api.w.org\/{rel}","templated":true}]}}