{"id":36492,"date":"2026-04-28T12:49:15","date_gmt":"2026-04-28T15:49:15","guid":{"rendered":"https:\/\/colunadahora.com.br\/?p=36492"},"modified":"2026-04-28T12:49:15","modified_gmt":"2026-04-28T15:49:15","slug":"portal-colunadahora-com-br-eyder-brasil-garante-por-lei-espaco-para-artistas-rondonienses-nas-radios-e-nos-palcos","status":"publish","type":"post","link":"https:\/\/colunadahora.com.br\/?p=36492","title":{"rendered":"PORTAL COLUNADAHORA.COM.BR &#8211; Eyder Brasil garante por lei espa\u00e7o para artistas rondonienses nas r\u00e1dios e nos palcos"},"content":{"rendered":"<p style=\"text-align: center;\"><em>Projeto &#8220;Vozes de Rond\u00f4nia&#8221; estabelece cota m\u00ednima para talentos regionais na programa\u00e7\u00e3o das emissoras e nas atra\u00e7\u00f5es de eventos p\u00fablicos<\/em><\/p>\n<p>&nbsp;<\/p>\n<p>O deputado estadual Eyder Brasil apresentou o projeto de lei &#8220;Vozes de Rond\u00f4nia&#8221;, que institui a Pol\u00edtica Estadual de Valoriza\u00e7\u00e3o de Artistas Locais. A proposta estabelece que emissoras de r\u00e1dio do estado destinem ao menos 20% de sua programa\u00e7\u00e3o musical di\u00e1ria a obras de artistas rondonienses, al\u00e9m de garantir que eventos p\u00fablicos promovidos ou financiados pelo governo estadual reservem um m\u00ednimo de 20% das atra\u00e7\u00f5es para talentos locais.<\/p>\n<p>&nbsp;<\/p>\n<p>A iniciativa surge em um cen\u00e1rio em que artistas da regi\u00e3o Norte enfrentam barreiras de visibilidade e oportunidades fora do eixo Sul-Sudeste. Rond\u00f4nia, apesar de contar com uma cena cultural rica, n\u00e3o fica de fora desse desafio.<\/p>\n<p>&nbsp;<\/p>\n<p>O projeto define como artistas locais aqueles nascidos no estado ou residentes h\u00e1 pelo menos dois anos, e prev\u00ea a cria\u00e7\u00e3o de um cadastro oficial gerido pelo \u00f3rg\u00e3o estadual de cultura, com crit\u00e9rios transparentes de sele\u00e7\u00e3o e rod\u00edzio entre os cadastrados.<\/p>\n<p>&nbsp;<\/p>\n<p>\u201cRond\u00f4nia tem compositores, m\u00fasicos e artistas talentosos que merecem ser vistos e ouvidos. Este projeto existe para abrir essas portas e garantir que a produ\u00e7\u00e3o cultural do nosso estado tenha espa\u00e7o nas r\u00e1dios e nos palcos que o poder p\u00fablico financia&#8221;, concluiu Eyder Brasil.<\/p>\n<p>&nbsp;<\/p>\n<p><strong>Texto: D\u00e9bora M. Gr\u00e9cia | jornalista <\/strong><\/p>\n<p><strong>Foto: SECOM\/ALERO<\/strong><\/p>\n","protected":false},"excerpt":{"rendered":"<p>Projeto &#8220;Vozes de Rond\u00f4nia&#8221; estabelece cota m\u00ednima para talentos regionais na programa\u00e7\u00e3o das emissoras e nas atra\u00e7\u00f5es de eventos p\u00fablicos &nbsp; O deputado estadual Eyder Brasil apresentou o projeto de lei &#8220;Vozes de Rond\u00f4nia&#8221;, que institui a Pol\u00edtica Estadual de Valoriza\u00e7\u00e3o de Artistas Locais. A proposta estabelece que emissoras de r\u00e1dio do estado destinem ao [&hellip;]<\/p>\n","protected":false},"author":1,"featured_media":36493,"comment_status":"open","ping_status":"closed","sticky":false,"template":"","format":"standard","meta":{"site-sidebar-layout":"default","site-content-layout":"","ast-site-content-layout":"default","site-content-style":"default","site-sidebar-style":"default","ast-global-header-display":"","ast-banner-title-visibility":"","ast-main-header-display":"","ast-hfb-above-header-display":"","ast-hfb-below-header-display":"","ast-hfb-mobile-header-display":"","site-post-title":"","ast-breadcrumbs-content":"","ast-featured-img":"","footer-sml-layout":"","ast-disable-related-posts":"","theme-transparent-header-meta":"default","adv-header-id-meta":"","stick-header-meta":"","header-above-stick-meta":"","header-main-stick-meta":"","header-below-stick-meta":"","astra-migrate-meta-layouts":"set","ast-page-background-enabled":"default","ast-page-background-meta":{"desktop":{"background-color":"var(--ast-global-color-4)","background-image":"","background-repeat":"repeat","background-position":"center center","background-size":"auto","background-attachment":"scroll","background-type":"","background-media":"","overlay-type":"","overlay-color":"","overlay-opacity":"","overlay-gradient":""},"tablet":{"background-color":"","background-image":"","background-repeat":"repeat","background-position":"center center","background-size":"auto","background-attachment":"scroll","background-type":"","background-media":"","overlay-type":"","overlay-color":"","overlay-opacity":"","overlay-gradient":""},"mobile":{"background-color":"","background-image":"","background-repeat":"repeat","background-position":"center center","background-size":"auto","background-attachment":"scroll","background-type":"","background-media":"","overlay-type":"","overlay-color":"","overlay-opacity":"","overlay-gradient":""}},"ast-content-background-meta":{"desktop":{"background-color":"var(--ast-global-color-5)","background-image":"","background-repeat":"repeat","background-position":"center center","background-size":"auto","background-attachment":"scroll","background-type":"","background-media":"","overlay-type":"","overlay-color":"","overlay-opacity":"","overlay-gradient":""},"tablet":{"background-color":"var(--ast-global-color-5)","background-image":"","background-repeat":"repeat","background-position":"center center","background-size":"auto","background-attachment":"scroll","background-type":"","background-media":"","overlay-type":"","overlay-color":"","overlay-opacity":"","overlay-gradient":""},"mobile":{"background-color":"var(--ast-global-color-5)","background-image":"","background-repeat":"repeat","background-position":"center center","background-size":"auto","background-attachment":"scroll","background-type":"","background-media":"","overlay-type":"","overlay-color":"","overlay-opacity":"","overlay-gradient":""}},"footnotes":""},"categories":[5,46],"tags":[],"class_list":["post-36492","post","type-post","status-publish","format-standard","has-post-thumbnail","hentry","category-cultura-e-entretenimento","category-destaques-da-hora"],"_links":{"self":[{"href":"https:\/\/colunadahora.com.br\/index.php?rest_route=\/wp\/v2\/posts\/36492","targetHints":{"allow":["GET"]}}],"collection":[{"href":"https:\/\/colunadahora.com.br\/index.php?rest_route=\/wp\/v2\/posts"}],"about":[{"href":"https:\/\/colunadahora.com.br\/index.php?rest_route=\/wp\/v2\/types\/post"}],"author":[{"embeddable":true,"href":"https:\/\/colunadahora.com.br\/index.php?rest_route=\/wp\/v2\/users\/1"}],"replies":[{"embeddable":true,"href":"https:\/\/colunadahora.com.br\/index.php?rest_route=%2Fwp%2Fv2%2Fcomments&post=36492"}],"version-history":[{"count":1,"href":"https:\/\/colunadahora.com.br\/index.php?rest_route=\/wp\/v2\/posts\/36492\/revisions"}],"predecessor-version":[{"id":36494,"href":"https:\/\/colunadahora.com.br\/index.php?rest_route=\/wp\/v2\/posts\/36492\/revisions\/36494"}],"wp:featuredmedia":[{"embeddable":true,"href":"https:\/\/colunadahora.com.br\/index.php?rest_route=\/wp\/v2\/media\/36493"}],"wp:attachment":[{"href":"https:\/\/colunadahora.com.br\/index.php?rest_route=%2Fwp%2Fv2%2Fmedia&parent=36492"}],"wp:term":[{"taxonomy":"category","embeddable":true,"href":"https:\/\/colunadahora.com.br\/index.php?rest_route=%2Fwp%2Fv2%2Fcategories&post=36492"},{"taxonomy":"post_tag","embeddable":true,"href":"https:\/\/colunadahora.com.br\/index.php?rest_route=%2Fwp%2Fv2%2Ftags&post=36492"}],"curies":[{"name":"wp","href":"https:\/\/api.w.org\/{rel}","templated":true}]}}