{"id":36466,"date":"2026-04-28T11:22:16","date_gmt":"2026-04-28T14:22:16","guid":{"rendered":"https:\/\/colunadahora.com.br\/?p=36466"},"modified":"2026-04-28T11:22:16","modified_gmt":"2026-04-28T14:22:16","slug":"coluna-da-hora-jornalista-geri-anderson-em-cacoal-a-prefeitura-barrou-eventos-de-grande-porte-para-suportar-crise-financeira-porto-velho-deveria-seguir-exemplo","status":"publish","type":"post","link":"https:\/\/colunadahora.com.br\/?p=36466","title":{"rendered":"COLUNA DA HORA, JORNALISTA G\u00c9RI ANDERSON &#8211; EM CACOAL A PREFEITURA BARROU EVENTOS DE GRANDE PORTE PARA SUPORTAR CRISE FINANCEIRA; PORTO VELHO DEVERIA SEGUIR EXEMPLO"},"content":{"rendered":"<p>&nbsp;<\/p>\n<p style=\"text-align: center;\"><img fetchpriority=\"high\" decoding=\"async\" class=\"alignnone size-medium wp-image-36480\" src=\"https:\/\/colunadahora.com.br\/wp-content\/uploads\/2026\/04\/tonypablo1-300x214.png\" alt=\"\" width=\"300\" height=\"214\" srcset=\"https:\/\/colunadahora.com.br\/wp-content\/uploads\/2026\/04\/tonypablo1-300x214.png 300w, https:\/\/colunadahora.com.br\/wp-content\/uploads\/2026\/04\/tonypablo1-768x547.png 768w, https:\/\/colunadahora.com.br\/wp-content\/uploads\/2026\/04\/tonypablo1-205x146.png 205w, https:\/\/colunadahora.com.br\/wp-content\/uploads\/2026\/04\/tonypablo1-600x427.png 600w, https:\/\/colunadahora.com.br\/wp-content\/uploads\/2026\/04\/tonypablo1.png 900w\" sizes=\"(max-width: 300px) 100vw, 300px\" \/><\/p>\n<p style=\"text-align: left;\">De acordo com o chefe do Executivo, Tony Pablo, que assumiu ap\u00f3s o ex-prefeito Adailton F\u00faria se candidatar ao Governo do Estado, a decis\u00e3o foi tomada ap\u00f3s<b>\u00a0levantamento t\u00e9cnico realizado pela Secretaria de Fazenda, Secretaria de Planejamento, contador do munic\u00edpio, Controladoria Interna e Procuradoria-Geral.<\/b><\/p>\n<p>O novo prefeito assumiu a prefeitura de Cacoal no in\u00edcio de abril e, ap\u00f3s reuni\u00e3o com o seu secretariado, afirmou que a cidade precisa economizar e priorizar investimentos em sa\u00fade, educa\u00e7\u00e3o e obras essenciais.<\/p>\n<p><strong>PORTO VELHO<\/strong><\/p>\n<p>Um exemplo que deveria ser seguido aqui na Capital tamb\u00e9m, pois nos \u00faltimos 16 meses, Porto Velho se tornou um grande centro de eventos realizados pela prefeitura, alguns necess\u00e1rios e que fazem parte do calend\u00e1rio cultural, outros, totalmente desnecess\u00e1rios para o momento em que a cidade passa, defasada em infraestrutura, com ruas esburacadas e enormes po\u00e7as de \u00e1gua parada, com a sa\u00fade massacrando a popula\u00e7\u00e3o, faltando atendentes e m\u00e9dicos, uma fila que leva at\u00e9 5 horas de espera em Upas e a educa\u00e7\u00e3o capenga, cheia de problemas, desde a falta de professores, servidores, problemas no transporte escolar na zona rural, at\u00e9 aos atrasos na entrega de kits escolares e uniformes.<\/p>\n<p><strong>CACOAL<\/strong><\/p>\n<p>De acordo com a prefeitura de Cacoal, o cen\u00e1rio financeiro exige a\u00e7\u00f5es imediatas para equilibrar as contas p\u00fablicas. Um <b>dos principais pontos do decreto \u00e9 a suspens\u00e3o de gastos p\u00fablicos com grandes eventos e shows custeados pelo munic\u00edpio.<\/b>\u00a0O prefeito afirmou que Cacoal n\u00e3o pode mais gastar dinheiro com esses grandes eventos.<\/p>\n<p>A nova pol\u00edtica busca reduzir despesas consideradas n\u00e3o essenciais neste momento de dificuldade financeira.\u00a0<b>Durante o an\u00fancio, a prefeitura apresentou n\u00fameros que mostram a situa\u00e7\u00e3o fiscal do munic\u00edpio<\/b>. Entre janeiro e mar\u00e7o,\u00a0<b>Cacoal precisou pagar R$ 1,7 milh\u00e3o em d\u00edvidas confessadas referentes ao ano de 2025.<\/b><\/p>\n<p>Al\u00e9m disso, foram quitados aproximadamente R$ 3 milh\u00f5es em verbas rescis\u00f3rias. Outro dado\u00a0<b>apontado pela gest\u00e3o \u00e9 um d\u00e9ficit de cerca de R$ 2.826 milh\u00f5es relacionado ao gasto de pessoal na \u00e1rea da sa\u00fade.<\/b><\/p>\n<p>Tamb\u00e9m\u00a0<b>foi informado saldo negativo superior a R$ 7 milh\u00f5es no caixa municipal,\u00a0<\/b>conforme balancete do primeiro trimestre.<\/p>\n<p>Al\u00e9m da restri\u00e7\u00e3o de grandes eventos,\u00a0<b>o decreto prev\u00ea economia em diversas \u00e1reas da administra\u00e7\u00e3o p\u00fablica, como di\u00e1rias de servidores, passagens, festas p\u00fablicas, contrata\u00e7\u00f5es n\u00e3o priorit\u00e1rias e despesas administrativas.<\/b>\u00a0A meta \u00e9 reorganizar o or\u00e7amento e garantir recursos para servi\u00e7os essenciais.<\/p>\n<p>Mesmo com o corte de gastos, a prefeitura informou que\u00a0<b>pretende realizar eventos tradicionais do munic\u00edpio, como a Cafecal, mas com foco na valoriza\u00e7\u00e3o da cultura local.\u00a0<\/b>A proposta \u00e9 priorizar artistas de Cacoal, reduzindo custos e incentivando talentos da cidade.<\/p>\n<p>O prefeito tamb\u00e9m pediu apoio dos vereadores e informou que buscar\u00e1 recursos externos por meio de emendas parlamentares de deputados estaduais e da bancada federal.<b>\u00a0Segundo ele, esse refor\u00e7o ser\u00e1 importante para ajudar o munic\u00edpio a superar a crise financeira.<\/b><\/p>\n<p>A gest\u00e3o municipal destacou que os recursos dispon\u00edveis ser\u00e3o destinados principalmente para sa\u00fade p\u00fablica, educa\u00e7\u00e3o, continuidade de obras e servi\u00e7os essenciais.\u00a0<b>Prefeitura de Cacoal corta shows e eventos de grande porte para conter gastos<\/b>. Munic\u00edpio\u00a0<b>enfrenta crise financeira, d\u00e9ficit milion\u00e1rio<\/b>\u00a0e vai priorizar sa\u00fade, educa\u00e7\u00e3o e obras p\u00fablicas.<\/p>\n<p><strong>Fonte: Assessoria \/ COLUNA DA HORA<\/strong><\/p>\n","protected":false},"excerpt":{"rendered":"<p>&nbsp; De acordo com o chefe do Executivo, Tony Pablo, que assumiu ap\u00f3s o ex-prefeito Adailton F\u00faria se candidatar ao Governo do Estado, a decis\u00e3o foi tomada ap\u00f3s\u00a0levantamento t\u00e9cnico realizado pela Secretaria de Fazenda, Secretaria de Planejamento, contador do munic\u00edpio, Controladoria Interna e Procuradoria-Geral. O novo prefeito assumiu a prefeitura de Cacoal no in\u00edcio de [&hellip;]<\/p>\n","protected":false},"author":1,"featured_media":36479,"comment_status":"open","ping_status":"closed","sticky":false,"template":"","format":"standard","meta":{"site-sidebar-layout":"default","site-content-layout":"","ast-site-content-layout":"default","site-content-style":"default","site-sidebar-style":"default","ast-global-header-display":"","ast-banner-title-visibility":"","ast-main-header-display":"","ast-hfb-above-header-display":"","ast-hfb-below-header-display":"","ast-hfb-mobile-header-display":"","site-post-title":"","ast-breadcrumbs-content":"","ast-featured-img":"","footer-sml-layout":"","ast-disable-related-posts":"","theme-transparent-header-meta":"default","adv-header-id-meta":"","stick-header-meta":"","header-above-stick-meta":"","header-main-stick-meta":"","header-below-stick-meta":"","astra-migrate-meta-layouts":"set","ast-page-background-enabled":"default","ast-page-background-meta":{"desktop":{"background-color":"var(--ast-global-color-4)","background-image":"","background-repeat":"repeat","background-position":"center center","background-size":"auto","background-attachment":"scroll","background-type":"","background-media":"","overlay-type":"","overlay-color":"","overlay-opacity":"","overlay-gradient":""},"tablet":{"background-color":"","background-image":"","background-repeat":"repeat","background-position":"center center","background-size":"auto","background-attachment":"scroll","background-type":"","background-media":"","overlay-type":"","overlay-color":"","overlay-opacity":"","overlay-gradient":""},"mobile":{"background-color":"","background-image":"","background-repeat":"repeat","background-position":"center center","background-size":"auto","background-attachment":"scroll","background-type":"","background-media":"","overlay-type":"","overlay-color":"","overlay-opacity":"","overlay-gradient":""}},"ast-content-background-meta":{"desktop":{"background-color":"var(--ast-global-color-5)","background-image":"","background-repeat":"repeat","background-position":"center center","background-size":"auto","background-attachment":"scroll","background-type":"","background-media":"","overlay-type":"","overlay-color":"","overlay-opacity":"","overlay-gradient":""},"tablet":{"background-color":"var(--ast-global-color-5)","background-image":"","background-repeat":"repeat","background-position":"center center","background-size":"auto","background-attachment":"scroll","background-type":"","background-media":"","overlay-type":"","overlay-color":"","overlay-opacity":"","overlay-gradient":""},"mobile":{"background-color":"var(--ast-global-color-5)","background-image":"","background-repeat":"repeat","background-position":"center center","background-size":"auto","background-attachment":"scroll","background-type":"","background-media":"","overlay-type":"","overlay-color":"","overlay-opacity":"","overlay-gradient":""}},"footnotes":""},"categories":[5,46,4],"tags":[],"class_list":["post-36466","post","type-post","status-publish","format-standard","has-post-thumbnail","hentry","category-cultura-e-entretenimento","category-destaques-da-hora","category-politica"],"_links":{"self":[{"href":"https:\/\/colunadahora.com.br\/index.php?rest_route=\/wp\/v2\/posts\/36466","targetHints":{"allow":["GET"]}}],"collection":[{"href":"https:\/\/colunadahora.com.br\/index.php?rest_route=\/wp\/v2\/posts"}],"about":[{"href":"https:\/\/colunadahora.com.br\/index.php?rest_route=\/wp\/v2\/types\/post"}],"author":[{"embeddable":true,"href":"https:\/\/colunadahora.com.br\/index.php?rest_route=\/wp\/v2\/users\/1"}],"replies":[{"embeddable":true,"href":"https:\/\/colunadahora.com.br\/index.php?rest_route=%2Fwp%2Fv2%2Fcomments&post=36466"}],"version-history":[{"count":2,"href":"https:\/\/colunadahora.com.br\/index.php?rest_route=\/wp\/v2\/posts\/36466\/revisions"}],"predecessor-version":[{"id":36481,"href":"https:\/\/colunadahora.com.br\/index.php?rest_route=\/wp\/v2\/posts\/36466\/revisions\/36481"}],"wp:featuredmedia":[{"embeddable":true,"href":"https:\/\/colunadahora.com.br\/index.php?rest_route=\/wp\/v2\/media\/36479"}],"wp:attachment":[{"href":"https:\/\/colunadahora.com.br\/index.php?rest_route=%2Fwp%2Fv2%2Fmedia&parent=36466"}],"wp:term":[{"taxonomy":"category","embeddable":true,"href":"https:\/\/colunadahora.com.br\/index.php?rest_route=%2Fwp%2Fv2%2Fcategories&post=36466"},{"taxonomy":"post_tag","embeddable":true,"href":"https:\/\/colunadahora.com.br\/index.php?rest_route=%2Fwp%2Fv2%2Ftags&post=36466"}],"curies":[{"name":"wp","href":"https:\/\/api.w.org\/{rel}","templated":true}]}}