{"id":36462,"date":"2026-04-28T10:17:30","date_gmt":"2026-04-28T13:17:30","guid":{"rendered":"https:\/\/colunadahora.com.br\/?p=36462"},"modified":"2026-04-28T10:17:30","modified_gmt":"2026-04-28T13:17:30","slug":"estudo-mostra-o-impacto-das-jaqueiras-na-mata-atlantica","status":"publish","type":"post","link":"https:\/\/colunadahora.com.br\/?p=36462","title":{"rendered":"Estudo mostra o impacto das jaqueiras na Mata Atl\u00e2ntica"},"content":{"rendered":"<p>Voc\u00ea sabia que as jaqueiras podem alterar o solo e prejudicar a fauna do local que habitam? Pois \u00e9 o que descobriram os cientistas do Departamento de Ecologia da Universidade do Estado do Rio de Janeiro, ao estudar a Reserva Biol\u00f3gica de Duas Bocas, no Esp\u00edrito Santo.<img decoding=\"async\" src=\"https:\/\/agenciabrasil.ebc.com.br\/ebc.png?id=1687477&#038;o=rss\"><img decoding=\"async\" src=\"https:\/\/agenciabrasil.ebc.com.br\/ebc.gif?id=1687477&#038;o=rss\"><\/p>\n<p>Publicado na revista internacional Biological Invasion e financiado pela Faperj (Funda\u00e7\u00e3o Carlos Chagas Filho de Amparo \u00e0 Pesquisa do Estado), o estudo constatou que as jaqueiras mudam a estrutura do ch\u00e3o da floresta, ao reduzir a quantidade de recursos essenciais do solo e simplificar o habitat.<\/p>\n<p>Segundo os pesquisadores, \u00e1reas dominadas pelas jaqueiras possuem uma camada mais rasa de folhas e menor presen\u00e7a de insetos e outros invertebrados, que s\u00e3o a base da cadeia alimentar. A l\u00edder do estudo, Juliane Ribeiro, explica que as jaqueiras n\u00e3o deveriam existir naturalmente na Mata Atl\u00e2ntica:<\/p>\n<blockquote>\n<p>&#8220;Apesar de ser muito comum no Brasil, a jaqueira n\u00e3o \u00e9 uma esp\u00e9cie nativa. Ela \u00e9 uma esp\u00e9cie ex\u00f3tica invasora. Foi introduzida h\u00e1 s\u00e9culos atr\u00e1s e hoje se espalhou por v\u00e1rias \u00e1reas de floresta, inclusive dentro de unidades de conserva\u00e7\u00e3o. E a jaqueira tem algumas caracter\u00edsticas que ajudam ela a dominar esses ambientes: ela produz muitos frutos, o que facilita a dispers\u00e3o, e tamb\u00e9m libera subst\u00e2ncias qu\u00edmicas no solo, um processo que a gente chama de alelopatia, o que pode dificultar o crescimento de outras plantas ali.&#8221;<\/p>\n<\/blockquote>\n<p>O estudo tamb\u00e9m identificou como a presen\u00e7a das jaqueiras afeta algumas popula\u00e7\u00f5es de sapos da regi\u00e3o. Os resultados mostram que os efeitos, sejam diretos ou indiretos, n\u00e3o s\u00e3o sentidos de forma igual para todas, sendo as esp\u00e9cies generalistas as mais resistentes \u00e0s mudan\u00e7as. Juliane Ribeiro afirma que os resultados foram comprovados at\u00e9 mesmo em outros estudos:<\/p>\n<blockquote>\n<p>&#8220;E esse padr\u00e3o n\u00e3o aparece s\u00f3 nos sapos. Em 2020, n\u00f3s tamb\u00e9m fizemos um estudo com pequenos mam\u00edferos na mesma \u00e1rea e vimos um resultado muito semelhante. Algumas esp\u00e9cies s\u00e3o favorecidas, enquanto outras diminuem em \u00e1reas que t\u00eam muita jaqueira. Ou seja, a jaqueira n\u00e3o afeta apenas um grupo, ela pode reorganizar toda a comunidade de animais.&#8221;<\/p>\n<\/blockquote>\n<p>Funcionando como um tipo de filtro ecol\u00f3gico, a jaqueira pode tornar a floresta menos diversa e potencialmente menos resistente \u00e0s mudan\u00e7as futuras. A pesquisadora explica que identificar os efeitos da invas\u00e3o das jaqueiras \u00e9 fundamental para o manejo ambiental:<\/p>\n<blockquote>\n<p>&#8220;Mostra que as a\u00e7\u00f5es de controle precisam considerar esses efeitos mais amplos, inclusive sobre os animais. E tamb\u00e9m tem um papel importante da sociedade nisso. A jaqueira foi espalhada ao longo do tempo, principalmente por a\u00e7\u00e3o humana. Ent\u00e3o, evitar plantar esp\u00e9cies ex\u00f3ticas em \u00e1reas naturais e n\u00e3o descartar sementes ou restos das frutas na floresta s\u00e3o atitudes simples que ajudam a reduzir a dispers\u00e3o.&#8221;<\/p>\n<\/blockquote>\n<p>Segundo os cientistas, a remo\u00e7\u00e3o cont\u00ednua das esp\u00e9cies invasoras deve ser acompanhada por a\u00e7\u00f5es de restaura\u00e7\u00e3o, como a recupera\u00e7\u00e3o da serrapilheira e da vegeta\u00e7\u00e3o nativa do sub-bosque.<\/p>\n<p>*Sob supervis\u00e3o de F\u00e1bio Cardoso<\/p>\n<p>  <span class=\"hms hms-format-m-ss\">2:57<\/span><\/p>\n","protected":false},"excerpt":{"rendered":"<p>Voc\u00ea sabia que as jaqueiras podem alterar o solo e prejudicar a fauna do local que habitam? Pois \u00e9 o que descobriram os cientistas do Departamento de Ecologia da Universidade do Estado do Rio de Janeiro, ao estudar a Reserva Biol\u00f3gica de Duas Bocas, no Esp\u00edrito Santo. Publicado na revista internacional Biological Invasion e financiado [&hellip;]<\/p>\n","protected":false},"author":1,"featured_media":36463,"comment_status":"open","ping_status":"open","sticky":false,"template":"","format":"standard","meta":{"site-sidebar-layout":"default","site-content-layout":"","ast-site-content-layout":"default","site-content-style":"default","site-sidebar-style":"default","ast-global-header-display":"","ast-banner-title-visibility":"","ast-main-header-display":"","ast-hfb-above-header-display":"","ast-hfb-below-header-display":"","ast-hfb-mobile-header-display":"","site-post-title":"","ast-breadcrumbs-content":"","ast-featured-img":"","footer-sml-layout":"","ast-disable-related-posts":"","theme-transparent-header-meta":"","adv-header-id-meta":"","stick-header-meta":"","header-above-stick-meta":"","header-main-stick-meta":"","header-below-stick-meta":"","astra-migrate-meta-layouts":"default","ast-page-background-enabled":"default","ast-page-background-meta":{"desktop":{"background-color":"var(--ast-global-color-4)","background-image":"","background-repeat":"repeat","background-position":"center center","background-size":"auto","background-attachment":"scroll","background-type":"","background-media":"","overlay-type":"","overlay-color":"","overlay-opacity":"","overlay-gradient":""},"tablet":{"background-color":"","background-image":"","background-repeat":"repeat","background-position":"center center","background-size":"auto","background-attachment":"scroll","background-type":"","background-media":"","overlay-type":"","overlay-color":"","overlay-opacity":"","overlay-gradient":""},"mobile":{"background-color":"","background-image":"","background-repeat":"repeat","background-position":"center center","background-size":"auto","background-attachment":"scroll","background-type":"","background-media":"","overlay-type":"","overlay-color":"","overlay-opacity":"","overlay-gradient":""}},"ast-content-background-meta":{"desktop":{"background-color":"var(--ast-global-color-5)","background-image":"","background-repeat":"repeat","background-position":"center center","background-size":"auto","background-attachment":"scroll","background-type":"","background-media":"","overlay-type":"","overlay-color":"","overlay-opacity":"","overlay-gradient":""},"tablet":{"background-color":"var(--ast-global-color-5)","background-image":"","background-repeat":"repeat","background-position":"center center","background-size":"auto","background-attachment":"scroll","background-type":"","background-media":"","overlay-type":"","overlay-color":"","overlay-opacity":"","overlay-gradient":""},"mobile":{"background-color":"var(--ast-global-color-5)","background-image":"","background-repeat":"repeat","background-position":"center center","background-size":"auto","background-attachment":"scroll","background-type":"","background-media":"","overlay-type":"","overlay-color":"","overlay-opacity":"","overlay-gradient":""}},"footnotes":""},"categories":[6],"tags":[],"class_list":["post-36462","post","type-post","status-publish","format-standard","has-post-thumbnail","hentry","category-meio-ambiente-e-sustentabilidade"],"_links":{"self":[{"href":"https:\/\/colunadahora.com.br\/index.php?rest_route=\/wp\/v2\/posts\/36462","targetHints":{"allow":["GET"]}}],"collection":[{"href":"https:\/\/colunadahora.com.br\/index.php?rest_route=\/wp\/v2\/posts"}],"about":[{"href":"https:\/\/colunadahora.com.br\/index.php?rest_route=\/wp\/v2\/types\/post"}],"author":[{"embeddable":true,"href":"https:\/\/colunadahora.com.br\/index.php?rest_route=\/wp\/v2\/users\/1"}],"replies":[{"embeddable":true,"href":"https:\/\/colunadahora.com.br\/index.php?rest_route=%2Fwp%2Fv2%2Fcomments&post=36462"}],"version-history":[{"count":0,"href":"https:\/\/colunadahora.com.br\/index.php?rest_route=\/wp\/v2\/posts\/36462\/revisions"}],"wp:featuredmedia":[{"embeddable":true,"href":"https:\/\/colunadahora.com.br\/index.php?rest_route=\/wp\/v2\/media\/36463"}],"wp:attachment":[{"href":"https:\/\/colunadahora.com.br\/index.php?rest_route=%2Fwp%2Fv2%2Fmedia&parent=36462"}],"wp:term":[{"taxonomy":"category","embeddable":true,"href":"https:\/\/colunadahora.com.br\/index.php?rest_route=%2Fwp%2Fv2%2Fcategories&post=36462"},{"taxonomy":"post_tag","embeddable":true,"href":"https:\/\/colunadahora.com.br\/index.php?rest_route=%2Fwp%2Fv2%2Ftags&post=36462"}],"curies":[{"name":"wp","href":"https:\/\/api.w.org\/{rel}","templated":true}]}}