{"id":36456,"date":"2026-04-28T10:17:23","date_gmt":"2026-04-28T13:17:23","guid":{"rendered":"https:\/\/colunadahora.com.br\/?p=36456"},"modified":"2026-04-28T10:17:23","modified_gmt":"2026-04-28T13:17:23","slug":"apenas-3-de-presos-provisorios-conseguiram-votar-nas-ultimas-eleicoes","status":"publish","type":"post","link":"https:\/\/colunadahora.com.br\/?p=36456","title":{"rendered":"Apenas 3% de presos provis\u00f3rios conseguiram votar nas \u00faltimas elei\u00e7\u00f5es"},"content":{"rendered":"<\/p>\n<p><a class=\"\" href=\"https:\/\/agenciabrasil.ebc.com.br\/justica\/noticia\/2026-04\/direito-voto-entre-pessoas-reclusas-nao-e-efetivo-no-brasil\"><br \/>\n                    <img decoding=\"async\" src=\"https:\/\/cdn.jsdelivr.net\/gh\/sergiosdlima\/assets-ebc@1.0.0\/abr\/assets\/images\/logo-agenciabrasil.svg\" alt=\"Logo Ag\u00eancia Brasil\"><br \/>\n\t\t\t\t<\/a><\/p>\n<p>Apesar de o direito ao voto de presos provis\u00f3rios e adolescentes internados estar assegurado pela Constitui\u00e7\u00e3o e a\u00a0Justi\u00e7a Eleitoral, \u00e9 pouco prov\u00e1vel que a maioria consiga exercer esse direito nas elei\u00e7\u00f5es deste ano.<img decoding=\"async\" src=\"https:\/\/agenciabrasil.ebc.com.br\/ebc.png?id=1687470&#038;o=rss\"><img decoding=\"async\" src=\"https:\/\/agenciabrasil.ebc.com.br\/ebc.gif?id=1687470&#038;o=rss\"><\/p>\n<p><strong>Isso porque h\u00e1 poucas sess\u00f5es eleitorais previstas e instaladas em estabelecimentos prisionais e socioeducativos. Al\u00e9m disso, \u00e9 minorit\u00e1rio o n\u00famero de pessoas em confinamento\u00a0tempor\u00e1rio e adolescentes internados que disp\u00f5em\u00a0de documenta\u00e7\u00e3o completa para o alistamento.<\/strong><\/p>\n<\/p>\n<h3>Not\u00edcias relacionadas:<\/h3>\n<ul>\n<li><a href=\"https:\/\/agenciabrasil.ebc.com.br\/politica\/noticia\/2026-04\/eleicoes-2026-agu-orienta-agentes-publicos-sobre-condutas-proibidas\">Elei\u00e7\u00f5es 2026: AGU orienta agentes p\u00fablicos sobre condutas proibidas.<\/a><\/li>\n<li><a href=\"https:\/\/agenciabrasil.ebc.com.br\/politica\/noticia\/2026-04\/numero-de-eleitores-com-mais-de-60-anos-cresceu-74-aponta-pesquisa\">N\u00famero de eleitores com mais de 60 anos cresceu 74%, aponta pesquisa.<\/a><\/li>\n<\/ul>\n<p>Nas elei\u00e7\u00f5es de 2022, segundo <a href=\"https:\/\/direitoshumanos.dpu.def.br\/wp-content\/uploads\/2023\/02\/Relatorio-da-Defensoria-Publica-da-Uniao-Sobre-do-Direito-ao-Voto-dos-Presos-Provisorios-versao1-.pdf\" target=\"_blank\">relat\u00f3rio da Defensoria P\u00fablica da Uni\u00e3o<\/a>,\u00a0apenas 3% das pessoas que estavam nessas condi\u00e7\u00f5es exerceram\u00a0o direito de voto.<\/p>\n<h2>Participa\u00e7\u00e3o em queda<\/h2>\n<p>De acordo com o advogado Ariel de Castro Alves, membro da Comiss\u00e3o de Direitos Humanos da Ordem dos Advogados do Brasil (OAB) em\u00a0S\u00e3o Paulo, nas elei\u00e7\u00f5es municipais de 2024 a participa\u00e7\u00e3o foi ainda menor.<\/p>\n<blockquote>\n<p>&#8220;Enquanto em 2022\u00a0t\u00ednhamos quase 13 mil presos aptos a participarem do <a href=\"http:\/\/%C2%A0https\/\/agenciabrasil.ebc.com.br\/radioagencia-nacional\/justica\/audio\/2026-04\/alteracoes-da-lei-antifaccao-nao-se-aplicam-eleicoes-de-2026\" target=\"_blank\">processo de vota\u00e7\u00e3o<\/a>, em 2024 esse n\u00famero caiu\u00a0para 6\u00a0mil, mesmo tendo um n\u00famero de mais de 200 mil presos provis\u00f3rios no pa\u00eds&#8221;, disse em entrevista \u00e0\u00a0<em><strong>R\u00e1dio Nacional<\/strong>.<\/em>\u00a0<\/p>\n<\/blockquote>\n<p>Para o especialista, a burocracia impede maior participa\u00e7\u00e3o eleitoral dos presos que aguardam julgamento.<\/p>\n<p>Dados do\u00a0Conselho Nacional de Justi\u00e7a (CNJ) mostram\u00a0que atualmente h\u00e1 no Brasil 200,4 mil (n\u00famero de abril de 2026, do Banco Nacional de Medidas Penais e Pris\u00f5es). Tamb\u00e9m segundo o CNJ, h\u00e1 11.680 adolescentes em meio fechado (interna\u00e7\u00e3o e semiliberdade) no Brasil (informa\u00e7\u00e3o do Painel de Inspe\u00e7\u00f5es no Socioeducativo, de janeiro de 2025).<\/p>\n<p>O prazo para que pessoas presas em regime provis\u00f3rio e adolescentes de 16 anos ou mais internados possam fazer alistamento eleitoral ou solicitar transfer\u00eancia de t\u00edtulo para votar na sess\u00e3o\u00a0onde estejam confinados ou cumprindo medida socioeducativa termina no di 6 de maio.<\/p>\n<p><strong>O direito de essas pessoas votarem est\u00e1 estabelecido na Constitui\u00e7\u00e3o Federal. Segundo o Artigo n\u00ba 15, a cassa\u00e7\u00e3o dos direitos pol\u00edticos ocorre quando h\u00e1 \u201ccondena\u00e7\u00e3o criminal transitada em julgado, enquanto durarem seus efeitos.\u201d<\/strong><\/p>\n<p>O preso provis\u00f3rio \u00e9 a pessoa que n\u00e3o foi condenada, cujo processo n\u00e3o transitou\u00a0nem foi julgado. \u00c9 o caso de quem est\u00e1 detido por flagrante, ou cumpre pris\u00e3o tempor\u00e1ria ou preventiva para assegurar o andamento de investiga\u00e7\u00f5es ou processos. Por lei, n\u00e3o devem ficar junto\u00a0com presos j\u00e1 condenados.<\/p>\n<h2>Unanimidade no TSE<\/h2>\n<p><strong>A possibilidade legal de os presos provis\u00f3rios poderem votar foi reafirmada na \u00faltima quinta-feira (23), por unanimidade, pelos\u00a0ministros do Tribunal Superior Eleitoral (TSE).<\/strong><\/p>\n<p>A Corte\u00a0foi questionada se as restri\u00e7\u00f5es ao direito dos presos provis\u00f3rios previstas na Lei n\u00ba 15.358\/2026, batizada de\u00a0<a href=\"https:\/\/www2.camara.leg.br\/legin\/fed\/lei\/2026\/lei-15358-24-marco-2026-798846-norma-pl.html\" target=\"_blank\">Lei Raul Jungmann<\/a>,\u00a0poderiam ser aplicadas nas elei\u00e7\u00f5es de 4 de outubro deste ano (primeiro\u00a0turno).<\/p>\n<p><strong>Apesar de estar em vig\u00eancia, a Lei Raul Jungmann n\u00e3o se aplica \u00e0 pr\u00f3xima elei\u00e7\u00e3o porque n\u00e3o completou um ano em vigor<\/strong>.<\/p>\n<p><a href=\"https:\/\/agenciabrasil.ebc.com.br\/geral\/noticia\/2026-01\/morre-raul-jungmann-presidente-do-instituto-brasileiro-de-mineracao\" target=\"_blank\">Raul Jungmann<\/a>,\u00a0que morreu\u00a0em janeiro deste ano, era presidente do Instituto Brasileiro de Minera\u00e7\u00e3o (Ibram). Ele iniciou a vida pol\u00edtica no Partido Comunista Brasileiro, foi eleito deputado tr\u00eas vezes e foi ministro nos governos Fernando Henrique Cardoso e Michel Temer. Nesse \u00faltimo, ocupou a pasta de Defesa e Seguran\u00e7a P\u00fablica.<\/p>\n","protected":false},"excerpt":{"rendered":"<p>Apesar de o direito ao voto de presos provis\u00f3rios e adolescentes internados estar assegurado pela Constitui\u00e7\u00e3o e a\u00a0Justi\u00e7a Eleitoral, \u00e9 pouco prov\u00e1vel que a maioria consiga exercer esse direito nas elei\u00e7\u00f5es deste ano. Isso porque h\u00e1 poucas sess\u00f5es eleitorais previstas e instaladas em estabelecimentos prisionais e socioeducativos. Al\u00e9m disso, \u00e9 minorit\u00e1rio o n\u00famero de pessoas [&hellip;]<\/p>\n","protected":false},"author":29,"featured_media":36457,"comment_status":"open","ping_status":"open","sticky":false,"template":"","format":"standard","meta":{"site-sidebar-layout":"default","site-content-layout":"","ast-site-content-layout":"default","site-content-style":"default","site-sidebar-style":"default","ast-global-header-display":"","ast-banner-title-visibility":"","ast-main-header-display":"","ast-hfb-above-header-display":"","ast-hfb-below-header-display":"","ast-hfb-mobile-header-display":"","site-post-title":"","ast-breadcrumbs-content":"","ast-featured-img":"","footer-sml-layout":"","ast-disable-related-posts":"","theme-transparent-header-meta":"","adv-header-id-meta":"","stick-header-meta":"","header-above-stick-meta":"","header-main-stick-meta":"","header-below-stick-meta":"","astra-migrate-meta-layouts":"default","ast-page-background-enabled":"default","ast-page-background-meta":{"desktop":{"background-color":"var(--ast-global-color-4)","background-image":"","background-repeat":"repeat","background-position":"center center","background-size":"auto","background-attachment":"scroll","background-type":"","background-media":"","overlay-type":"","overlay-color":"","overlay-opacity":"","overlay-gradient":""},"tablet":{"background-color":"","background-image":"","background-repeat":"repeat","background-position":"center center","background-size":"auto","background-attachment":"scroll","background-type":"","background-media":"","overlay-type":"","overlay-color":"","overlay-opacity":"","overlay-gradient":""},"mobile":{"background-color":"","background-image":"","background-repeat":"repeat","background-position":"center center","background-size":"auto","background-attachment":"scroll","background-type":"","background-media":"","overlay-type":"","overlay-color":"","overlay-opacity":"","overlay-gradient":""}},"ast-content-background-meta":{"desktop":{"background-color":"var(--ast-global-color-5)","background-image":"","background-repeat":"repeat","background-position":"center center","background-size":"auto","background-attachment":"scroll","background-type":"","background-media":"","overlay-type":"","overlay-color":"","overlay-opacity":"","overlay-gradient":""},"tablet":{"background-color":"var(--ast-global-color-5)","background-image":"","background-repeat":"repeat","background-position":"center center","background-size":"auto","background-attachment":"scroll","background-type":"","background-media":"","overlay-type":"","overlay-color":"","overlay-opacity":"","overlay-gradient":""},"mobile":{"background-color":"var(--ast-global-color-5)","background-image":"","background-repeat":"repeat","background-position":"center center","background-size":"auto","background-attachment":"scroll","background-type":"","background-media":"","overlay-type":"","overlay-color":"","overlay-opacity":"","overlay-gradient":""}},"footnotes":""},"categories":[3],"tags":[],"class_list":["post-36456","post","type-post","status-publish","format-standard","has-post-thumbnail","hentry","category-seguranca-e-justica"],"_links":{"self":[{"href":"https:\/\/colunadahora.com.br\/index.php?rest_route=\/wp\/v2\/posts\/36456","targetHints":{"allow":["GET"]}}],"collection":[{"href":"https:\/\/colunadahora.com.br\/index.php?rest_route=\/wp\/v2\/posts"}],"about":[{"href":"https:\/\/colunadahora.com.br\/index.php?rest_route=\/wp\/v2\/types\/post"}],"author":[{"embeddable":true,"href":"https:\/\/colunadahora.com.br\/index.php?rest_route=\/wp\/v2\/users\/29"}],"replies":[{"embeddable":true,"href":"https:\/\/colunadahora.com.br\/index.php?rest_route=%2Fwp%2Fv2%2Fcomments&post=36456"}],"version-history":[{"count":0,"href":"https:\/\/colunadahora.com.br\/index.php?rest_route=\/wp\/v2\/posts\/36456\/revisions"}],"wp:featuredmedia":[{"embeddable":true,"href":"https:\/\/colunadahora.com.br\/index.php?rest_route=\/wp\/v2\/media\/36457"}],"wp:attachment":[{"href":"https:\/\/colunadahora.com.br\/index.php?rest_route=%2Fwp%2Fv2%2Fmedia&parent=36456"}],"wp:term":[{"taxonomy":"category","embeddable":true,"href":"https:\/\/colunadahora.com.br\/index.php?rest_route=%2Fwp%2Fv2%2Fcategories&post=36456"},{"taxonomy":"post_tag","embeddable":true,"href":"https:\/\/colunadahora.com.br\/index.php?rest_route=%2Fwp%2Fv2%2Ftags&post=36456"}],"curies":[{"name":"wp","href":"https:\/\/api.w.org\/{rel}","templated":true}]}}