{"id":36436,"date":"2026-04-27T20:17:18","date_gmt":"2026-04-27T23:17:18","guid":{"rendered":"https:\/\/colunadahora.com.br\/?p=36436"},"modified":"2026-04-27T20:17:18","modified_gmt":"2026-04-27T23:17:18","slug":"caixa-libera-dinheiro-de-antigo-fundo-pis-pasep-veja-como-sacar","status":"publish","type":"post","link":"https:\/\/colunadahora.com.br\/?p=36436","title":{"rendered":"Caixa libera dinheiro de antigo fundo PIS\/Pasep; veja como sacar"},"content":{"rendered":"<\/p>\n<p><a class=\"\" href=\"https:\/\/agenciabrasil.ebc.com.br\/economia\/noticia\/2026-04\/caixa-libera-dinheiro-de-antigo-fundo-pispasep-veja-como-sacar\"><br \/>\n                    <img decoding=\"async\" src=\"https:\/\/cdn.jsdelivr.net\/gh\/sergiosdlima\/assets-ebc@1.0.0\/abr\/assets\/images\/logo-agenciabrasil.svg\" alt=\"Logo Ag\u00eancia Brasil\"><br \/>\n\t\t\t\t<\/a><\/p>\n<p><strong>Empregados com carteira assinada e servidores p\u00fablicos que trabalharam de 1971 a 1988 e est\u00e3o na fila para sacar as cotas do antigo fundo Programa de Integra\u00e7\u00e3o Social (PIS) e Programa de Forma\u00e7\u00e3o do Patrim\u00f4nio do Servidor P\u00fablico (Pasep) podem reaver o valor. A Caixa Econ\u00f4mica Federal come\u00e7ou a pagar nesta segunda-feira (27) um novo lote de valores esquecidos.<\/strong><img decoding=\"async\" src=\"https:\/\/agenciabrasil.ebc.com.br\/ebc.png?id=1687453&#038;o=rss\"><img decoding=\"async\" src=\"https:\/\/agenciabrasil.ebc.com.br\/ebc.gif?id=1687453&#038;o=rss\"><\/p>\n<p>Nesta rodada, <strong>recebem aqueles que pediram o ressarcimento at\u00e9 31 de mar\u00e7o<\/strong>. <strong>O valor m\u00e9dio pago varia de R$ 2,8 mil a R$ 2,9 mil, dependendo do tempo de trabalho e do sal\u00e1rio da \u00e9poca.<\/strong><\/p>\n<h2>Quem tem direito<\/h2>\n<\/p>\n<h3>Not\u00edcias relacionadas:<\/h3>\n<ul>\n<li><a href=\"https:\/\/agenciabrasil.ebc.com.br\/economia\/noticia\/2026-04\/novo-desenrola-permitira-uso-do-fgts-para-renegociacao-de-dividas\">Novo Desenrola permitir\u00e1 uso do FGTS para renegocia\u00e7\u00e3o de d\u00edvidas.<\/a><\/li>\n<\/ul>\n<p><strong>Podem sacar os valores:<\/strong><\/p>\n<ul>\n<li>Trabalhadores com carteira assinada entre 1971 e 1988;<\/li>\n<li>Servidores p\u00fablicos do mesmo per\u00edodo;<\/li>\n<li>Herdeiros ou dependentes legais, em caso de falecimento;<\/li>\n<li>Quem pediu o dinheiro at\u00e9 31 de mar\u00e7o.<\/li>\n<\/ul>\n<p>O benef\u00edcio n\u00e3o tem rela\u00e7\u00e3o com o abono salarial atual do PIS\/Pasep, pago anualmente. Trata-se de cotas de um fundo antigo, extinto em 2020.<\/p>\n<h2>Como consultar se h\u00e1 dinheiro dispon\u00edvel<\/h2>\n<p>A consulta \u00e9 feita pelo <a href=\"https:\/\/repiscidadao.fazenda.gov.br\/\" target=\"_blank\">portal Repis Cidad\u00e3o<\/a>, com <strong>login<\/strong> via conta Gov.br nos n\u00edveis prata e ouro.<\/p>\n<p><strong>Passo a passo:<\/strong><\/p>\n<ul>\n<li>Acesse o site e fa\u00e7a <em>login<\/em> com CPF e senha;<\/li>\n<li>Informe o n\u00famero do PIS\/Pasep ou NIS (se solicitado);<\/li>\n<li>Clique em \u201cpesquisar\u201d;<\/li>\n<li>O sistema indicar\u00e1 se h\u00e1 valores e como proceder;<\/li>\n<li>Tamb\u00e9m \u00e9 poss\u00edvel consultar pelo aplicativo do FGTS.<\/li>\n<\/ul>\n<h2>Como pedir o pagamento<\/h2>\n<p>O pedido pode ser feito de duas formas:<\/p>\n<p><strong>Pelo aplicativo FGTS:<\/strong><\/p>\n<ul>\n<li>Acesse \u201cMais\u201d;<\/li>\n<li>Clique em \u201cRessarcimento PIS\/Pasep\u201d;<\/li>\n<li>Envie os documentos e acompanhe o pedido.<\/li>\n<\/ul>\n<p><strong>Em uma ag\u00eancia da Caixa:<\/strong><\/p>\n<ul>\n<li>Leve documento oficial com foto<\/li>\n<\/ul>\n<p>O pagamento \u00e9 feito por cr\u00e9dito em conta. Quem n\u00e3o tiver conta na Caixa receber\u00e1 automaticamente uma poupan\u00e7a social digital, movimentada pelo app Caixa Tem.<\/p>\n<h2>E no caso de herdeiros?<\/h2>\n<p>Herdeiros tamb\u00e9m podem solicitar o valor, desde que apresentem:<\/p>\n<ul>\n<li>Documento de identifica\u00e7\u00e3o<\/li>\n<li>Certid\u00e3o de dependentes ou autoriza\u00e7\u00e3o judicial<\/li>\n<li>Documento que comprove v\u00ednculo com o titular<\/li>\n<\/ul>\n<h2>Calend\u00e1rio de pagamentos<\/h2>\n<p>O pagamento depende da data em que o pedido foi feito.\u00a0<br \/>\n\u00a0<\/p>\n<table border=\"1\" cellpadding=\"1\" cellspacing=\"1\">\n<tbody>\n<tr>\n<td class=\"rtecenter\"><strong>Pedido feito at\u00e9<\/strong><\/td>\n<td class=\"rtecenter\"><strong>Recebe em<\/strong><\/td>\n<\/tr>\n<tr>\n<td class=\"rtecenter\">31\/3\/2026<\/td>\n<td class=\"rtecenter\">27\/4\/2026 (lote atual)<\/td>\n<\/tr>\n<tr>\n<td class=\"rtecenter\">30\/4\/2026<\/td>\n<td class=\"rtecenter\">25\/5\/2026<\/td>\n<\/tr>\n<tr>\n<td class=\"rtecenter\">31\/5\/2026<\/td>\n<td class=\"rtecenter\">25\/6\/2026<\/td>\n<\/tr>\n<tr>\n<td class=\"rtecenter\">30\/6\/2026<\/td>\n<td class=\"rtecenter\">27\/7\/2026<\/td>\n<\/tr>\n<tr>\n<td class=\"rtecenter\">31\/7\/2026<\/td>\n<td class=\"rtecenter\">25\/8\/2026<\/td>\n<\/tr>\n<tr>\n<td class=\"rtecenter\">31\/8\/2026<\/td>\n<td class=\"rtecenter\">25\/9\/2026<\/td>\n<\/tr>\n<tr>\n<td class=\"rtecenter\">30\/9\/2026<\/td>\n<td class=\"rtecenter\">26\/10\/2026<\/td>\n<\/tr>\n<tr>\n<td class=\"rtecenter\">31\/10\/2026<\/td>\n<td class=\"rtecenter\">25\/11\/2026<\/td>\n<\/tr>\n<tr>\n<td class=\"rtecenter\">30\/11\/2026<\/td>\n<td class=\"rtecenter\">28\/12\/2026<\/td>\n<\/tr>\n<tr>\n<td class=\"rtecenter\">31\/12\/2026<\/td>\n<td class=\"rtecenter\">janeiro de 2027<\/td>\n<\/tr>\n<\/tbody>\n<\/table>\n<p><em>Fonte: Caixa Econ\u00f4mica Federal<\/em><\/p>\n<h2>O que \u00e9 o fundo PIS\/Pasep<\/h2>\n<p>Criado na d\u00e9cada de 1970, o fundo reunia recursos para complementar a renda de trabalhadores e servidores. Em 1988, ele foi substitu\u00eddo pelo modelo atual de abono salarial.<\/p>\n<p>Os valores n\u00e3o sacados foram transferidos em 2020 para o Fundo de Garantia do Tempo de Servi\u00e7o (FGTS) e, depois, ao Tesouro Nacional. Agora, o governo permite o resgate mediante pedido.<\/p>\n<h2>Prazo para sacar<\/h2>\n<p><strong>O pedido pode ser feito at\u00e9 setembro de 2028.<\/strong> Ap\u00f3s esse prazo, os valores ser\u00e3o incorporados definitivamente ao Tesouro, sem possibilidade de saque.<\/p>\n<h2>Canais de d\u00favidas<\/h2>\n<p>A Caixa oferece atendimento pelos seguintes canais:<\/p>\n<ul>\n<li>Telefone: 0800-726-0207<\/li>\n<li>SAC: 0800-726-0101<\/li>\n<li>Ouvidoria: 0800-725-7474<\/li>\n<li><em>Site<\/em>: <a href=\"http:\/\/caixa.gov.br\/\" target=\"_blank\">caixa.gov.br<\/a><\/li>\n<\/ul>\n<p><strong>A orienta\u00e7\u00e3o \u00e9 verificar o quanto antes se h\u00e1 valores dispon\u00edveis para evitar perder o prazo.<\/strong><\/p>\n","protected":false},"excerpt":{"rendered":"<p>Empregados com carteira assinada e servidores p\u00fablicos que trabalharam de 1971 a 1988 e est\u00e3o na fila para sacar as cotas do antigo fundo Programa de Integra\u00e7\u00e3o Social (PIS) e Programa de Forma\u00e7\u00e3o do Patrim\u00f4nio do Servidor P\u00fablico (Pasep) podem reaver o valor. A Caixa Econ\u00f4mica Federal come\u00e7ou a pagar nesta segunda-feira (27) um novo [&hellip;]<\/p>\n","protected":false},"author":14,"featured_media":36437,"comment_status":"open","ping_status":"open","sticky":false,"template":"","format":"standard","meta":{"site-sidebar-layout":"default","site-content-layout":"","ast-site-content-layout":"default","site-content-style":"default","site-sidebar-style":"default","ast-global-header-display":"","ast-banner-title-visibility":"","ast-main-header-display":"","ast-hfb-above-header-display":"","ast-hfb-below-header-display":"","ast-hfb-mobile-header-display":"","site-post-title":"","ast-breadcrumbs-content":"","ast-featured-img":"","footer-sml-layout":"","ast-disable-related-posts":"","theme-transparent-header-meta":"","adv-header-id-meta":"","stick-header-meta":"","header-above-stick-meta":"","header-main-stick-meta":"","header-below-stick-meta":"","astra-migrate-meta-layouts":"default","ast-page-background-enabled":"default","ast-page-background-meta":{"desktop":{"background-color":"var(--ast-global-color-4)","background-image":"","background-repeat":"repeat","background-position":"center center","background-size":"auto","background-attachment":"scroll","background-type":"","background-media":"","overlay-type":"","overlay-color":"","overlay-opacity":"","overlay-gradient":""},"tablet":{"background-color":"","background-image":"","background-repeat":"repeat","background-position":"center center","background-size":"auto","background-attachment":"scroll","background-type":"","background-media":"","overlay-type":"","overlay-color":"","overlay-opacity":"","overlay-gradient":""},"mobile":{"background-color":"","background-image":"","background-repeat":"repeat","background-position":"center center","background-size":"auto","background-attachment":"scroll","background-type":"","background-media":"","overlay-type":"","overlay-color":"","overlay-opacity":"","overlay-gradient":""}},"ast-content-background-meta":{"desktop":{"background-color":"var(--ast-global-color-5)","background-image":"","background-repeat":"repeat","background-position":"center center","background-size":"auto","background-attachment":"scroll","background-type":"","background-media":"","overlay-type":"","overlay-color":"","overlay-opacity":"","overlay-gradient":""},"tablet":{"background-color":"var(--ast-global-color-5)","background-image":"","background-repeat":"repeat","background-position":"center center","background-size":"auto","background-attachment":"scroll","background-type":"","background-media":"","overlay-type":"","overlay-color":"","overlay-opacity":"","overlay-gradient":""},"mobile":{"background-color":"var(--ast-global-color-5)","background-image":"","background-repeat":"repeat","background-position":"center center","background-size":"auto","background-attachment":"scroll","background-type":"","background-media":"","overlay-type":"","overlay-color":"","overlay-opacity":"","overlay-gradient":""}},"footnotes":""},"categories":[37],"tags":[],"class_list":["post-36436","post","type-post","status-publish","format-standard","has-post-thumbnail","hentry","category-economia-e-negocios"],"_links":{"self":[{"href":"https:\/\/colunadahora.com.br\/index.php?rest_route=\/wp\/v2\/posts\/36436","targetHints":{"allow":["GET"]}}],"collection":[{"href":"https:\/\/colunadahora.com.br\/index.php?rest_route=\/wp\/v2\/posts"}],"about":[{"href":"https:\/\/colunadahora.com.br\/index.php?rest_route=\/wp\/v2\/types\/post"}],"author":[{"embeddable":true,"href":"https:\/\/colunadahora.com.br\/index.php?rest_route=\/wp\/v2\/users\/14"}],"replies":[{"embeddable":true,"href":"https:\/\/colunadahora.com.br\/index.php?rest_route=%2Fwp%2Fv2%2Fcomments&post=36436"}],"version-history":[{"count":0,"href":"https:\/\/colunadahora.com.br\/index.php?rest_route=\/wp\/v2\/posts\/36436\/revisions"}],"wp:featuredmedia":[{"embeddable":true,"href":"https:\/\/colunadahora.com.br\/index.php?rest_route=\/wp\/v2\/media\/36437"}],"wp:attachment":[{"href":"https:\/\/colunadahora.com.br\/index.php?rest_route=%2Fwp%2Fv2%2Fmedia&parent=36436"}],"wp:term":[{"taxonomy":"category","embeddable":true,"href":"https:\/\/colunadahora.com.br\/index.php?rest_route=%2Fwp%2Fv2%2Fcategories&post=36436"},{"taxonomy":"post_tag","embeddable":true,"href":"https:\/\/colunadahora.com.br\/index.php?rest_route=%2Fwp%2Fv2%2Ftags&post=36436"}],"curies":[{"name":"wp","href":"https:\/\/api.w.org\/{rel}","templated":true}]}}