{"id":36430,"date":"2026-04-27T18:17:53","date_gmt":"2026-04-27T21:17:53","guid":{"rendered":"https:\/\/colunadahora.com.br\/?p=36430"},"modified":"2026-04-27T18:17:53","modified_gmt":"2026-04-27T21:17:53","slug":"populacao-de-dourados-ms-comeca-a-receber-vacina-contra-chikungunya","status":"publish","type":"post","link":"https:\/\/colunadahora.com.br\/?p=36430","title":{"rendered":"Popula\u00e7\u00e3o de Dourados (MS) come\u00e7a a receber vacina contra chikungunya"},"content":{"rendered":"<\/p>\n<p><a class=\"\" href=\"https:\/\/agenciabrasil.ebc.com.br\/saude\/noticia\/2026-04\/populacao-de-dourados-ms-comeca-receber-vacina-contra-chikungunya\"><br \/>\n                    <img decoding=\"async\" src=\"https:\/\/cdn.jsdelivr.net\/gh\/sergiosdlima\/assets-ebc@1.0.0\/abr\/assets\/images\/logo-agenciabrasil.svg\" alt=\"Logo Ag\u00eancia Brasil\"><br \/>\n\t\t\t\t<\/a><\/p>\n<p>A vacina\u00e7\u00e3o contra a chikungunya para moradores de Dourados, no Mato Grosso do Sul, foi iniciada nesta segunda-feira (27).\u00a0A campanha na cidade\u00a0\u00e9 realizada\u00a0em meio a um surto da doen\u00e7a,\u00a0<a href=\"https:\/\/agenciabrasil.ebc.com.br\/saude\/noticia\/2026-04\/chikungunya-dourados-decreta-calamidade-vacinacao-comeca-segunda\" target=\"_blank\">que levou o munic\u00edpio a decretar situa\u00e7\u00e3o de calamidade em sa\u00fade p\u00fablica<\/a>.<img decoding=\"async\" src=\"https:\/\/agenciabrasil.ebc.com.br\/ebc.png?id=1687431&#038;o=rss\"><img decoding=\"async\" src=\"https:\/\/agenciabrasil.ebc.com.br\/ebc.gif?id=1687431&#038;o=rss\"><\/p>\n<p><strong>A imuniza\u00e7\u00e3o ser\u00e1 voltada \u00e0 popula\u00e7\u00e3o de 18 a 59 anos.<\/strong> O calend\u00e1rio prev\u00ea ainda a vacina\u00e7\u00e3o no formato drive-thru, no feriado de 1\u00ba de maio, Dia do Trabalhador. A a\u00e7\u00e3o ser\u00e1\u00a0no per\u00edodo das 8h \u00e0s 12h, no p\u00e1tio da Prefeitura de Dourados.<\/p>\n<\/p>\n<h3>Not\u00edcias relacionadas:<\/h3>\n<ul>\n<li><a href=\"https:\/\/agenciabrasil.ebc.com.br\/saude\/noticia\/2026-04\/chikungunya-dourados-decreta-calamidade-vacinacao-comeca-segunda\">Chikungunya: Dourados decreta calamidade; vacina\u00e7\u00e3o come\u00e7a segunda.<\/a><\/li>\n<li><a href=\"https:\/\/agenciabrasil.ebc.com.br\/saude\/noticia\/2026-04\/chikungunya-ministro-classifica-de-critica-situacao-em-dourados\">Chikungunya: ministro classifica como cr\u00edtica situa\u00e7\u00e3o em Dourados.<\/a><\/li>\n<li><a href=\"https:\/\/agenciabrasil.ebc.com.br\/saude\/noticia\/2026-03\/chikungunya-entenda-doenca-que-preocupa-mato-grosso-do-sul\">Chikungunya: entenda doen\u00e7a que preocupa Mato Grosso do Sul.<\/a><\/li>\n<\/ul>\n<p>A meta \u00e9 imunizar cerca de 43 mil pessoas, o equivalente a 27% do p\u00fablico-alvo.<\/p>\n<p>Dados do\u00a0<a href=\"https:\/\/www.gov.br\/saude\/pt-br%20%20\/assuntos\/saude-de-a-a-z\/a\/aedes-aegypti\/monitoramento-das-arboviroses\" target=\"_blank\">Painel de Monitoramento de Arboviroses<\/a>\u00a0do Minist\u00e9rio da Sa\u00fade mostram que, em 2026, j\u00e1 foram identificados 2.621 casos de chikungunya na cidade, com oito mortes e um \u00f3bito ainda em an\u00e1lise.<\/p>\n<p><strong>O painel detalha que quase 60% dos casos no munic\u00edpio atingem a popula\u00e7\u00e3o ind\u00edgena.<\/strong> Na sequ\u00eancia, 21,3% dos casos s\u00e3o na\u00a0popula\u00e7\u00e3o branca, e 18%, em pretos e pardos.<\/p>\n<h2>Contraindica\u00e7\u00f5es<\/h2>\n<p>A vacina contra a chikungunya\u00a0n\u00e3o pode ser aplicada nos seguintes casos:<\/p>\n<ul>\n<li>gestantes ou lactantes;<\/li>\n<li>pessoas que fa\u00e7am uso de medicamentos imunossupressores, como corticoides em altas doses;<\/li>\n<li>pessoas com imunodefici\u00eancia cong\u00eanita;<\/li>\n<li>pessoas que est\u00e3o em tratamento de c\u00e2ncer com uso de quimioterapia e radioterapia;<\/li>\n<li>transplantados de \u00f3rg\u00e3o s\u00f3lido;<\/li>\n<li>transplantados de medula \u00f3ssea h\u00e1 menos de dois anos;<\/li>\n<li>pessoas com HIV\/aids;<\/li>\n<li>pessoas com doen\u00e7as autoimunes, como l\u00fapus e artrite reumatoide;<\/li>\n<li>pessoas com pelo menos duas condi\u00e7\u00f5es m\u00e9dicas cr\u00f4nicas, incluindo diabetes, hipertens\u00e3o, insufici\u00eancia card\u00edaca, arritmia card\u00edaca, doen\u00e7a pulmonar cr\u00f4nica, doen\u00e7a renal cr\u00f4nica, obesidade, doen\u00e7a hep\u00e1tica cr\u00f4nica e c\u00e2ncer (em tratamento ou em remiss\u00e3o).<\/li>\n<\/ul>\n<p>A vacina tamb\u00e9m n\u00e3o pode ser aplicada em pessoas que tenham tido chikungunya nos \u00faltimos 30 dias;\u00a0que estejam em estado febril grave; que tenham recebido outra vacina de v\u00edrus atenuado nos \u00faltimos 28 dias; e\/ou que tenham recebido vacina de v\u00edrus inativado nos \u00faltimos 14 dias.<\/p>\n<p>A expectativa da prefeitura \u00e9 que a imuniza\u00e7\u00e3o aconte\u00e7a de forma mais lenta, j\u00e1 que, antes de receber a dose, o p\u00fablico-alvo precisa passar por avalia\u00e7\u00e3o do profissional de sa\u00fade.<\/p>\n<h2>Estrat\u00e9gia nacional<\/h2>\n<p><a href=\"https:\/\/agenciabrasil.ebc.com.br\/saude\/noticia\/2025-04\/anvisa-aprova-vacina-contra-chikungunya-do-butantan-e-valneva\" target=\"_blank\">Aprovada pela Ag\u00eancia Nacional de Vigil\u00e2ncia Sanit\u00e1ria (Anvisa) em abril de 2025<\/a>, a vacina contra a chikungunya come\u00e7a a ser administrada de forma estrat\u00e9gica em regi\u00f5es de potencial risco de transmiss\u00e3o da doen\u00e7a ao longo dos pr\u00f3ximos anos. Cerca de 20 munic\u00edpios, de seis estados, devem ser contemplados.<\/p>\n<p>\u201cA sele\u00e7\u00e3o dos munic\u00edpios considerou desde fatores epidemiol\u00f3gicos, relacionados \u00e0 potencial ocorr\u00eancia de casos de chikungunya em regi\u00f5es onde o v\u00edrus j\u00e1 est\u00e1 circulando, at\u00e9 o tamanho populacional dos munic\u00edpios e a facilidade operacional de se implementar uma nova vacina no sistema local de sa\u00fade em um curto prazo\u201d, informou a prefeitura.<\/p>\n<p>A vacina\u00e7\u00e3o faz parte de uma estrat\u00e9gia do Minist\u00e9rio da Sa\u00fade em munic\u00edpios que registram grande incid\u00eancia de chikungunya. Em 2025, o Brasil registrou mais de 127 mil casos e 125 \u00f3bitos causados pela doen\u00e7a.\u00a0<\/p>\n","protected":false},"excerpt":{"rendered":"<p>A vacina\u00e7\u00e3o contra a chikungunya para moradores de Dourados, no Mato Grosso do Sul, foi iniciada nesta segunda-feira (27).\u00a0A campanha na cidade\u00a0\u00e9 realizada\u00a0em meio a um surto da doen\u00e7a,\u00a0que levou o munic\u00edpio a decretar situa\u00e7\u00e3o de calamidade em sa\u00fade p\u00fablica. A imuniza\u00e7\u00e3o ser\u00e1 voltada \u00e0 popula\u00e7\u00e3o de 18 a 59 anos. O calend\u00e1rio prev\u00ea ainda [&hellip;]<\/p>\n","protected":false},"author":19,"featured_media":36431,"comment_status":"open","ping_status":"open","sticky":false,"template":"","format":"standard","meta":{"site-sidebar-layout":"default","site-content-layout":"","ast-site-content-layout":"default","site-content-style":"default","site-sidebar-style":"default","ast-global-header-display":"","ast-banner-title-visibility":"","ast-main-header-display":"","ast-hfb-above-header-display":"","ast-hfb-below-header-display":"","ast-hfb-mobile-header-display":"","site-post-title":"","ast-breadcrumbs-content":"","ast-featured-img":"","footer-sml-layout":"","ast-disable-related-posts":"","theme-transparent-header-meta":"","adv-header-id-meta":"","stick-header-meta":"","header-above-stick-meta":"","header-main-stick-meta":"","header-below-stick-meta":"","astra-migrate-meta-layouts":"default","ast-page-background-enabled":"default","ast-page-background-meta":{"desktop":{"background-color":"var(--ast-global-color-4)","background-image":"","background-repeat":"repeat","background-position":"center center","background-size":"auto","background-attachment":"scroll","background-type":"","background-media":"","overlay-type":"","overlay-color":"","overlay-opacity":"","overlay-gradient":""},"tablet":{"background-color":"","background-image":"","background-repeat":"repeat","background-position":"center center","background-size":"auto","background-attachment":"scroll","background-type":"","background-media":"","overlay-type":"","overlay-color":"","overlay-opacity":"","overlay-gradient":""},"mobile":{"background-color":"","background-image":"","background-repeat":"repeat","background-position":"center center","background-size":"auto","background-attachment":"scroll","background-type":"","background-media":"","overlay-type":"","overlay-color":"","overlay-opacity":"","overlay-gradient":""}},"ast-content-background-meta":{"desktop":{"background-color":"var(--ast-global-color-5)","background-image":"","background-repeat":"repeat","background-position":"center center","background-size":"auto","background-attachment":"scroll","background-type":"","background-media":"","overlay-type":"","overlay-color":"","overlay-opacity":"","overlay-gradient":""},"tablet":{"background-color":"var(--ast-global-color-5)","background-image":"","background-repeat":"repeat","background-position":"center center","background-size":"auto","background-attachment":"scroll","background-type":"","background-media":"","overlay-type":"","overlay-color":"","overlay-opacity":"","overlay-gradient":""},"mobile":{"background-color":"var(--ast-global-color-5)","background-image":"","background-repeat":"repeat","background-position":"center center","background-size":"auto","background-attachment":"scroll","background-type":"","background-media":"","overlay-type":"","overlay-color":"","overlay-opacity":"","overlay-gradient":""}},"footnotes":""},"categories":[11],"tags":[],"class_list":["post-36430","post","type-post","status-publish","format-standard","has-post-thumbnail","hentry","category-saude-e-bem-estar"],"_links":{"self":[{"href":"https:\/\/colunadahora.com.br\/index.php?rest_route=\/wp\/v2\/posts\/36430","targetHints":{"allow":["GET"]}}],"collection":[{"href":"https:\/\/colunadahora.com.br\/index.php?rest_route=\/wp\/v2\/posts"}],"about":[{"href":"https:\/\/colunadahora.com.br\/index.php?rest_route=\/wp\/v2\/types\/post"}],"author":[{"embeddable":true,"href":"https:\/\/colunadahora.com.br\/index.php?rest_route=\/wp\/v2\/users\/19"}],"replies":[{"embeddable":true,"href":"https:\/\/colunadahora.com.br\/index.php?rest_route=%2Fwp%2Fv2%2Fcomments&post=36430"}],"version-history":[{"count":0,"href":"https:\/\/colunadahora.com.br\/index.php?rest_route=\/wp\/v2\/posts\/36430\/revisions"}],"wp:featuredmedia":[{"embeddable":true,"href":"https:\/\/colunadahora.com.br\/index.php?rest_route=\/wp\/v2\/media\/36431"}],"wp:attachment":[{"href":"https:\/\/colunadahora.com.br\/index.php?rest_route=%2Fwp%2Fv2%2Fmedia&parent=36430"}],"wp:term":[{"taxonomy":"category","embeddable":true,"href":"https:\/\/colunadahora.com.br\/index.php?rest_route=%2Fwp%2Fv2%2Fcategories&post=36430"},{"taxonomy":"post_tag","embeddable":true,"href":"https:\/\/colunadahora.com.br\/index.php?rest_route=%2Fwp%2Fv2%2Ftags&post=36430"}],"curies":[{"name":"wp","href":"https:\/\/api.w.org\/{rel}","templated":true}]}}