{"id":36416,"date":"2026-04-27T17:17:19","date_gmt":"2026-04-27T20:17:19","guid":{"rendered":"https:\/\/colunadahora.com.br\/?p=36416"},"modified":"2026-04-27T17:17:19","modified_gmt":"2026-04-27T20:17:19","slug":"governo-federal-anuncia-recursos-para-o-pronaf-mais-leite","status":"publish","type":"post","link":"https:\/\/colunadahora.com.br\/?p=36416","title":{"rendered":"Governo federal anuncia recursos para o Pronaf Mais Leite"},"content":{"rendered":"<\/p>\n<p><a class=\"\" href=\"https:\/\/agenciabrasil.ebc.com.br\/economia\/noticia\/2026-04\/governo-federal-anuncia-recursos-para-o-pronaf-mais-leite\"><br \/>\n                    <img decoding=\"async\" src=\"https:\/\/cdn.jsdelivr.net\/gh\/sergiosdlima\/assets-ebc@1.0.0\/abr\/assets\/images\/logo-agenciabrasil.svg\" alt=\"Logo Ag\u00eancia Brasil\"><br \/>\n\t\t\t\t<\/a><\/p>\n<p>O governo federal anunciou, nesta segunda-feira (27), em Andradina, no interior de S\u00e3o Paulo, a destina\u00e7\u00e3o de R$ 450 milh\u00f5es em cr\u00e9dito rural subsidiado para o Programa Nacional de Fortalecimento da Agricultura Familiar Mais Leite (Pronaf Mais Leite).\u00a0<img decoding=\"async\" src=\"https:\/\/agenciabrasil.ebc.com.br\/ebc.png?id=1687411&#038;o=rss\"><img decoding=\"async\" src=\"https:\/\/agenciabrasil.ebc.com.br\/ebc.gif?id=1687411&#038;o=rss\"><\/p>\n<p>O programa \u00e9 uma linha de cr\u00e9dito especial do governo federal focado no aumento da produtividade da pecu\u00e1ria leiteira familiar. O objetivo \u00e9 financiar o melhoramento gen\u00e9tico, com foco na transfer\u00eancia de embri\u00f5es, al\u00e9m de infraestrutura, ordenhadeiras e tanques de resfriamento, visando aumentar a produ\u00e7\u00e3o por animal.<\/p>\n<\/p>\n<h3>Not\u00edcias relacionadas:<\/h3>\n<ul>\n<li><a href=\"https:\/\/agenciabrasil.ebc.com.br\/economia\/noticia\/2026-04\/cmn-libera-linha-de-capital-de-giro-cooperativas-de-leite-no-pronaf\">CMN libera linha de capital de giro a cooperativas de leite no Pronaf.<\/a><\/li>\n<li><a href=\"https:\/\/agenciabrasil.ebc.com.br\/economia\/noticia\/2026-01\/acordo-mercosul-ue-beneficiara-agricultura-familiar-diz-ministro\">Acordo Mercosul-UE beneficiar\u00e1 agricultura familiar, diz ministro.<\/a><\/li>\n<li><a href=\"https:\/\/agenciabrasil.ebc.com.br\/internacional\/noticia\/2026-03\/mapa-monitora-insumos-para-reduzir-impactos-da-guerra-na-agricultura\">Mapa monitora insumos para reduzir impactos da guerra na agricultura.<\/a><\/li>\n<\/ul>\n<p><strong>A previs\u00e3o \u00e9 a de financiar at\u00e9 300 mil embri\u00f5es e elevar a produ\u00e7\u00e3o de leite por animal com potencial de 3 a 8 litros por dia para 15 a 30 litros por dia.<\/strong>\u00a0<\/p>\n<p>Devem ser beneficiados cerca de 40 mil produtores familiares que poder\u00e3o utilizar o recurso para comprar matrizes de alto valor gen\u00e9tico, s\u00eamen, \u00f3vulos e embri\u00f5es, servi\u00e7os de insemina\u00e7\u00e3o e FIV (Fertiliza\u00e7\u00e3o in Vitro), ordenhadeiras e tanques de resfriamento, al\u00e9m de investir no manejo, alimenta\u00e7\u00e3o e infraestrutura produtiva.<\/p>\n<p><a href=\"https:\/\/www.whatsapp.com\/channel\/0029VaoRTgrInlqYLSk59B2M\" target=\"_blank\">>> Siga o canal da<strong> Ag\u00eancia Brasil <\/strong>no WhatsApp<\/a><\/p>\n<p><strong>Para acessar o cr\u00e9dito, o produtor precisa ter o Cadastro da Agricultura Familiar (CAF) ativo, procurar os agentes financeiros Banco do Brasil, Sicredi, Cresol, Sicoob e Banrisul e apresentar um projeto t\u00e9cnico que demonstre a viabilidade do investimento.<\/strong>\u00a0<\/p>\n<p>O programa tamb\u00e9m inclui apoio da Ag\u00eancia Nacional de Assist\u00eancia T\u00e9cnica e Extens\u00e3o Rural (Anater) para orientar os produtores.\u00a0<\/p>\n<p><strong>Foram disponibilizadas linhas de cr\u00e9dito para as cooperativas da agricultura familiar com taxas de juros de 3% ao ano, e para as demais cooperativas de leite do pa\u00eds, por meio do Programa Renovagro, com juros de 8,5% ao ano.<\/strong><\/p>\n<p>\u201cNo pa\u00eds s\u00e3o 1,150 milh\u00e3o de fam\u00edlias que vivem da produ\u00e7\u00e3o de leite no Brasil. Dessas, 950 mil s\u00e3o fam\u00edlias da agricultura familiar. O leite \u00e9 uma cadeia que \u00e9 constitu\u00edda majoritariamente nas pequenas propriedades, nos assentamentos da reforma agr\u00e1ria, nas propriedades da agricultura familiar. S\u00e3o eles que garantem a produ\u00e7\u00e3o de leite que se transforma na diversidade de produtos que alimenta e leva nutri\u00e7\u00e3o\u201d, disse a ministra do Desenvolvimento Agr\u00e1rio e Agricultura Familiar, Fernanda Machiaveli.<\/p>\n<p><strong>A ministra tamb\u00e9m anunciou a destina\u00e7\u00e3o de R$ 15 milh\u00f5es para a constru\u00e7\u00e3o da primeira f\u00e1brica de leite em p\u00f3 de cooperados no estado de S\u00e3o Paulo<\/strong>, que tamb\u00e9m aumentar\u00e1 a produ\u00e7\u00e3o e a renda para os produtores, e a disponibiliza\u00e7\u00e3o de R$ 28 milh\u00f5es para a assist\u00eancia t\u00e9cnica e extens\u00e3o rural dos produtores com o objetivo de impulsionar a produ\u00e7\u00e3o de leite.\u00a0<\/p>\n<p><strong>\u201cAl\u00e9m disso, no Programa Terra da Gente mais duas \u00e1reas ser\u00e3o desapropriadas pelo governo para o S\u00edtio Boa Vista, em Americana, interior de S\u00e3o Paulo, e a Fazenda Cara\u00fabas, em Santa Quit\u00e9ria, no Cear\u00e1\u201d, anunciou.<\/strong><\/p>\n<p>O vice-presidente da Rep\u00fablica, Geraldo Alckmin, destacou a import\u00e2ncia da agroind\u00fastria e do cooperativismo como agregadores de valor.\u00a0<\/p>\n<p>\u201cTemos que ter a agroind\u00fastria, pegar o produto da terra e fazer manufatura. Aqui ficam duas li\u00e7\u00f5es sobre a import\u00e2ncia do associativismo: quando a gente sonha sozinho \u00e9 s\u00f3 um sonho, mas quando a gente sonha junto \u00e9 o in\u00edcio de uma nova realidade. A outra \u00e9 o cooperativismo, quanto mais abelha mais mel\u201d, disse Alckmin.<\/p>\n","protected":false},"excerpt":{"rendered":"<p>O governo federal anunciou, nesta segunda-feira (27), em Andradina, no interior de S\u00e3o Paulo, a destina\u00e7\u00e3o de R$ 450 milh\u00f5es em cr\u00e9dito rural subsidiado para o Programa Nacional de Fortalecimento da Agricultura Familiar Mais Leite (Pronaf Mais Leite).\u00a0 O programa \u00e9 uma linha de cr\u00e9dito especial do governo federal focado no aumento da produtividade da [&hellip;]<\/p>\n","protected":false},"author":12,"featured_media":36417,"comment_status":"open","ping_status":"open","sticky":false,"template":"","format":"standard","meta":{"site-sidebar-layout":"default","site-content-layout":"","ast-site-content-layout":"default","site-content-style":"default","site-sidebar-style":"default","ast-global-header-display":"","ast-banner-title-visibility":"","ast-main-header-display":"","ast-hfb-above-header-display":"","ast-hfb-below-header-display":"","ast-hfb-mobile-header-display":"","site-post-title":"","ast-breadcrumbs-content":"","ast-featured-img":"","footer-sml-layout":"","ast-disable-related-posts":"","theme-transparent-header-meta":"","adv-header-id-meta":"","stick-header-meta":"","header-above-stick-meta":"","header-main-stick-meta":"","header-below-stick-meta":"","astra-migrate-meta-layouts":"default","ast-page-background-enabled":"default","ast-page-background-meta":{"desktop":{"background-color":"var(--ast-global-color-4)","background-image":"","background-repeat":"repeat","background-position":"center center","background-size":"auto","background-attachment":"scroll","background-type":"","background-media":"","overlay-type":"","overlay-color":"","overlay-opacity":"","overlay-gradient":""},"tablet":{"background-color":"","background-image":"","background-repeat":"repeat","background-position":"center center","background-size":"auto","background-attachment":"scroll","background-type":"","background-media":"","overlay-type":"","overlay-color":"","overlay-opacity":"","overlay-gradient":""},"mobile":{"background-color":"","background-image":"","background-repeat":"repeat","background-position":"center center","background-size":"auto","background-attachment":"scroll","background-type":"","background-media":"","overlay-type":"","overlay-color":"","overlay-opacity":"","overlay-gradient":""}},"ast-content-background-meta":{"desktop":{"background-color":"var(--ast-global-color-5)","background-image":"","background-repeat":"repeat","background-position":"center center","background-size":"auto","background-attachment":"scroll","background-type":"","background-media":"","overlay-type":"","overlay-color":"","overlay-opacity":"","overlay-gradient":""},"tablet":{"background-color":"var(--ast-global-color-5)","background-image":"","background-repeat":"repeat","background-position":"center center","background-size":"auto","background-attachment":"scroll","background-type":"","background-media":"","overlay-type":"","overlay-color":"","overlay-opacity":"","overlay-gradient":""},"mobile":{"background-color":"var(--ast-global-color-5)","background-image":"","background-repeat":"repeat","background-position":"center center","background-size":"auto","background-attachment":"scroll","background-type":"","background-media":"","overlay-type":"","overlay-color":"","overlay-opacity":"","overlay-gradient":""}},"footnotes":""},"categories":[37],"tags":[],"class_list":["post-36416","post","type-post","status-publish","format-standard","has-post-thumbnail","hentry","category-economia-e-negocios"],"_links":{"self":[{"href":"https:\/\/colunadahora.com.br\/index.php?rest_route=\/wp\/v2\/posts\/36416","targetHints":{"allow":["GET"]}}],"collection":[{"href":"https:\/\/colunadahora.com.br\/index.php?rest_route=\/wp\/v2\/posts"}],"about":[{"href":"https:\/\/colunadahora.com.br\/index.php?rest_route=\/wp\/v2\/types\/post"}],"author":[{"embeddable":true,"href":"https:\/\/colunadahora.com.br\/index.php?rest_route=\/wp\/v2\/users\/12"}],"replies":[{"embeddable":true,"href":"https:\/\/colunadahora.com.br\/index.php?rest_route=%2Fwp%2Fv2%2Fcomments&post=36416"}],"version-history":[{"count":0,"href":"https:\/\/colunadahora.com.br\/index.php?rest_route=\/wp\/v2\/posts\/36416\/revisions"}],"wp:featuredmedia":[{"embeddable":true,"href":"https:\/\/colunadahora.com.br\/index.php?rest_route=\/wp\/v2\/media\/36417"}],"wp:attachment":[{"href":"https:\/\/colunadahora.com.br\/index.php?rest_route=%2Fwp%2Fv2%2Fmedia&parent=36416"}],"wp:term":[{"taxonomy":"category","embeddable":true,"href":"https:\/\/colunadahora.com.br\/index.php?rest_route=%2Fwp%2Fv2%2Fcategories&post=36416"},{"taxonomy":"post_tag","embeddable":true,"href":"https:\/\/colunadahora.com.br\/index.php?rest_route=%2Fwp%2Fv2%2Ftags&post=36416"}],"curies":[{"name":"wp","href":"https:\/\/api.w.org\/{rel}","templated":true}]}}