{"id":36414,"date":"2026-04-27T17:17:20","date_gmt":"2026-04-27T20:17:20","guid":{"rendered":"https:\/\/colunadahora.com.br\/?p=36414"},"modified":"2026-04-27T17:17:20","modified_gmt":"2026-04-27T20:17:20","slug":"goias-defende-acordo-com-eua-para-exploracao-de-minerais-criticos","status":"publish","type":"post","link":"https:\/\/colunadahora.com.br\/?p=36414","title":{"rendered":"Goi\u00e1s defende acordo com EUA para explora\u00e7\u00e3o de minerais cr\u00edticos"},"content":{"rendered":"<\/p>\n<p><a class=\"\" href=\"https:\/\/agenciabrasil.ebc.com.br\/economia\/noticia\/2026-04\/goias-defende-acordo-com-eua-para-exploracao-de-minerais-criticos\"><br \/>\n                    <img decoding=\"async\" src=\"https:\/\/cdn.jsdelivr.net\/gh\/sergiosdlima\/assets-ebc@1.0.0\/abr\/assets\/images\/logo-agenciabrasil.svg\" alt=\"Logo Ag\u00eancia Brasil\"><br \/>\n\t\t\t\t<\/a><\/p>\n<p><strong>O governo de Goi\u00e1s defendeu a legitimidade do memorando de entendimento que assinou com o governo dos Estados Unidos, em mar\u00e7o deste ano, para promover a pesquisa e a explora\u00e7\u00e3o de minerais cr\u00edticos no estado.<\/strong><img decoding=\"async\" src=\"https:\/\/agenciabrasil.ebc.com.br\/ebc.png?id=1687413&#038;o=rss\"><img decoding=\"async\" src=\"https:\/\/agenciabrasil.ebc.com.br\/ebc.gif?id=1687413&#038;o=rss\"><\/p>\n<p>Em nota enviada \u00e0 <strong>Ag\u00eancia Brasil<\/strong>, a secretaria estadual de Comunica\u00e7\u00e3o afirmou que o objetivo do acordo com os EUA \u00e9 buscar agregar valor \u00e0 mat\u00e9ria-prima, atraindo investimentos e desenvolvimento tecnol\u00f3gico para Goi\u00e1s.<\/p>\n<\/p>\n<h3>Not\u00edcias relacionadas:<\/h3>\n<ul>\n<li><a href=\"https:\/\/agenciabrasil.ebc.com.br\/politica\/noticia\/2026-04\/ministro-diz-que-pais-nao-quer-apenas-exportar-minerais-criticos\">Ministro diz que pa\u00eds n\u00e3o quer apenas exportar minerais cr\u00edticos.<\/a><\/li>\n<li><a href=\"https:\/\/agenciabrasil.ebc.com.br\/economia\/noticia\/2026-04\/empresa-dos-eua-compra-mineradora-brasileira-de-terras-raras\">Empresa dos EUA compra mineradora brasileira de terras raras .<\/a><\/li>\n<li><a href=\"https:\/\/agenciabrasil.ebc.com.br\/economia\/noticia\/2026-04\/terras-raras-minerais-estrategicos-e-criticos-entenda-diferencas\">Terras raras, minerais estrat\u00e9gicos e cr\u00edticos: entenda as diferen\u00e7as.<\/a><\/li>\n<\/ul>\n<p>\u201cTudo dentro do que prev\u00ea a legisla\u00e7\u00e3o nacional\u201d, assegurou a pasta, em resposta aos recentes coment\u00e1rios do ministro do Desenvolvimento, Ind\u00fastria, Com\u00e9rcio e Servi\u00e7os, M\u00e1rcio Elias Rosa.<\/p>\n<p>Na \u00faltima sexta-feira (24), <a href=\"https:\/\/agenciabrasil.ebc.com.br\/politica\/noticia\/2026-04\/ministro-diz-que-pais-nao-quer-apenas-exportar-minerais-criticos\">o ministro afirmou que o governo de Goi\u00e1s<\/a> avan\u00e7ou sobre temas de compet\u00eancia do governo federal.<\/p>\n<blockquote>\n<p>\u201cO subsolo brasileiro pertence \u00e0 Uni\u00e3o. A compet\u00eancia para regulamentar [a explora\u00e7\u00e3o mineral] \u00e9 da Uni\u00e3o. E quem estabelece rela\u00e7\u00f5es com outros pa\u00edses \u00e9 a Uni\u00e3o&#8221;, disse Rosa ao participar do programa Bom Dia, Ministro. \u201cN\u00e3o queremos ser um exportador de mat\u00e9ria-prima\u201d.<\/p>\n<\/blockquote>\n<p>\n<a href=\"https:\/\/www.whatsapp.com\/channel\/0029VaoRTgrInlqYLSk59B2M\">>> Siga o canal da Ag\u00eancia Brasil no WhatsApp<\/a><\/p>\n<h2>\nSerra Verde<\/h2>\n<p><strong>A declara\u00e7\u00e3o ministerial foi feita no contexto da <a href=\"https:\/\/agenciabrasil.ebc.com.br\/economia\/noticia\/2026-04\/empresa-dos-eua-compra-mineradora-brasileira-de-terras-raras\">compra da mineradora Serra Verde<\/a> pela norte-americana USA Rare Earth, por cerca de US$ 2,8 bilh\u00f5es.<\/strong><\/p>\n<p>A Serra Verde opera, desde 2020, a \u00fanica mina de argilas i\u00f4nicas ativa do Brasil, a Pela Ema, em Mina\u00e7u (GO). Tamb\u00e9m \u00e9 a \u00fanica produtora, fora da \u00c1sia, de quatro elementos cr\u00edticos e valiosos &#8211; dispr\u00f3sio (Dy), t\u00e9rbio (Tb), neod\u00edmio (Nd) e itr\u00edo (y) -, essenciais \u00e0s ind\u00fastrias de alta tecnologia e defesa e fundamentais \u00e0 fabrica\u00e7\u00e3o de im\u00e3s permanentes usados em ve\u00edculos el\u00e9tricos, drones, semicondutores e turbinas e\u00f3licas.<\/p>\n<p>Ao anunciar a compra de 100% do Grupo Serra Verde, a <a href=\"https:\/\/investors.usare.com\/node\/8761\/pdf\">USA Rare Earth informou<\/a> que pagar\u00e1 US$ 300 milh\u00f5es em dinheiro pela mineradora brasileira. Os US$ 2,5 bi restantes ser\u00e3o pagos com 126,849 milh\u00f5es de a\u00e7\u00f5es ordin\u00e1rias da companhia estadunidense.<\/p>\n<p>Quando a negocia\u00e7\u00e3o foi conclu\u00edda, cada a\u00e7\u00e3o valia US$ 19,95. \u00c0s 13 horas de hoje (hor\u00e1rio de Bras\u00edlia), estavam sendo vendidas a US$ 23,08.<\/p>\n<p>Fundada h\u00e1 sete anos como uma startup, a USA Rare Earth obteve, em janeiro deste ano, do Departamento de Com\u00e9rcio dos EUA, um empr\u00e9stimo de US$ 1,3 bi, mais US$ 277 milh\u00f5es em financiamento.<\/p>\n<p>O empr\u00e9stimo p\u00fablico bilion\u00e1rio \u00e9 fruto da chamada Lei dos Chips (Chips and Science Act), que o ex-presidente dos EUA Joe Biden sancionou em agosto de 2022, destinando US$ 52,7 bi para promover a ind\u00fastria estadunidense de semicondutores e chips eletr\u00f4nicos.<\/p>\n<p>Em fevereiro, a Corpora\u00e7\u00e3o Financeira dos Estados Unidos para o Desenvolvimento Internacional (DFC), uma ag\u00eancia governamental estadunidense, concedeu um financiamento de US$ 565 milh\u00f5es (o equivalente a cerca de R$ 3,2 bilh\u00f5es, segundo o c\u00e2mbio no dia do an\u00fancio) \u00e0 brasileira Serra Verde.<\/p>\n<p>O valor, segundo a ag\u00eancia, <a href=\"https:\/\/www.dfc.gov\/media\/press-releases\/dfc-highlights-landmark-critical-minerals-investments-strengthen-us-national\">deve ser investido na otimiza\u00e7\u00e3o<\/a> e expans\u00e3o da mina Pela Ema, \u201co que contribuir\u00e1 para o desenvolvimento de uma fonte de elementos de terras raras alinhada com a produ\u00e7\u00e3o ocidental, incluindo elementos de terras raras pesadas\u201d.<\/p>\n<p>De acordo com o governo de Goi\u00e1s, <a href=\"https:\/\/goias.gov.br\/industriaecomercio\/serra-verde-garante-financiamento-internacional-de-us-565-milhoes-e-reforca-protagonismo-de-goias-no-setor-de-terras-raras\/\">o aporte financeiro na Serra Verde<\/a> foi uma \u201ciniciativa da DFC\u201d\u00a0e \u201crefor\u00e7a o interesse do EUA em diversificar fontes de minerais cr\u00edticos fora da \u00c1sia e reduzir depend\u00eancia de cadeias de suprimentos dominadas pela China\u201d.<\/p>\n<p>Ainda segundo o governo goiano, o aporte financeiro da DFC prev\u00ea \u201cuma op\u00e7\u00e3o que confere ao governo dos EUA o direito de adquirir participa\u00e7\u00e3o acion\u00e1ria minorit\u00e1ria\u201d na Serra Verde.<\/p>\n<p>A <strong>Ag\u00eancia Brasil <\/strong>entrou em contato com o Minist\u00e9rio do Desenvolvimento, Ind\u00fastria, Com\u00e9rcio e Servi\u00e7os (Mdic) e com a Casa Civil para que comentassem as manifesta\u00e7\u00f5es goianas e aguarda resposta.<\/p>\n<h2>\u201cVergonha\u201d<\/h2>\n<p>Desde que as negocia\u00e7\u00f5es entre a Serra Verde e USA Rare Earth se tornaram p\u00fablicas, no in\u00edcio deste m\u00eas, integrantes do governo federal passaram a criticar o acordo que o ex-governador de Goi\u00e1s Ronaldo Caiado assinou em 18 de mar\u00e7o, no Consulado Geral dos EUA, em S\u00e3o Paulo. A venda da empresa brasileira s\u00f3 foi confirmada na semana passada.<\/p>\n<blockquote>\n<p>\u201c\u00c9 uma vergonha inclusive o que o Caiado fez em Goi\u00e1s. O Caiado fez um acordo com empresas americanas, fazendo concess\u00e3o do que ele n\u00e3o pode fazer, porque \u00e9 da Uni\u00e3o. Se a gente n\u00e3o tomar cuidado, essa gente vai vender o Brasil [&#8230;] Depois de levar nosso ouro, prata, diamante e florestas, o que eles querem mais?\u201d, disse Lula, no \u00faltimo dia 8, em entrevista ao portal ICL Not\u00edcias.<\/p>\n<\/blockquote>\n<p>Na resposta que enviou \u00e0 <strong>Ag\u00eancia Brasil<\/strong>, o governo de Goi\u00e1s rebate \u00e0s cr\u00edticas federais, acusando o Pal\u00e1cio do Planalto de n\u00e3o ter formulado uma \u201cpol\u00edtica s\u00e9ria\u201d para regulamentar a explora\u00e7\u00e3o e o processamento de terras raras no Brasil.<\/p>\n<p>\u201cO governo federal perdeu o bonde da hist\u00f3ria [&#8230;] Goi\u00e1s n\u00e3o ficou parado e tem buscado trazer tecnologia para separa\u00e7\u00e3o e processamento dos minerais cr\u00edticos, firmando acordos com os EUA e com o Jap\u00e3o que visam agregar valor aos minerais extra\u00eddos aqui [no estado]\u201d, sustenta a secretaria de comunica\u00e7\u00e3o, destacando que, por n\u00e3o dispor da tecnologia para processar elementos como o dispr\u00f3sio (Dy), o t\u00e9rbio (Tb), o neod\u00edmio (Nd) e o itr\u00edo (y), o Brasil envia para a China os minerais cr\u00edticos retirados do solo goiano.<\/p>\n<p>Na \u00faltima sexta-feira (24), o ministro M\u00e1rcio Elias Rosa admitiu que, na semana passada, o governo federal pediu ao presidente da C\u00e2mara dos Deputados, Hugo Motta (Republicanos-PB), que retirasse de pauta o <a href=\"https:\/\/www.camara.leg.br\/proposicoesWeb\/prop_mostrarintegra?codteor=2450892&#038;filename=PL%202780\/2024\">Projeto de Lei 2780\/24<\/a> que institui a Pol\u00edtica Nacional de Minerais Cr\u00edticos e Estrat\u00e9gicos.<\/p>\n<p>A solicita\u00e7\u00e3o foi feita porque o Pal\u00e1cio do Planalto entende que, apesar da urg\u00eancia do Congresso Nacional em estabelecer marcos legais claros para a explora\u00e7\u00e3o das terras raras, \u00e9 preciso discutir mais a proposta antes de submet\u00ea-la \u00e0 aprecia\u00e7\u00e3o dos parlamentares.\u00a0<\/p>\n<p>&#8220;O governo federal quer apresentar propostas e sugest\u00f5es que, sobretudo, aperfei\u00e7oem o dever de industrializa\u00e7\u00e3o dos minerais cr\u00edticos&#8221;, disse M\u00e1rcio Elias, antecipando que representantes do governo devem se reunir com o relator do PL, deputado Arnaldo Jardim (Cidadania-SP), nesta semana.\u00a0<\/p>\n<p><strong>Consultada pela reportagem, a Ag\u00eancia Nacional de Minera\u00e7\u00e3o (ANM) informou que a legisla\u00e7\u00e3o permite a atua\u00e7\u00e3o de empresas estrangeiras na minera\u00e7\u00e3o, desde que a companhia se instale no territ\u00f3rio nacional,<\/strong> abrindo uma subsidi\u00e1ria; tornando-se parceira de uma empresa brasileira do setor j\u00e1 existente ou adquirindo-a, total ou parcialmente.\u00a0<\/p>\n<p><strong>Qualquer que seja o caso, o controle estrat\u00e9gico sobre os recursos minerais compete \u00e0 Uni\u00e3o, respons\u00e1vel por regular e autorizar a explora\u00e7\u00e3o.<\/strong><\/p>\n<h2>Jap\u00e3o<\/h2>\n<p>O acordo de coopera\u00e7\u00e3o internacional que o governo goiano assinou em mar\u00e7o deste ano \u00e9 semelhante a outro firmado com a Japan Oil, Gas and Metals National Corporation (JOGMEC), estatal japonesa vinculada ao Minist\u00e9rio da Economia, Com\u00e9rcio e Ind\u00fastria do Jap\u00e3o e respons\u00e1vel por garantir o abastecimento de petr\u00f3leo, g\u00e1s natural e minerais met\u00e1licos no Jap\u00e3o. E que come\u00e7ou a ser negociado em julho de 2025.<\/p>\n<p>Segundo o governo estadual, <a href=\"https:\/\/goias.gov.br\/casacivil\/goias-e-japao-avancam-em-cooperacao-para-exploracao-e-processamento-de-terras-raras\/\">a coopera\u00e7\u00e3o com o Jap\u00e3o envolve<\/a> a explora\u00e7\u00e3o, mas tamb\u00e9m a instala\u00e7\u00e3o de empresas capazes de separar e processar terras raras em Goi\u00e1s. Em particular, de \u00f3xidos de terras raras (OTR), cujas reservas goianas representam cerca de 25% dos estoques globais destes insumos.<\/p>\n<p>\u201cGoi\u00e1s n\u00e3o quer ser apenas exportador de mat\u00e9ria-prima\u201d, afirmou, em agosto de 2025, o ent\u00e3o governador Ronaldo Caiado.<\/p>\n","protected":false},"excerpt":{"rendered":"<p>O governo de Goi\u00e1s defendeu a legitimidade do memorando de entendimento que assinou com o governo dos Estados Unidos, em mar\u00e7o deste ano, para promover a pesquisa e a explora\u00e7\u00e3o de minerais cr\u00edticos no estado. Em nota enviada \u00e0 Ag\u00eancia Brasil, a secretaria estadual de Comunica\u00e7\u00e3o afirmou que o objetivo do acordo com os EUA [&hellip;]<\/p>\n","protected":false},"author":62,"featured_media":36415,"comment_status":"open","ping_status":"open","sticky":false,"template":"","format":"standard","meta":{"site-sidebar-layout":"default","site-content-layout":"","ast-site-content-layout":"default","site-content-style":"default","site-sidebar-style":"default","ast-global-header-display":"","ast-banner-title-visibility":"","ast-main-header-display":"","ast-hfb-above-header-display":"","ast-hfb-below-header-display":"","ast-hfb-mobile-header-display":"","site-post-title":"","ast-breadcrumbs-content":"","ast-featured-img":"","footer-sml-layout":"","ast-disable-related-posts":"","theme-transparent-header-meta":"","adv-header-id-meta":"","stick-header-meta":"","header-above-stick-meta":"","header-main-stick-meta":"","header-below-stick-meta":"","astra-migrate-meta-layouts":"default","ast-page-background-enabled":"default","ast-page-background-meta":{"desktop":{"background-color":"var(--ast-global-color-4)","background-image":"","background-repeat":"repeat","background-position":"center center","background-size":"auto","background-attachment":"scroll","background-type":"","background-media":"","overlay-type":"","overlay-color":"","overlay-opacity":"","overlay-gradient":""},"tablet":{"background-color":"","background-image":"","background-repeat":"repeat","background-position":"center center","background-size":"auto","background-attachment":"scroll","background-type":"","background-media":"","overlay-type":"","overlay-color":"","overlay-opacity":"","overlay-gradient":""},"mobile":{"background-color":"","background-image":"","background-repeat":"repeat","background-position":"center center","background-size":"auto","background-attachment":"scroll","background-type":"","background-media":"","overlay-type":"","overlay-color":"","overlay-opacity":"","overlay-gradient":""}},"ast-content-background-meta":{"desktop":{"background-color":"var(--ast-global-color-5)","background-image":"","background-repeat":"repeat","background-position":"center center","background-size":"auto","background-attachment":"scroll","background-type":"","background-media":"","overlay-type":"","overlay-color":"","overlay-opacity":"","overlay-gradient":""},"tablet":{"background-color":"var(--ast-global-color-5)","background-image":"","background-repeat":"repeat","background-position":"center center","background-size":"auto","background-attachment":"scroll","background-type":"","background-media":"","overlay-type":"","overlay-color":"","overlay-opacity":"","overlay-gradient":""},"mobile":{"background-color":"var(--ast-global-color-5)","background-image":"","background-repeat":"repeat","background-position":"center center","background-size":"auto","background-attachment":"scroll","background-type":"","background-media":"","overlay-type":"","overlay-color":"","overlay-opacity":"","overlay-gradient":""}},"footnotes":""},"categories":[37],"tags":[],"class_list":["post-36414","post","type-post","status-publish","format-standard","has-post-thumbnail","hentry","category-economia-e-negocios"],"_links":{"self":[{"href":"https:\/\/colunadahora.com.br\/index.php?rest_route=\/wp\/v2\/posts\/36414","targetHints":{"allow":["GET"]}}],"collection":[{"href":"https:\/\/colunadahora.com.br\/index.php?rest_route=\/wp\/v2\/posts"}],"about":[{"href":"https:\/\/colunadahora.com.br\/index.php?rest_route=\/wp\/v2\/types\/post"}],"author":[{"embeddable":true,"href":"https:\/\/colunadahora.com.br\/index.php?rest_route=\/wp\/v2\/users\/62"}],"replies":[{"embeddable":true,"href":"https:\/\/colunadahora.com.br\/index.php?rest_route=%2Fwp%2Fv2%2Fcomments&post=36414"}],"version-history":[{"count":0,"href":"https:\/\/colunadahora.com.br\/index.php?rest_route=\/wp\/v2\/posts\/36414\/revisions"}],"wp:featuredmedia":[{"embeddable":true,"href":"https:\/\/colunadahora.com.br\/index.php?rest_route=\/wp\/v2\/media\/36415"}],"wp:attachment":[{"href":"https:\/\/colunadahora.com.br\/index.php?rest_route=%2Fwp%2Fv2%2Fmedia&parent=36414"}],"wp:term":[{"taxonomy":"category","embeddable":true,"href":"https:\/\/colunadahora.com.br\/index.php?rest_route=%2Fwp%2Fv2%2Fcategories&post=36414"},{"taxonomy":"post_tag","embeddable":true,"href":"https:\/\/colunadahora.com.br\/index.php?rest_route=%2Fwp%2Fv2%2Ftags&post=36414"}],"curies":[{"name":"wp","href":"https:\/\/api.w.org\/{rel}","templated":true}]}}