{"id":36406,"date":"2026-04-27T15:17:08","date_gmt":"2026-04-27T18:17:08","guid":{"rendered":"https:\/\/colunadahora.com.br\/?p=36406"},"modified":"2026-04-27T15:17:08","modified_gmt":"2026-04-27T18:17:08","slug":"juizes-pedem-adiamento-de-decisao-que-limitou-penduricalhos","status":"publish","type":"post","link":"https:\/\/colunadahora.com.br\/?p=36406","title":{"rendered":"Ju\u00edzes pedem adiamento de decis\u00e3o que limitou penduricalhos"},"content":{"rendered":"<\/p>\n<p><a class=\"\" href=\"https:\/\/agenciabrasil.ebc.com.br\/justica\/noticia\/2026-04\/juizes-pedem-adiamento-de-decisao-que-limitou-penduricalhos\"><br \/>\n                    <img decoding=\"async\" src=\"https:\/\/cdn.jsdelivr.net\/gh\/sergiosdlima\/assets-ebc@1.0.0\/abr\/assets\/images\/logo-agenciabrasil.svg\" alt=\"Logo Ag\u00eancia Brasil\"><br \/>\n\t\t\t\t<\/a><\/p>\n<p><strong>Associa\u00e7\u00f5es que representam ju\u00edzes e membros do Minist\u00e9rio P\u00fablico pediram ao Supremo Tribunal Federal (STF) mais 30 dias para aplica\u00e7\u00e3o das regras que restringiram o pagamento de penduricalhos.<\/strong><img decoding=\"async\" src=\"https:\/\/agenciabrasil.ebc.com.br\/ebc.png?id=1687407&#038;o=rss\"><img decoding=\"async\" src=\"https:\/\/agenciabrasil.ebc.com.br\/ebc.gif?id=1687407&#038;o=rss\"><\/p>\n<p>Penduricalhos\u00a0s\u00e3o benef\u00edcios concedidos a servidores p\u00fablicos e que, somados ao sal\u00e1rio, n\u00e3o cumprem o teto remunerat\u00f3rio constitucional de R$ 46,3 mil.<\/p>\n<\/p>\n<h3>Not\u00edcias relacionadas:<\/h3>\n<ul>\n<li><a href=\"https:\/\/agenciabrasil.ebc.com.br\/justica\/noticia\/2026-03\/stf-decide-limitar-pagamento-de-penduricalhos-no-judiciario-e-mp\">STF decide limitar pagamento de penduricalhos no Judici\u00e1rio e MP .<\/a><\/li>\n<li><a href=\"https:\/\/agenciabrasil.ebc.com.br\/justica\/noticia\/2026-03\/stf-inicia-votacao-sobre-suspensao-do-pagamento-de-penduricalhos\">STF inicia vota\u00e7\u00e3o sobre suspens\u00e3o do pagamento de penduricalhos.<\/a><\/li>\n<li><a href=\"https:\/\/agenciabrasil.ebc.com.br\/justica\/noticia\/2026-03\/stf-retoma-julgamento-sobre-pagamento-de-penduricalhos\">STF retoma julgamento sobre pagamento de penduricalhos .<\/a><\/li>\n<\/ul>\n<p><strong>No dia 25 de mar\u00e7o, por unanimidade, os ministros do Supremo decidiram que as indeniza\u00e7\u00f5es adicionais, gratifica\u00e7\u00f5es e aux\u00edlios dever\u00e3o ser limitados a 35% do valor do sal\u00e1rio dos ministros do STF, que tem o teto como refer\u00eancia e \u00e9 equivalente a R$ 46,3 mil.<\/strong><\/p>\n<p><strong>Pela decis\u00e3o da Corte, as restri\u00e7\u00f5es devem ser aplicadas de forma imediata pelos \u00f3rg\u00e3os do Judici\u00e1rio e do Minist\u00e9rio P\u00fablico.<\/strong><\/p>\n<p>Segundo a Associa\u00e7\u00e3o dos Magistrados Brasileiros (AMB), entidade que representa as demais associa\u00e7\u00f5es, os tribunais est\u00e3o com dificuldade para aplicar a decis\u00e3o da Corte. A entidade ainda acrescentou que ac\u00f3rd\u00e3o do julgamento ainda n\u00e3o foi publicado, e os magistrados n\u00e3o podem ser prejudicados com o corte dos penduricalhos.<\/p>\n<p><strong>Conforme solicita\u00e7\u00e3o da Associa\u00e7\u00e3o dos Magistrados\u00a0\u00a0o prazo de mais 30 dias para aplica\u00e7\u00e3o das regras passaria a contar a partir do julgamento de eventuais recursos contra a limita\u00e7\u00e3o do pagamento dos penduricalhos.<\/strong><\/p>\n<blockquote>\n<p>&#8220;O que \u00e9 certo e a AMB pode atestar \u00e9 que os tribunais est\u00e3o em dificuldade para dar cumprimento \u00e0 decis\u00e3o desse STF sem que tal cumprimento possa violar direito dos magistrados em raz\u00e3o de eventual incompreens\u00e3o da decis\u00e3o\u201d, afirmou a entidade.<\/p>\n<\/blockquote>\n<h2>Penduricalhos<\/h2>\n<p>Na pr\u00e1tica, apesar de limitar os penduricalhos em 35%, a decis\u00e3o do Supremo validou os pagamentos acima do teto constitucional.<\/p>\n<p><strong>Dessa forma, ju\u00edzes, promotores e procuradores poder\u00e3o ganhar pelo menos R$ 62,5 mil mensais, somando o teto de R$ 46,3 mil e R$ 16,2 mil em penduricalhos.<\/strong><\/p>\n<p>No final de carreira, o sal\u00e1rio poder\u00e1 chegar a R$ 78,8 mil, com o pagamento de aux\u00edlio por tempo de servi\u00e7o (ATS), que tamb\u00e9m foi limitado a 35% do teto.<\/p>\n<p>\u00a0<\/p>\n","protected":false},"excerpt":{"rendered":"<p>Associa\u00e7\u00f5es que representam ju\u00edzes e membros do Minist\u00e9rio P\u00fablico pediram ao Supremo Tribunal Federal (STF) mais 30 dias para aplica\u00e7\u00e3o das regras que restringiram o pagamento de penduricalhos. Penduricalhos\u00a0s\u00e3o benef\u00edcios concedidos a servidores p\u00fablicos e que, somados ao sal\u00e1rio, n\u00e3o cumprem o teto remunerat\u00f3rio constitucional de R$ 46,3 mil. Not\u00edcias relacionadas: STF decide limitar pagamento [&hellip;]<\/p>\n","protected":false},"author":45,"featured_media":36407,"comment_status":"open","ping_status":"open","sticky":false,"template":"","format":"standard","meta":{"site-sidebar-layout":"default","site-content-layout":"","ast-site-content-layout":"default","site-content-style":"default","site-sidebar-style":"default","ast-global-header-display":"","ast-banner-title-visibility":"","ast-main-header-display":"","ast-hfb-above-header-display":"","ast-hfb-below-header-display":"","ast-hfb-mobile-header-display":"","site-post-title":"","ast-breadcrumbs-content":"","ast-featured-img":"","footer-sml-layout":"","ast-disable-related-posts":"","theme-transparent-header-meta":"","adv-header-id-meta":"","stick-header-meta":"","header-above-stick-meta":"","header-main-stick-meta":"","header-below-stick-meta":"","astra-migrate-meta-layouts":"default","ast-page-background-enabled":"default","ast-page-background-meta":{"desktop":{"background-color":"var(--ast-global-color-4)","background-image":"","background-repeat":"repeat","background-position":"center center","background-size":"auto","background-attachment":"scroll","background-type":"","background-media":"","overlay-type":"","overlay-color":"","overlay-opacity":"","overlay-gradient":""},"tablet":{"background-color":"","background-image":"","background-repeat":"repeat","background-position":"center center","background-size":"auto","background-attachment":"scroll","background-type":"","background-media":"","overlay-type":"","overlay-color":"","overlay-opacity":"","overlay-gradient":""},"mobile":{"background-color":"","background-image":"","background-repeat":"repeat","background-position":"center center","background-size":"auto","background-attachment":"scroll","background-type":"","background-media":"","overlay-type":"","overlay-color":"","overlay-opacity":"","overlay-gradient":""}},"ast-content-background-meta":{"desktop":{"background-color":"var(--ast-global-color-5)","background-image":"","background-repeat":"repeat","background-position":"center center","background-size":"auto","background-attachment":"scroll","background-type":"","background-media":"","overlay-type":"","overlay-color":"","overlay-opacity":"","overlay-gradient":""},"tablet":{"background-color":"var(--ast-global-color-5)","background-image":"","background-repeat":"repeat","background-position":"center center","background-size":"auto","background-attachment":"scroll","background-type":"","background-media":"","overlay-type":"","overlay-color":"","overlay-opacity":"","overlay-gradient":""},"mobile":{"background-color":"var(--ast-global-color-5)","background-image":"","background-repeat":"repeat","background-position":"center center","background-size":"auto","background-attachment":"scroll","background-type":"","background-media":"","overlay-type":"","overlay-color":"","overlay-opacity":"","overlay-gradient":""}},"footnotes":""},"categories":[3],"tags":[],"class_list":["post-36406","post","type-post","status-publish","format-standard","has-post-thumbnail","hentry","category-seguranca-e-justica"],"_links":{"self":[{"href":"https:\/\/colunadahora.com.br\/index.php?rest_route=\/wp\/v2\/posts\/36406","targetHints":{"allow":["GET"]}}],"collection":[{"href":"https:\/\/colunadahora.com.br\/index.php?rest_route=\/wp\/v2\/posts"}],"about":[{"href":"https:\/\/colunadahora.com.br\/index.php?rest_route=\/wp\/v2\/types\/post"}],"author":[{"embeddable":true,"href":"https:\/\/colunadahora.com.br\/index.php?rest_route=\/wp\/v2\/users\/45"}],"replies":[{"embeddable":true,"href":"https:\/\/colunadahora.com.br\/index.php?rest_route=%2Fwp%2Fv2%2Fcomments&post=36406"}],"version-history":[{"count":0,"href":"https:\/\/colunadahora.com.br\/index.php?rest_route=\/wp\/v2\/posts\/36406\/revisions"}],"wp:featuredmedia":[{"embeddable":true,"href":"https:\/\/colunadahora.com.br\/index.php?rest_route=\/wp\/v2\/media\/36407"}],"wp:attachment":[{"href":"https:\/\/colunadahora.com.br\/index.php?rest_route=%2Fwp%2Fv2%2Fmedia&parent=36406"}],"wp:term":[{"taxonomy":"category","embeddable":true,"href":"https:\/\/colunadahora.com.br\/index.php?rest_route=%2Fwp%2Fv2%2Fcategories&post=36406"},{"taxonomy":"post_tag","embeddable":true,"href":"https:\/\/colunadahora.com.br\/index.php?rest_route=%2Fwp%2Fv2%2Ftags&post=36406"}],"curies":[{"name":"wp","href":"https:\/\/api.w.org\/{rel}","templated":true}]}}