{"id":36404,"date":"2026-04-27T14:17:51","date_gmt":"2026-04-27T17:17:51","guid":{"rendered":"https:\/\/colunadahora.com.br\/?p=36404"},"modified":"2026-04-27T14:17:51","modified_gmt":"2026-04-27T17:17:51","slug":"justica-condena-estado-de-sp-a-indenizar-familia-de-homem-morto-por-pm","status":"publish","type":"post","link":"https:\/\/colunadahora.com.br\/?p=36404","title":{"rendered":"Justi\u00e7a condena estado de SP a indenizar fam\u00edlia de homem morto por PM"},"content":{"rendered":"<\/p>\n<p><a class=\"\" href=\"https:\/\/agenciabrasil.ebc.com.br\/justica\/noticia\/2026-04\/justica-condena-estado-de-sp-indenizar-familia-de-homem-morto-por-pm\"><br \/>\n                    <img decoding=\"async\" src=\"https:\/\/cdn.jsdelivr.net\/gh\/sergiosdlima\/assets-ebc@1.0.0\/abr\/assets\/images\/logo-agenciabrasil.svg\" alt=\"Logo Ag\u00eancia Brasil\"><br \/>\n\t\t\t\t<\/a><\/p>\n<p><strong>A Justi\u00e7a condenou o estado de S\u00e3o Paulo ao pagamento de indeniza\u00e7\u00e3o de R$ 200 mil para a fam\u00edlia de Gabriel Renan da Silva Soares, 26, morto por um policial militar (PM) que estava de folga.<\/strong> A v\u00edtima foi atingida por 11 disparos feitos pelo PM Vinicius de Lima Britto, em 3 de novembro de 2024, em frente a um mercado da zona sul da capital paulista.<img decoding=\"async\" src=\"https:\/\/agenciabrasil.ebc.com.br\/ebc.png?id=1687397&#038;o=rss\"><img decoding=\"async\" src=\"https:\/\/agenciabrasil.ebc.com.br\/ebc.gif?id=1687397&#038;o=rss\"><\/p>\n<p>Na ocasi\u00e3o, Gabriel havia furtado produtos de limpeza no mercado e correu para fora do pr\u00e9dio, mas escorregou durante a fuga e caiu no ch\u00e3o, j\u00e1 na cal\u00e7ada, pr\u00f3ximo \u00e0 porta. A v\u00edtima se levantou e correu em dire\u00e7\u00e3o \u00e0 rua, mas foi alvejada pelo policial.<\/p>\n<\/p>\n<h3>Not\u00edcias relacionadas:<\/h3>\n<ul>\n<li><a href=\"https:\/\/agenciabrasil.ebc.com.br\/justica\/noticia\/2026-04\/por-unanimidade-stf-mantem-prisao-de-ex-presidente-do-brb\">Por unanimidade, STF mant\u00e9m pris\u00e3o de ex-presidente do BRB .<\/a><\/li>\n<li><a href=\"https:\/\/agenciabrasil.ebc.com.br\/justica\/noticia\/2026-04\/nunes-marques-assume-presidencia-do-tse-dia-12-de-maio\">Nunes Marques assume presid\u00eancia do TSE dia 12 de maio.<\/a><\/li>\n<li><a href=\"https:\/\/agenciabrasil.ebc.com.br\/justica\/noticia\/2026-04\/justica-federal-decreta-nova-prisao-de-mc-ryam-sp-e-mc-poze\">Justi\u00e7a Federal decreta nova pris\u00e3o de MC Ryam SP e MC Poze.<\/a><\/li>\n<\/ul>\n<p>Imagens de c\u00e2meras de seguran\u00e7a do mercado mostram que o policial estava no caixa quando Gabriel passou pela porta de sa\u00edda. O PM virou-se e caminhou na dire\u00e7\u00e3o da sa\u00edda, puxando a arma da cintura. Britto atirou diversas vezes pelas costas.<\/p>\n<p>\u201cA responsabilidade civil objetiva do Estado, pautada na Teoria do Risco Administrativo, alcan\u00e7a atos praticados por agentes p\u00fablicos que, mesmo em seus per\u00edodos de descanso, se valham da condi\u00e7\u00e3o de autoridade ou utilizem instrumentos e recursos colocados \u00e0 sua disposi\u00e7\u00e3o em raz\u00e3o do cargo para intervir em situa\u00e7\u00f5es de conflito\u201d, diz decis\u00e3o do juiz Fabricio Figliuolo Fernandes.<\/p>\n<p><strong>De acordo com o juiz, \u00e9 incontroverso que o policial militar utilizou uma arma de fogo pertencente \u00e0 corpora\u00e7\u00e3o e atuou sob o pretexto de exercer sua fun\u00e7\u00e3o ostensiva para interromper a pr\u00e1tica de um suposto furto.<\/strong><\/p>\n<blockquote>\n<p>\u201cAo intervir em um evento delituoso valendo-se do poder de pol\u00edcia que lhe \u00e9 inerente e utilizando armamento fornecido pelo Estado, o agente atua, para todos os efeitos jur\u00eddicos, na qualidade de preposto estatal\u201d, concluiu o magistrado.<\/p>\n<\/blockquote>\n<p><strong>No ano passado, o policial Vinicius de Lima Britto foi condenado a dois anos, um m\u00eas e 27 dias de deten\u00e7\u00e3o, em regime inicial semiaberto, al\u00e9m da perda de cargo p\u00fablico. O Minist\u00e9rio P\u00fablico de S\u00e3o Paulo (MPSP), no entanto, recorreu e Britto dever\u00e1 ser julgado novamente por j\u00fari popular.<\/strong><\/p>\n<p>A Procuradoria Geral Estado SP disse, em nota, que\u00a0o Estado de S\u00e3o Paulo n\u00e3o foi notificado da decis\u00e3o.<\/p>\n","protected":false},"excerpt":{"rendered":"<p>A Justi\u00e7a condenou o estado de S\u00e3o Paulo ao pagamento de indeniza\u00e7\u00e3o de R$ 200 mil para a fam\u00edlia de Gabriel Renan da Silva Soares, 26, morto por um policial militar (PM) que estava de folga. A v\u00edtima foi atingida por 11 disparos feitos pelo PM Vinicius de Lima Britto, em 3 de novembro de [&hellip;]<\/p>\n","protected":false},"author":108,"featured_media":36405,"comment_status":"open","ping_status":"open","sticky":false,"template":"","format":"standard","meta":{"site-sidebar-layout":"default","site-content-layout":"","ast-site-content-layout":"default","site-content-style":"default","site-sidebar-style":"default","ast-global-header-display":"","ast-banner-title-visibility":"","ast-main-header-display":"","ast-hfb-above-header-display":"","ast-hfb-below-header-display":"","ast-hfb-mobile-header-display":"","site-post-title":"","ast-breadcrumbs-content":"","ast-featured-img":"","footer-sml-layout":"","ast-disable-related-posts":"","theme-transparent-header-meta":"","adv-header-id-meta":"","stick-header-meta":"","header-above-stick-meta":"","header-main-stick-meta":"","header-below-stick-meta":"","astra-migrate-meta-layouts":"default","ast-page-background-enabled":"default","ast-page-background-meta":{"desktop":{"background-color":"var(--ast-global-color-4)","background-image":"","background-repeat":"repeat","background-position":"center center","background-size":"auto","background-attachment":"scroll","background-type":"","background-media":"","overlay-type":"","overlay-color":"","overlay-opacity":"","overlay-gradient":""},"tablet":{"background-color":"","background-image":"","background-repeat":"repeat","background-position":"center center","background-size":"auto","background-attachment":"scroll","background-type":"","background-media":"","overlay-type":"","overlay-color":"","overlay-opacity":"","overlay-gradient":""},"mobile":{"background-color":"","background-image":"","background-repeat":"repeat","background-position":"center center","background-size":"auto","background-attachment":"scroll","background-type":"","background-media":"","overlay-type":"","overlay-color":"","overlay-opacity":"","overlay-gradient":""}},"ast-content-background-meta":{"desktop":{"background-color":"var(--ast-global-color-5)","background-image":"","background-repeat":"repeat","background-position":"center center","background-size":"auto","background-attachment":"scroll","background-type":"","background-media":"","overlay-type":"","overlay-color":"","overlay-opacity":"","overlay-gradient":""},"tablet":{"background-color":"var(--ast-global-color-5)","background-image":"","background-repeat":"repeat","background-position":"center center","background-size":"auto","background-attachment":"scroll","background-type":"","background-media":"","overlay-type":"","overlay-color":"","overlay-opacity":"","overlay-gradient":""},"mobile":{"background-color":"var(--ast-global-color-5)","background-image":"","background-repeat":"repeat","background-position":"center center","background-size":"auto","background-attachment":"scroll","background-type":"","background-media":"","overlay-type":"","overlay-color":"","overlay-opacity":"","overlay-gradient":""}},"footnotes":""},"categories":[3],"tags":[],"class_list":["post-36404","post","type-post","status-publish","format-standard","has-post-thumbnail","hentry","category-seguranca-e-justica"],"_links":{"self":[{"href":"https:\/\/colunadahora.com.br\/index.php?rest_route=\/wp\/v2\/posts\/36404","targetHints":{"allow":["GET"]}}],"collection":[{"href":"https:\/\/colunadahora.com.br\/index.php?rest_route=\/wp\/v2\/posts"}],"about":[{"href":"https:\/\/colunadahora.com.br\/index.php?rest_route=\/wp\/v2\/types\/post"}],"author":[{"embeddable":true,"href":"https:\/\/colunadahora.com.br\/index.php?rest_route=\/wp\/v2\/users\/108"}],"replies":[{"embeddable":true,"href":"https:\/\/colunadahora.com.br\/index.php?rest_route=%2Fwp%2Fv2%2Fcomments&post=36404"}],"version-history":[{"count":0,"href":"https:\/\/colunadahora.com.br\/index.php?rest_route=\/wp\/v2\/posts\/36404\/revisions"}],"wp:featuredmedia":[{"embeddable":true,"href":"https:\/\/colunadahora.com.br\/index.php?rest_route=\/wp\/v2\/media\/36405"}],"wp:attachment":[{"href":"https:\/\/colunadahora.com.br\/index.php?rest_route=%2Fwp%2Fv2%2Fmedia&parent=36404"}],"wp:term":[{"taxonomy":"category","embeddable":true,"href":"https:\/\/colunadahora.com.br\/index.php?rest_route=%2Fwp%2Fv2%2Fcategories&post=36404"},{"taxonomy":"post_tag","embeddable":true,"href":"https:\/\/colunadahora.com.br\/index.php?rest_route=%2Fwp%2Fv2%2Ftags&post=36404"}],"curies":[{"name":"wp","href":"https:\/\/api.w.org\/{rel}","templated":true}]}}