{"id":36396,"date":"2026-04-27T13:19:28","date_gmt":"2026-04-27T16:19:28","guid":{"rendered":"https:\/\/colunadahora.com.br\/?p=36396"},"modified":"2026-04-27T13:19:28","modified_gmt":"2026-04-27T16:19:28","slug":"portal-colunadahora-com-br-icmbio-vai-contratar-em-porto-velho-a-partir-de-maio-veja-como-ser-um-agente-temporario","status":"publish","type":"post","link":"https:\/\/colunadahora.com.br\/?p=36396","title":{"rendered":"PORTAL COLUNADAHORA.COM.BR &#8211; ICMBio VAI CONTRATAR EM PORTO VELHO A PARTIR DE MAIO; VEJA COMO SER UM AGENTE TEMPOR\u00c1RIO"},"content":{"rendered":"<p>O Instituto Chico Mendes de Conserva\u00e7\u00e3o da Biodiversidade (ICMBio) abriu as portas para um\u00a0<a class=\"spl-automatic-Link\" href=\"https:\/\/concursosrondonia.com\/noticias\/processo-seletivo\/\" target=\"_blank\" rel=\"noopener\" data-superlinks140684vt908f2723b=\"1\" data-spl=\"1\" data-wpel-link=\"internal\">processo seletivo<\/a>\u00a0simplificado destinado a contratar agentes tempor\u00e1rios ambientais para o N\u00facleo de Gest\u00e3o Integrada em Humait\u00e1, em\u00a0<a class=\"spl-automatic-Link\" href=\"https:\/\/concursosrondonia.com\/tag\/porto-velho-ro\/\" target=\"_blank\" rel=\"noopener\" data-superlinks140684vt908f2723b=\"6\" data-spl=\"6\" data-wpel-link=\"internal\">Porto Velho<\/a>\u00a0(RO). As inscri\u00e7\u00f5es come\u00e7am no pr\u00f3ximo\u00a0<strong>4 de maio<\/strong>\u00a0e seguem at\u00e9\u00a0<strong>8 de maio de 2026<\/strong>.<\/p>\n<p>A oportunidade \u00e9 voltada para profissionais que desejam trabalhar no apoio \u00e0 gest\u00e3o de unidades de conserva\u00e7\u00e3o federais. O edital contempla tr\u00eas n\u00edveis de contrata\u00e7\u00e3o, com remunera\u00e7\u00f5es que variam de um a 2,5 sal\u00e1rios-m\u00ednimos, al\u00e9m de aux\u00edlios legais.<\/p>\n<h2 class=\"wp-block-heading\">Sal\u00e1rios de acordo com a categoria<\/h2>\n<p>&nbsp;<\/p>\n<p>Para os candidatos aprovados, as remunera\u00e7\u00f5es s\u00e3o:<\/p>\n<div class=\"td-a-ad id_inline_ad0 id_ad_content-horiz-center\">\n<div class=\"xbf513-c9f0f8\" data-id=\"8\"><ins id=\"revive-0-4\" data-revive-zoneid=\"65\" data-revive-id=\"94cde7fd98d25bf5dd52684cdeda6b02\" data-revive-seq=\"4\" data-revive-loaded=\"1\"><\/p>\n<div id=\"beacon_e4f0e10a90\"><img decoding=\"async\" src=\"https:\/\/adserve.pen6.cc\/www\/delivery\/lg.php?bannerid=81&amp;campaignid=25&amp;zoneid=65&amp;loc=https%3A%2F%2Ffolhadevilhena.com.br%2F26%2F04%2F2026%2Ficmbio-abre-selecao-para-agentes-ambientais-em-porto-velho-salarios-chegam-a-r-6-250%2F&amp;cb=e4f0e10a90&amp;antifraud=1\" alt=\"\" width=\"0\" height=\"0\" \/><\/div>\n<p><\/ins><\/div>\n<\/div>\n<ul class=\"wp-block-list\">\n<li><strong>N\u00edvel I<\/strong>: 1 sal\u00e1rio-m\u00ednimo + aux\u00edlios legais =\u00a0<strong>R$ 1.621,00<\/strong><\/li>\n<li><strong>N\u00edvel II<\/strong>: 1,5 sal\u00e1rio-m\u00ednimo + aux\u00edlios legais =\u00a0<strong>R$ 2.431,50<\/strong><\/li>\n<li><strong>N\u00edvel III<\/strong>: 2,5 sal\u00e1rios-m\u00ednimo + aux\u00edlios legais =\u00a0<strong>R$ 4.052,50<\/strong><\/li>\n<\/ul>\n<p>Os contratos t\u00eam dura\u00e7\u00e3o de 24 meses. os sal\u00e1rios variam de\u00a0<strong>R$ 1.621,00\u00a0a\u00a0R$ 4.052,50<\/strong>, sem contar os aux\u00edlios. Os contratos t\u00eam dura\u00e7\u00e3o de 24 meses.<\/p>\n<h2 class=\"wp-block-heading\">Vagas para todos<\/h2>\n<p>O ICMBio reservou vagas com crit\u00e9rios de equidade. Embora o edital estabele\u00e7a cadastro de reserva (sem quantidade espec\u00edfica de vagas abertas), existem cotas destinadas a candidatos autodeclarados pretos, pardos, ind\u00edgenas e quilombolas, respeitando a Lei 15.142\/2025.<\/p>\n<h2 class=\"wp-block-heading\">O que faz o agente ambiental<\/h2>\n<p>Os selecionados v\u00e3o executar tarefas essenciais para a conserva\u00e7\u00e3o:<\/p>\n<ul class=\"wp-block-list\">\n<li>Monitoramento patrimonial e vigil\u00e2ncia de bens p\u00fablicos<\/li>\n<li>Apoio administrativo e operacional nas unidades<\/li>\n<li>Atendimento ao p\u00fablico e controle de acesso<\/li>\n<li>Servi\u00e7os auxiliares como preenchimento de formul\u00e1rios e gest\u00e3o de correspond\u00eancias<\/li>\n<\/ul>\n<p>Al\u00e9m disso, o edital deixa claro que o profissional deve estar dispon\u00edvel para viagens a trabalho e pode trabalhar em regime de exclusividade, inclusive em hor\u00e1rios noturnos e finais de semana, conforme demanda da unidade.<\/p>\n<h2 class=\"wp-block-heading\">Requisitos b\u00e1sicos<\/h2>\n<p>Para se inscrever, o candidato precisa:<\/p>\n<ul class=\"wp-block-list\">\n<li>Ter nacionalidade brasileira (ou prerrogativas legais)<\/li>\n<li>Estar em dia com obriga\u00e7\u00f5es militares (homens) e eleitorais<\/li>\n<li>Ter 18 anos completos<\/li>\n<li>Apresentar carteira de motorista (CNH) categoria B<\/li>\n<li>Comprovar bom estado psicof\u00edsico com atestado m\u00e9dico recente<\/li>\n<li>N\u00e3o ter contratos tempor\u00e1rios com o ICMBio nos \u00faltimos 2 anos<\/li>\n<\/ul>\n<p>H\u00e1 uma restri\u00e7\u00e3o importante: quem foi desligado por justa causa do ICMBio ou IBAMA deve aguardar 5 anos desde o desligamento para poder se candidatar novamente.<\/p>\n<h2 class=\"wp-block-heading\">Escolaridade varia por n\u00edvel<\/h2>\n<p>O edital \u00e9 acess\u00edvel. Para os n\u00edveis I e II, exige-se apenas\u00a0<a class=\"spl-automatic-Link\" href=\"https:\/\/concursosrondonia.com\/tag\/ensino-fundamental\" target=\"_blank\" rel=\"noopener\" data-superlinks140684vt908f2723b=\"4\" data-spl=\"4\" data-wpel-link=\"internal\">ensino fundamental<\/a>\u00a0incompleto. No entanto, para o n\u00edvel III, \u00e9 obrigat\u00f3ria a comprova\u00e7\u00e3o de ensino fundamental completo.<\/p>\n<div class=\"code-block code-block-11\">\n<ul>\n<li><a href=\"https:\/\/concursosrondonia.com\/whatsapp\" target=\"_blank\" rel=\"noreferrer noopener\" data-wpel-link=\"internal\">Receber noticias do Concursos Rond\u00f4nia no seu WhatsApp<\/a><\/li>\n<\/ul>\n<\/div>\n<h2 class=\"wp-block-heading\">Como funciona o processo de sele\u00e7\u00e3o<\/h2>\n<p>O processo seletivo tem duas etapas:<\/p>\n<p><strong>Etapa 1 \u2013 An\u00e1lise Curricular<\/strong>\u00a0(classificat\u00f3ria e eliminat\u00f3ria) Candidatos ser\u00e3o avaliados por crit\u00e9rios como tempo de trabalho em unidades de conserva\u00e7\u00e3o, cursos realizados e experi\u00eancia profissional espec\u00edfica. A pontua\u00e7\u00e3o m\u00e1xima varia conforme o n\u00edvel. Apenas os candidatos com as maiores notas \u2014 at\u00e9 cinco vezes o n\u00famero de vagas \u2014 seguem para a pr\u00f3xima fase.<\/p>\n<p><strong>Etapa 2 \u2013 Entrevista<\/strong>\u00a0(classificat\u00f3ria) Uma conversa com o objetivo de avaliar a comunicabilidade do candidato e sua afinidade com as atividades. A entrevista vale at\u00e9 50 pontos.<\/p>\n<p><strong>OBS:<\/strong> N\u00e3o comparecer a qualquer uma das etapas resulta em elimina\u00e7\u00e3o autom\u00e1tica.<\/p>\n<h2 class=\"wp-block-heading\">Cronograma apertado<\/h2>\n<ul class=\"wp-block-list\">\n<li><strong>Inscri\u00e7\u00f5es<\/strong>: 4 a 8 de maio de 2026<\/li>\n<li><strong>Homologa\u00e7\u00e3o<\/strong>: 22 de maio<\/li>\n<li><strong>Resultado preliminar da Etapa 1<\/strong>: 22 de maio<\/li>\n<li><strong>Entrevistas<\/strong>: 9 a 11 de junho<\/li>\n<li><strong>Resultado final<\/strong>: 30 de junho<\/li>\n<\/ul>\n<p>O edital tamb\u00e9m prev\u00ea prazos para recursos em caso de discord\u00e2ncia com os resultados.<\/p>\n<h2 class=\"wp-block-heading\">Inscri\u00e7\u00e3o presencial<\/h2>\n<p>As inscri\u00e7\u00f5es s\u00e3o\u00a0<strong>gratuitas<\/strong>\u00a0e ocorrem de forma presencial no pr\u00e9dio do CENSIPAM, localizado na Avenida Lauro Sodr\u00e9, n\u00ba 6.500, no bairro Aeroporto, Porto Velho\/RO. O atendimento \u00e9 nos hor\u00e1rios:<\/p>\n<ul class=\"wp-block-list\">\n<li><strong>Manh\u00e3<\/strong>: 9h \u00e0s 11h30<\/li>\n<li><strong>Tarde<\/strong>: 13h30 \u00e0s 16h<\/li>\n<\/ul>\n<p>Candidatos devem levar c\u00f3pias de documenta\u00e7\u00e3o comprobat\u00f3ria, incluindo RG, CPF, CNH, atestado m\u00e9dico recente, tipagem sangu\u00ednea, comprovante de resid\u00eancia e certid\u00f5es de antecedentes criminais estadual e federal.<\/p>\n<h2 class=\"wp-block-heading\">Pontua\u00e7\u00e3o curricular diferenciada<\/h2>\n<p>Cada n\u00edvel tem crit\u00e9rios pr\u00f3prios. Candidatos com experi\u00eancia como agente tempor\u00e1rio ambiental em \u00e1reas do Sistema Nacional de Meio Ambiente (SISNAMA) ganham at\u00e9 12 pontos. Trabalhos volunt\u00e1rios em unidades de conserva\u00e7\u00e3o, cursos especializados em temas ambientais e experi\u00eancia como estagi\u00e1rio tamb\u00e9m s\u00e3o valorizados.<\/p>\n<h2 class=\"wp-block-heading\">Contratos tempor\u00e1rios<\/h2>\n<p>Importante: a aprova\u00e7\u00e3o no processo seletivo n\u00e3o garante contrata\u00e7\u00e3o autom\u00e1tica. Tudo depende de disponibilidade or\u00e7ament\u00e1ria e financeira da administra\u00e7\u00e3o p\u00fablica, que pode cancelar o contrato a qualquer momento \u201cpor conveni\u00eancia e oportunidade\u201d.<\/p>\n<p>Se o ICMBio rescindir o contrato antes do prazo, o profissional receber\u00e1 indeniza\u00e7\u00e3o correspondente \u00e0 metade do que ganharia at\u00e9 o final do contrato. J\u00e1 se for o trabalhador a pedir demiss\u00e3o, sai sem direito a indeniza\u00e7\u00e3o.<\/p>\n<h2 class=\"wp-block-heading\">Restri\u00e7\u00f5es importantes<\/h2>\n<p>O edital pro\u00edbe a inscri\u00e7\u00e3o de candidatos que tenham parentes (at\u00e9 quarto grau) entre os elaboradores ou avaliadores do processo. Tamb\u00e9m n\u00e3o s\u00e3o aceitos candidatos que se apresentem com sinais de embriaguez ou consumo de entorpecentes em qualquer dia do processo.<\/p>\n<p>Quem mentir na inscri\u00e7\u00e3o ou apresentar informa\u00e7\u00f5es falsas responde pelas consequ\u00eancias. E h\u00e1 uma cl\u00e1usula: n\u00e3o \u00e9 permitido ter contratos com bancos digitais. Os sal\u00e1rios s\u00f3 podem ser depositados em contas-sal\u00e1rio de institui\u00e7\u00f5es convencionadas como Banco do Brasil, Caixa, Bradesco, Ita\u00fa ou Santander.<\/p>\n<h2 class=\"wp-block-heading\">Mais informa\u00e7\u00f5es<\/h2>\n<p>D\u00favidas sobre o processo podem ser esclarecidas no email\u00a0<strong>ngi.humaita@icmbio.gov.br<\/strong>\u00a0ou pelos telefones\u00a0<strong>(61) 2028-9482<\/strong>\u00a0e\u00a0<strong>(91) 98618-2360<\/strong>.<\/p>\n","protected":false},"excerpt":{"rendered":"<p>O Instituto Chico Mendes de Conserva\u00e7\u00e3o da Biodiversidade (ICMBio) abriu as portas para um\u00a0processo seletivo\u00a0simplificado destinado a contratar agentes tempor\u00e1rios ambientais para o N\u00facleo de Gest\u00e3o Integrada em Humait\u00e1, em\u00a0Porto Velho\u00a0(RO). As inscri\u00e7\u00f5es come\u00e7am no pr\u00f3ximo\u00a04 de maio\u00a0e seguem at\u00e9\u00a08 de maio de 2026. A oportunidade \u00e9 voltada para profissionais que desejam trabalhar no apoio [&hellip;]<\/p>\n","protected":false},"author":1,"featured_media":36399,"comment_status":"open","ping_status":"closed","sticky":false,"template":"","format":"standard","meta":{"site-sidebar-layout":"default","site-content-layout":"","ast-site-content-layout":"default","site-content-style":"default","site-sidebar-style":"default","ast-global-header-display":"","ast-banner-title-visibility":"","ast-main-header-display":"","ast-hfb-above-header-display":"","ast-hfb-below-header-display":"","ast-hfb-mobile-header-display":"","site-post-title":"","ast-breadcrumbs-content":"","ast-featured-img":"","footer-sml-layout":"","ast-disable-related-posts":"","theme-transparent-header-meta":"default","adv-header-id-meta":"","stick-header-meta":"","header-above-stick-meta":"","header-main-stick-meta":"","header-below-stick-meta":"","astra-migrate-meta-layouts":"set","ast-page-background-enabled":"default","ast-page-background-meta":{"desktop":{"background-color":"var(--ast-global-color-4)","background-image":"","background-repeat":"repeat","background-position":"center center","background-size":"auto","background-attachment":"scroll","background-type":"","background-media":"","overlay-type":"","overlay-color":"","overlay-opacity":"","overlay-gradient":""},"tablet":{"background-color":"","background-image":"","background-repeat":"repeat","background-position":"center center","background-size":"auto","background-attachment":"scroll","background-type":"","background-media":"","overlay-type":"","overlay-color":"","overlay-opacity":"","overlay-gradient":""},"mobile":{"background-color":"","background-image":"","background-repeat":"repeat","background-position":"center center","background-size":"auto","background-attachment":"scroll","background-type":"","background-media":"","overlay-type":"","overlay-color":"","overlay-opacity":"","overlay-gradient":""}},"ast-content-background-meta":{"desktop":{"background-color":"var(--ast-global-color-5)","background-image":"","background-repeat":"repeat","background-position":"center center","background-size":"auto","background-attachment":"scroll","background-type":"","background-media":"","overlay-type":"","overlay-color":"","overlay-opacity":"","overlay-gradient":""},"tablet":{"background-color":"var(--ast-global-color-5)","background-image":"","background-repeat":"repeat","background-position":"center center","background-size":"auto","background-attachment":"scroll","background-type":"","background-media":"","overlay-type":"","overlay-color":"","overlay-opacity":"","overlay-gradient":""},"mobile":{"background-color":"var(--ast-global-color-5)","background-image":"","background-repeat":"repeat","background-position":"center center","background-size":"auto","background-attachment":"scroll","background-type":"","background-media":"","overlay-type":"","overlay-color":"","overlay-opacity":"","overlay-gradient":""}},"footnotes":""},"categories":[46,18,6],"tags":[],"class_list":["post-36396","post","type-post","status-publish","format-standard","has-post-thumbnail","hentry","category-destaques-da-hora","category-educacao-e-carreiras","category-meio-ambiente-e-sustentabilidade"],"_links":{"self":[{"href":"https:\/\/colunadahora.com.br\/index.php?rest_route=\/wp\/v2\/posts\/36396","targetHints":{"allow":["GET"]}}],"collection":[{"href":"https:\/\/colunadahora.com.br\/index.php?rest_route=\/wp\/v2\/posts"}],"about":[{"href":"https:\/\/colunadahora.com.br\/index.php?rest_route=\/wp\/v2\/types\/post"}],"author":[{"embeddable":true,"href":"https:\/\/colunadahora.com.br\/index.php?rest_route=\/wp\/v2\/users\/1"}],"replies":[{"embeddable":true,"href":"https:\/\/colunadahora.com.br\/index.php?rest_route=%2Fwp%2Fv2%2Fcomments&post=36396"}],"version-history":[{"count":1,"href":"https:\/\/colunadahora.com.br\/index.php?rest_route=\/wp\/v2\/posts\/36396\/revisions"}],"predecessor-version":[{"id":36400,"href":"https:\/\/colunadahora.com.br\/index.php?rest_route=\/wp\/v2\/posts\/36396\/revisions\/36400"}],"wp:featuredmedia":[{"embeddable":true,"href":"https:\/\/colunadahora.com.br\/index.php?rest_route=\/wp\/v2\/media\/36399"}],"wp:attachment":[{"href":"https:\/\/colunadahora.com.br\/index.php?rest_route=%2Fwp%2Fv2%2Fmedia&parent=36396"}],"wp:term":[{"taxonomy":"category","embeddable":true,"href":"https:\/\/colunadahora.com.br\/index.php?rest_route=%2Fwp%2Fv2%2Fcategories&post=36396"},{"taxonomy":"post_tag","embeddable":true,"href":"https:\/\/colunadahora.com.br\/index.php?rest_route=%2Fwp%2Fv2%2Ftags&post=36396"}],"curies":[{"name":"wp","href":"https:\/\/api.w.org\/{rel}","templated":true}]}}