{"id":36393,"date":"2026-04-27T12:52:00","date_gmt":"2026-04-27T15:52:00","guid":{"rendered":"https:\/\/colunadahora.com.br\/?p=36393"},"modified":"2026-04-27T12:52:00","modified_gmt":"2026-04-27T15:52:00","slug":"coluna-da-hora-com-jornalista-geri-anderson-vereador-dr-santana-subiu-a-tribuna-e-disse-que-passou-por-maus-momentos-sob-ameaca-fisica-e-psicologica-do-prefeito-leo-moraes","status":"publish","type":"post","link":"https:\/\/colunadahora.com.br\/?p=36393","title":{"rendered":"COLUNA DA HORA, COM JORNALISTA G\u00c9RI ANDERSON &#8211; VEREADOR DR. SANTANA SUBIU A TRIBUNA E DISSE QUE PASSOU POR MAUS MOMENTOS SOB AMEA\u00c7A F\u00cdSICA E PSICOL\u00d3GICA DO PREFEITO L\u00c9O MORAES"},"content":{"rendered":"<p>Agora a pouco, na sess\u00e3o solene desta segunda-feira (27), durante a sua fala na Tribuna da C\u00e2mara de Vereadores, o vereador Dr. Santana trouxe mais informa\u00e7\u00f5es sobre o epis\u00f3dio envolvendo o prefeito L\u00e9o Moraes. Segundo ele, al\u00e9m da suposta amea\u00e7a \u201ceu vou acabar com voc\u00ea\u201d, a situa\u00e7\u00e3o foi ainda mais tensa nos bastidores que o imagin\u00e1rio popular acerca do assunto.<\/p>\n<p>De acordo com a narrativa, o vereador Breno Mendes teria presenciado a cena sem intervir pelo colega, sem defender ou apartar a cena de viol\u00eancia. Dr. Santana narrou com detalhes o momento em que foi trancado junto ao prefeito em um apartamento mobiliado (ap modelo) do condom\u00ednio onde estava sendo realizada a cerim\u00f4nia de entrega h\u00e1 cerca de 9 dias atr\u00e1s. &#8220;Quem agiu foi o ex-deputado Expedito Neto, que ficou batendo na porta do apartamento incansavelmente at\u00e9 o seguran\u00e7a abrir. Eu fui levado e trancado sob amea\u00e7a de morte e sendo intimidado com viol\u00eancia, at\u00e9 o Neto &#8220;acalmar os \u00e2nimos&#8221; com suas batidas na porta pedindo para entrar. Foi o que aconteceu&#8221;, disse.<\/p>\n<p>O caso levanta questionamentos sobre o que realmente aconteceu e aumenta a press\u00e3o por esclarecimentos p\u00fablicos. O prefeito L\u00e9o precisa esclarecer ou dar a sua vers\u00e3o sobre o ocorrido. A popula\u00e7\u00e3o que saber porqu\u00ea, supostamente, o chefe do executivo teria partido para a briga e amea\u00e7as. O Espa\u00e7o fica aberto aqui nesta Coluna e tamb\u00e9m no portal, para os devidos esclarecimentos.<\/p>\n<p><strong>JONALISTA G\u00c9RI ANDERSON &#8211; EDITOR-CHEFE DO PORTAL COLUNA DA HORA<\/strong><\/p>\n","protected":false},"excerpt":{"rendered":"<p>Agora a pouco, na sess\u00e3o solene desta segunda-feira (27), durante a sua fala na Tribuna da C\u00e2mara de Vereadores, o vereador Dr. Santana trouxe mais informa\u00e7\u00f5es sobre o epis\u00f3dio envolvendo o prefeito L\u00e9o Moraes. Segundo ele, al\u00e9m da suposta amea\u00e7a \u201ceu vou acabar com voc\u00ea\u201d, a situa\u00e7\u00e3o foi ainda mais tensa nos bastidores que o [&hellip;]<\/p>\n","protected":false},"author":1,"featured_media":36394,"comment_status":"open","ping_status":"closed","sticky":false,"template":"","format":"standard","meta":{"site-sidebar-layout":"default","site-content-layout":"","ast-site-content-layout":"default","site-content-style":"default","site-sidebar-style":"default","ast-global-header-display":"","ast-banner-title-visibility":"","ast-main-header-display":"","ast-hfb-above-header-display":"","ast-hfb-below-header-display":"","ast-hfb-mobile-header-display":"","site-post-title":"","ast-breadcrumbs-content":"","ast-featured-img":"","footer-sml-layout":"","ast-disable-related-posts":"","theme-transparent-header-meta":"default","adv-header-id-meta":"","stick-header-meta":"","header-above-stick-meta":"","header-main-stick-meta":"","header-below-stick-meta":"","astra-migrate-meta-layouts":"set","ast-page-background-enabled":"default","ast-page-background-meta":{"desktop":{"background-color":"var(--ast-global-color-4)","background-image":"","background-repeat":"repeat","background-position":"center center","background-size":"auto","background-attachment":"scroll","background-type":"","background-media":"","overlay-type":"","overlay-color":"","overlay-opacity":"","overlay-gradient":""},"tablet":{"background-color":"","background-image":"","background-repeat":"repeat","background-position":"center center","background-size":"auto","background-attachment":"scroll","background-type":"","background-media":"","overlay-type":"","overlay-color":"","overlay-opacity":"","overlay-gradient":""},"mobile":{"background-color":"","background-image":"","background-repeat":"repeat","background-position":"center center","background-size":"auto","background-attachment":"scroll","background-type":"","background-media":"","overlay-type":"","overlay-color":"","overlay-opacity":"","overlay-gradient":""}},"ast-content-background-meta":{"desktop":{"background-color":"var(--ast-global-color-5)","background-image":"","background-repeat":"repeat","background-position":"center center","background-size":"auto","background-attachment":"scroll","background-type":"","background-media":"","overlay-type":"","overlay-color":"","overlay-opacity":"","overlay-gradient":""},"tablet":{"background-color":"var(--ast-global-color-5)","background-image":"","background-repeat":"repeat","background-position":"center center","background-size":"auto","background-attachment":"scroll","background-type":"","background-media":"","overlay-type":"","overlay-color":"","overlay-opacity":"","overlay-gradient":""},"mobile":{"background-color":"var(--ast-global-color-5)","background-image":"","background-repeat":"repeat","background-position":"center center","background-size":"auto","background-attachment":"scroll","background-type":"","background-media":"","overlay-type":"","overlay-color":"","overlay-opacity":"","overlay-gradient":""}},"footnotes":""},"categories":[46,64,4],"tags":[],"class_list":["post-36393","post","type-post","status-publish","format-standard","has-post-thumbnail","hentry","category-destaques-da-hora","category-policia","category-politica"],"_links":{"self":[{"href":"https:\/\/colunadahora.com.br\/index.php?rest_route=\/wp\/v2\/posts\/36393","targetHints":{"allow":["GET"]}}],"collection":[{"href":"https:\/\/colunadahora.com.br\/index.php?rest_route=\/wp\/v2\/posts"}],"about":[{"href":"https:\/\/colunadahora.com.br\/index.php?rest_route=\/wp\/v2\/types\/post"}],"author":[{"embeddable":true,"href":"https:\/\/colunadahora.com.br\/index.php?rest_route=\/wp\/v2\/users\/1"}],"replies":[{"embeddable":true,"href":"https:\/\/colunadahora.com.br\/index.php?rest_route=%2Fwp%2Fv2%2Fcomments&post=36393"}],"version-history":[{"count":1,"href":"https:\/\/colunadahora.com.br\/index.php?rest_route=\/wp\/v2\/posts\/36393\/revisions"}],"predecessor-version":[{"id":36395,"href":"https:\/\/colunadahora.com.br\/index.php?rest_route=\/wp\/v2\/posts\/36393\/revisions\/36395"}],"wp:featuredmedia":[{"embeddable":true,"href":"https:\/\/colunadahora.com.br\/index.php?rest_route=\/wp\/v2\/media\/36394"}],"wp:attachment":[{"href":"https:\/\/colunadahora.com.br\/index.php?rest_route=%2Fwp%2Fv2%2Fmedia&parent=36393"}],"wp:term":[{"taxonomy":"category","embeddable":true,"href":"https:\/\/colunadahora.com.br\/index.php?rest_route=%2Fwp%2Fv2%2Fcategories&post=36393"},{"taxonomy":"post_tag","embeddable":true,"href":"https:\/\/colunadahora.com.br\/index.php?rest_route=%2Fwp%2Fv2%2Ftags&post=36393"}],"curies":[{"name":"wp","href":"https:\/\/api.w.org\/{rel}","templated":true}]}}