{"id":36381,"date":"2026-04-27T08:18:27","date_gmt":"2026-04-27T11:18:27","guid":{"rendered":"https:\/\/colunadahora.com.br\/?p=36381"},"modified":"2026-04-27T08:18:27","modified_gmt":"2026-04-27T11:18:27","slug":"canetas-emagrecedoras-sao-tema-do-caminhos-da-reportagem-desta-segunda","status":"publish","type":"post","link":"https:\/\/colunadahora.com.br\/?p=36381","title":{"rendered":"Canetas emagrecedoras s\u00e3o tema do Caminhos da Reportagem desta segunda"},"content":{"rendered":"<\/p>\n<p><a class=\"\" href=\"https:\/\/agenciabrasil.ebc.com.br\/saude\/noticia\/2026-04\/canetas-emagrecedoras-sao-tema-do-caminhos-da-reportagem-desta-segunda\"><br \/>\n                    <img decoding=\"async\" src=\"https:\/\/cdn.jsdelivr.net\/gh\/sergiosdlima\/assets-ebc@1.0.0\/abr\/assets\/images\/logo-agenciabrasil.svg\" alt=\"Logo Ag\u00eancia Brasil\"><br \/>\n\t\t\t\t<\/a><\/p>\n<p>O programa <em>Caminhos da Reportagem<\/em>\u00a0apresenta, nesta\u00a0segunda-feira (27), a edi\u00e7\u00e3o \u201cO boom das canetas emagrecedoras\u201d que aborda o uso intensivo desses medicamentos no processo de perda de peso. A atra\u00e7\u00e3o vai ao ar \u00e0s 23h, na\u00a0<strong>TV Brasil<\/strong>, emissora p\u00fablica da\u00a0<strong>Empresa Brasil de Comunica\u00e7\u00e3o<\/strong> (<strong>EBC<\/strong>).<img decoding=\"async\" src=\"https:\/\/agenciabrasil.ebc.com.br\/ebc.png?id=1687353&#038;o=rss\"><img decoding=\"async\" src=\"https:\/\/agenciabrasil.ebc.com.br\/ebc.gif?id=1687353&#038;o=rss\"><\/p>\n<p><strong>As canetas emagrecedoras s\u00e3o tema de intenso debate sobre sa\u00fade em todo o mundo. A primeira delas chegou ao Brasil em 2017 e, desde ent\u00e3o, outras tecnologias para o tratamento de diabetes e obesidade foram desenvolvidas e s\u00e3o comercializadas no pa\u00eds<\/strong>. Ao mesmo tempo que potencializam o tratamento das duas doen\u00e7as cr\u00f4nicas, tamb\u00e9m refor\u00e7am o que especialistas chamam de \u201ceconomia moral da magreza\u201d.\u00a0 \u00a0<\/p>\n<\/p>\n<h3>Not\u00edcias relacionadas:<\/h3>\n<ul>\n<li><a href=\"https:\/\/agenciabrasil.ebc.com.br\/saude\/noticia\/2026-04\/canetas-emagrecedoras-entenda-quando-o-uso-pode-fazer-mal-a-saude\">Canetas emagrecedoras: entenda quando o uso pode fazer mal \u00e0 sa\u00fade.<\/a><\/li>\n<li><a href=\"https:\/\/agenciabrasil.ebc.com.br\/saude\/noticia\/2026-04\/anvisa-discute-norma-para-manipulacao-de-canetas-emagrecedoras\">Anvisa discute norma para manipula\u00e7\u00e3o de canetas emagrecedoras.<\/a><\/li>\n<li><a href=\"https:\/\/agenciabrasil.ebc.com.br\/saude\/noticia\/2026-04\/anvisa-proibe-canetas-emagrecedoras-irregulares-no-brasil\">Anvisa pro\u00edbe canetas emagrecedoras irregulares no Brasil.<\/a><\/li>\n<\/ul>\n<p><strong>O m\u00e9dico endocrinologista Neuton Dornelas, presidente da Sociedade Brasileira de Endocrinologia e Metabologia, refor\u00e7a a prefer\u00eancia pelo uso do termo \u201cmedicamentos injet\u00e1veis para tratamento da obesidade e de diabetes<\/strong>.\u00a0&#8220;Estamos falando de medicamentos que realmente trouxeram uma revolu\u00e7\u00e3o no tratamento dessas duas doen\u00e7as, com resultados na perda de peso e na diminui\u00e7\u00e3o de risco cardiovascular., diz o especialista<\/p>\n<blockquote>\n<p>\u201cS\u00e3o medicamentos indicados para quem vive com obesidade ou com diabetes ou com as duas coisas juntas. S\u00e3o crit\u00e9rios t\u00e9cnicos que devem ser avaliados sempre por um profissional de sa\u00fade\u201d, recomenda.<\/p>\n<\/blockquote>\n<p>Francenobre Costa de Sousa, chamada de Nobi por familiares e amigos, tem 58 anos e vive com diabetes tipo 2. Ela foi diagnosticada com a doen\u00e7a aos 45 anos, quando desmaiou dentro de um \u00f4nibus e foi parar no hospital. Nobi faz tratamento com insulina, mas o diabetes segue de dif\u00edcil controle.<\/p>\n<p>A m\u00e9dica de fam\u00edlia que acompanha Nobi na Unidade B\u00e1sica de Sa\u00fade (UBS), Alexandra Padilha, conta que o tratamento com medicamentos injet\u00e1veis poderia auxiliar a sua paciente. \u201cSeria muito interessante porque poderia at\u00e9 reverter o uso da insulina, no caso dela. Ela tem sobrepeso, poderia voltar para o seu \u00cdndice de Massa Corporal [IMC] normal&#8221;.<\/p>\n<p><strong>De acordo com os especialistas, para que esse tratamento ven\u00e7a a barreira da desigualdade social, alguns fatores s\u00e3o decisivos, como a queda da patente dos princ\u00edpios ativos usados nos medicamentos e a possibilidade de produ\u00e7\u00e3o nacional.<\/strong><\/p>\n<p>Em 20 de mar\u00e7o deste ano, expirou a patente da semaglutida, subst\u00e2ncia dos medicamentos Ozempic e Wegov. A queda da patente tem impacto no mercado porque permite concorr\u00eancia.<\/p>\n<blockquote>\n<p>\u201cMas \u00e9 preciso pensar que, muito embora v\u00e1 baratear, n\u00e3o \u00e9 um amplo e pleno barateamento. A produ\u00e7\u00e3o da subst\u00e2ncia, do insumo farmac\u00eautico ativo, \u00e9 uma produ\u00e7\u00e3o mais complexa do que os chamados medicamentos gen\u00e9ricos\u201d, explica Henderson Fust, advogado especialista em Bio\u00e9tica e Regula\u00e7\u00e3o da Sa\u00fade.\u00a0<\/p>\n<\/blockquote>\n<p><strong>Em nota, o Minist\u00e9rio da Sa\u00fade afirmou que solicitou \u00e0 Ag\u00eancia Nacional de Vigil\u00e2ncia Sanit\u00e1ria (Anvisa) prioridade no registro de medicamentos com os princ\u00edpios ativos semaglutida e liraglutida, visando \u00e0 futura produ\u00e7\u00e3o nacional. <\/strong>A pasta explica\u00a0que, em 2025, a Comiss\u00e3o Nacional de Incorpora\u00e7\u00e3o de Tecnologias no SUS (Conitec), \u00f3rg\u00e3o que assessora as decis\u00f5es do Minist\u00e9rio da Sa\u00fade, deu parecer desfavor\u00e1vel \u00e0 incorpora\u00e7\u00e3o da semaglutida e da liraglutida, pois o impacto or\u00e7ament\u00e1rio, superior a R$ 8 bilh\u00f5es, representa o dobro do or\u00e7amento anual do Programa Sa\u00fade Popular.<\/p>\n<h2>Populariza\u00e7\u00e3o<\/h2>\n<p><strong>Enquanto avan\u00e7am as discuss\u00f5es de como ampliar o acesso a novos tratamentos para diabetes e obesidade na rede p\u00fablica, o Brasil vive um cen\u00e1rio de \u201cpopulariza\u00e7\u00e3o\u201d das canetas emagrecedoras.<\/strong> Essas tecnologias intensificaram o que pesquisadores da Universidade de S\u00e3o Paulo (USP) chamam de \u201ceconomia moral da magreza\u201d. A pesquisadora Fernanda Baeza Scagliuzi, professora das Faculdades de S\u00e3o P\u00fablica e de Medicina da USP, afirma que um corpo magro \u00e9 visto com uma moralidade de virtuoso, de que \u201ca pessoa se esfor\u00e7ou para chegar at\u00e9 l\u00e1\u201d.<\/p>\n<blockquote>\n<p>\u201cUm corpo gordo \u00e9 visto como o de algu\u00e9m que \u00e9 pregui\u00e7oso, que \u00e9 relaxado, que n\u00e3o tem for\u00e7a de vontade, n\u00e3o tem disciplina e outros estere\u00f3tipos tamb\u00e9m muito perigosos. Agora, mesmo as pessoas que n\u00e3o s\u00e3o gordas sofrem a press\u00e3o est\u00e9tica pela magreza\u201d, diz a pesquisadora, que estuda tamb\u00e9m os efeitos colaterais do uso dos medicamentos injet\u00e1veis.<\/p>\n<\/blockquote>\n<h2>Estilo de vida<\/h2>\n<p>A dentista B\u00e1rbara Lopes j\u00e1 havia usado canetas emagrecedoras, mas voltou a ganhar peso. Enfrentando os desafios da perimenopausa, com pr\u00e9-diabetes e ansiedade, ela agora est\u00e1 em\u00a0novo tratamento. \u201cEu mudava alimenta\u00e7\u00e3o, buscava fazer um pouco de exerc\u00edcio e n\u00e3o via aquele quadro mudar\u201d.<\/p>\n<p><strong>Sociedades m\u00e9dicas recomendam que o tratamento farmacol\u00f3gico n\u00e3o deve ser feito\u00a0isoladamente, mas sempre associado \u00e0\u00a0mudan\u00e7as de estilo de vida, com aconselhamento nutricional e est\u00edmulo \u00e0 atividade f\u00edsica.<\/strong> A m\u00e9dica geriatra Marcela Pandolfi refor\u00e7a que nem tudo se resume \u00e0 medica\u00e7\u00e3o. \u201cO estilo de vida para esse paciente vai ser fundamental. \u00c9 isso que vai fazer com que ele consiga pelo menos equilibrar, fazer com que ele n\u00e3o volte a ganhar\u00a0todo o peso que perdeu no processo do tratamento\u201d, afirma.<\/p>\n<p>O aumento da oferta e da procura pelas canetas emagrecedoras tem sido acompanhado por irregularidades em etapas como importa\u00e7\u00e3o, manipula\u00e7\u00e3o, prescri\u00e7\u00e3o e dispensa\u00e7\u00e3o\u00a0dos medicamentos. A Anvisa\u00a0aumentou a fiscaliza\u00e7\u00e3o desses produtos, bem como for\u00e7as de seguran\u00e7a e a Receita Federal t\u00eam investigado crimes contra a sa\u00fade p\u00fablica e a economia nacional.<\/p>\n","protected":false},"excerpt":{"rendered":"<p>O programa Caminhos da Reportagem\u00a0apresenta, nesta\u00a0segunda-feira (27), a edi\u00e7\u00e3o \u201cO boom das canetas emagrecedoras\u201d que aborda o uso intensivo desses medicamentos no processo de perda de peso. A atra\u00e7\u00e3o vai ao ar \u00e0s 23h, na\u00a0TV Brasil, emissora p\u00fablica da\u00a0Empresa Brasil de Comunica\u00e7\u00e3o (EBC). As canetas emagrecedoras s\u00e3o tema de intenso debate sobre sa\u00fade em todo [&hellip;]<\/p>\n","protected":false},"author":77,"featured_media":36382,"comment_status":"open","ping_status":"open","sticky":false,"template":"","format":"standard","meta":{"site-sidebar-layout":"default","site-content-layout":"","ast-site-content-layout":"default","site-content-style":"default","site-sidebar-style":"default","ast-global-header-display":"","ast-banner-title-visibility":"","ast-main-header-display":"","ast-hfb-above-header-display":"","ast-hfb-below-header-display":"","ast-hfb-mobile-header-display":"","site-post-title":"","ast-breadcrumbs-content":"","ast-featured-img":"","footer-sml-layout":"","ast-disable-related-posts":"","theme-transparent-header-meta":"","adv-header-id-meta":"","stick-header-meta":"","header-above-stick-meta":"","header-main-stick-meta":"","header-below-stick-meta":"","astra-migrate-meta-layouts":"default","ast-page-background-enabled":"default","ast-page-background-meta":{"desktop":{"background-color":"var(--ast-global-color-4)","background-image":"","background-repeat":"repeat","background-position":"center center","background-size":"auto","background-attachment":"scroll","background-type":"","background-media":"","overlay-type":"","overlay-color":"","overlay-opacity":"","overlay-gradient":""},"tablet":{"background-color":"","background-image":"","background-repeat":"repeat","background-position":"center center","background-size":"auto","background-attachment":"scroll","background-type":"","background-media":"","overlay-type":"","overlay-color":"","overlay-opacity":"","overlay-gradient":""},"mobile":{"background-color":"","background-image":"","background-repeat":"repeat","background-position":"center center","background-size":"auto","background-attachment":"scroll","background-type":"","background-media":"","overlay-type":"","overlay-color":"","overlay-opacity":"","overlay-gradient":""}},"ast-content-background-meta":{"desktop":{"background-color":"var(--ast-global-color-5)","background-image":"","background-repeat":"repeat","background-position":"center center","background-size":"auto","background-attachment":"scroll","background-type":"","background-media":"","overlay-type":"","overlay-color":"","overlay-opacity":"","overlay-gradient":""},"tablet":{"background-color":"var(--ast-global-color-5)","background-image":"","background-repeat":"repeat","background-position":"center center","background-size":"auto","background-attachment":"scroll","background-type":"","background-media":"","overlay-type":"","overlay-color":"","overlay-opacity":"","overlay-gradient":""},"mobile":{"background-color":"var(--ast-global-color-5)","background-image":"","background-repeat":"repeat","background-position":"center center","background-size":"auto","background-attachment":"scroll","background-type":"","background-media":"","overlay-type":"","overlay-color":"","overlay-opacity":"","overlay-gradient":""}},"footnotes":""},"categories":[11],"tags":[],"class_list":["post-36381","post","type-post","status-publish","format-standard","has-post-thumbnail","hentry","category-saude-e-bem-estar"],"_links":{"self":[{"href":"https:\/\/colunadahora.com.br\/index.php?rest_route=\/wp\/v2\/posts\/36381","targetHints":{"allow":["GET"]}}],"collection":[{"href":"https:\/\/colunadahora.com.br\/index.php?rest_route=\/wp\/v2\/posts"}],"about":[{"href":"https:\/\/colunadahora.com.br\/index.php?rest_route=\/wp\/v2\/types\/post"}],"author":[{"embeddable":true,"href":"https:\/\/colunadahora.com.br\/index.php?rest_route=\/wp\/v2\/users\/77"}],"replies":[{"embeddable":true,"href":"https:\/\/colunadahora.com.br\/index.php?rest_route=%2Fwp%2Fv2%2Fcomments&post=36381"}],"version-history":[{"count":0,"href":"https:\/\/colunadahora.com.br\/index.php?rest_route=\/wp\/v2\/posts\/36381\/revisions"}],"wp:featuredmedia":[{"embeddable":true,"href":"https:\/\/colunadahora.com.br\/index.php?rest_route=\/wp\/v2\/media\/36382"}],"wp:attachment":[{"href":"https:\/\/colunadahora.com.br\/index.php?rest_route=%2Fwp%2Fv2%2Fmedia&parent=36381"}],"wp:term":[{"taxonomy":"category","embeddable":true,"href":"https:\/\/colunadahora.com.br\/index.php?rest_route=%2Fwp%2Fv2%2Fcategories&post=36381"},{"taxonomy":"post_tag","embeddable":true,"href":"https:\/\/colunadahora.com.br\/index.php?rest_route=%2Fwp%2Fv2%2Ftags&post=36381"}],"curies":[{"name":"wp","href":"https:\/\/api.w.org\/{rel}","templated":true}]}}