{"id":36363,"date":"2026-04-26T15:18:15","date_gmt":"2026-04-26T18:18:15","guid":{"rendered":"https:\/\/colunadahora.com.br\/?p=36363"},"modified":"2026-04-26T15:18:15","modified_gmt":"2026-04-26T18:18:15","slug":"movimento-escoteiro-reune-mais-de-4-mil-pessoas-em-evento-no-rio","status":"publish","type":"post","link":"https:\/\/colunadahora.com.br\/?p=36363","title":{"rendered":"Movimento escoteiro re\u00fane mais de 4 mil pessoas em evento no Rio"},"content":{"rendered":"<\/p>\n<p><a class=\"\" href=\"https:\/\/agenciabrasil.ebc.com.br\/educacao\/noticia\/2026-04\/movimento-escoteiro-reune-mais-de-4-mil-pessoas-em-evento-no-rio\"><br \/>\n                    <img decoding=\"async\" src=\"https:\/\/cdn.jsdelivr.net\/gh\/sergiosdlima\/assets-ebc@1.0.0\/abr\/assets\/images\/logo-agenciabrasil.svg\" alt=\"Logo Ag\u00eancia Brasil\"><br \/>\n\t\t\t\t<\/a><\/p>\n<p>O Grande Jogo Regional 2026, maior evento do calend\u00e1rio escoteiro fluminense, re\u00fane neste domingo (26), no Aterro do Flamengo, 4.372 crian\u00e7as, adolescentes, jovens e adultos filiados \u00e0 Uni\u00e3o dos Escoteiros do Brasil Regional Rio de Janeiro (UEB-RJ).<img decoding=\"async\" src=\"https:\/\/agenciabrasil.ebc.com.br\/ebc.png?id=1687259&#038;o=rss\"><img decoding=\"async\" src=\"https:\/\/agenciabrasil.ebc.com.br\/ebc.gif?id=1687259&#038;o=rss\"><\/p>\n<p><strong>O encontro integra as celebra\u00e7\u00f5es da Semana Escoteira e do Dia Mundial do Escotismo, que ocorreu no \u00faltimo dia 23.<\/strong><\/p>\n<\/p>\n<h3>Not\u00edcias relacionadas:<\/h3>\n<ul>\n<li><a href=\"https:\/\/agenciabrasil.ebc.com.br\/direitos-humanos\/noticia\/2026-04\/paradas-lgbt-do-rio-juntam-forcas-por-direitos-e-politicas-publicas\">Paradas LGBT+ do Rio juntam for\u00e7as por direitos e pol\u00edticas p\u00fablicas.<\/a><\/li>\n<li><a href=\"https:\/\/agenciabrasil.ebc.com.br\/justica\/noticia\/2026-04\/zanin-mantem-presidente-do-tjrj-no-cargo-de-governador-interino-do-rio\">Zanin mant\u00e9m presidente do TJRJ no cargo de governador interino do Rio.<\/a><\/li>\n<li><a href=\"https:\/\/agenciabrasil.ebc.com.br\/justica\/noticia\/2026-04\/presidente-da-alerj-pede-ao-stf-para-assumir-governo-interino-do-rio\">Presidente da Alerj pede ao STF para assumir governo interino do Rio.<\/a><\/li>\n<\/ul>\n<p>O\u00a0diretor-presidente da Regional RJ da UEB, Edinilson R\u00e9gis, contou em entrevista \u00e0 Ag\u00eancia Brasil\u00a0que a\u00a0atividade \u00e9 realizada no Aterro do Flamengo\u00a0desde a d\u00e9cada de 1980.<\/p>\n<p>&#8220;Reunimos os escoteiros de todo o estado, de v\u00e1rias unidades escoteiras e de todas as faixas et\u00e1rias, come\u00e7ando a partir de 5 anos at\u00e9 22 anos de idade, que seguem o m\u00e9todo educativo escoteiro, baseado no trabalho em equipe, na coopera\u00e7\u00e3o e no protagonismo juvenil\u201d, disse.<\/p>\n<p><strong>R\u00e9gis descreve que, durante o evento, s\u00e3o desenvolvidas atividades educativas e de integra\u00e7\u00e3o, em que\u00a0essas crian\u00e7as e jovens\u00a0passam por um percurso demonstrando seu conhecimento e\u00a0aprendendo. As din\u00e2micas\u00a0envolvem criatividade e temas mais complexos, como primeiros socorros.<\/strong><\/p>\n<p>As atividades come\u00e7aram por volta das 9h\u00a0e se estender\u00e3o at\u00e9 as 15h, quando os escoteiros retornam para uma concentra\u00e7\u00e3o, onde saber\u00e3o os resultados alcan\u00e7ados.<\/p>\n<p>\u00a0<\/p>\n<div class=\"dnd-widget-wrapper context-cheio_8colunas type-image\">\n<div class=\"dnd-atom-rendered\"><!-- scald=460715:cheio_8colunas --><br \/>\n            <img decoding=\"async\" src=\"https:\/\/agenciabrasil.ebc.com.br\/sites\/default\/files\/thumbnails\/image\/loading_v2.gif\" data-echo=\"https:\/\/imagens.ebc.com.br\/elJMq_jUUM5lTkp_wA79l78gY8I=\/754x0\/smart\/https:\/\/agenciabrasil.ebc.com.br\/sites\/default\/files\/thumbnails\/image\/2026\/04\/26\/0g0a4898.jpg?itok=TeSj_Iie\" alt=\"Rio de Janeiro (RJ), 26\/04\/2026 - Crian\u00e7as participam do Grande Jogo Regional 2026 dos escoteiros fluminenses no Aterro do Flamengo. Foto: Rovena Rosa\/Ag\u00eancia Brasil\" title=\"Rovena Rosa\/Ag\u00eancia Brasil\"><br \/>\n        <noscript><img decoding=\"async\" src=\"https:\/\/imagens.ebc.com.br\/elJMq_jUUM5lTkp_wA79l78gY8I=\/754x0\/smart\/https:\/\/agenciabrasil.ebc.com.br\/sites\/default\/files\/thumbnails\/image\/2026\/04\/26\/0g0a4898.jpg?itok=TeSj_Iie\" alt=\"Rio de Janeiro (RJ), 26\/04\/2026 - Crian\u00e7as participam do Grande Jogo Regional 2026 dos escoteiros fluminenses no Aterro do Flamengo. Foto: Rovena Rosa\/Ag\u00eancia Brasil\" title=\"Rovena Rosa\/Ag\u00eancia Brasil\"><\/noscript><br \/>\n    <!-- END scald=460715 --><\/div>\n<div class=\"dnd-caption-wrapper\">\n<h6 class=\"meta\">Crian\u00e7as participam do Grande Jogo Regional 2026 dos escoteiros fluminenses no Aterro do Flamengo. Foto: <strong>Rovena Rosa\/Ag\u00eancia Brasil<\/strong><!--END copyright=460715--><\/h6>\n<\/div>\n<\/div>\n<h2>Acolhimento<\/h2>\n<p>Ellisiane Pereira, de 47 anos, \u00e9 administradora, e seu filho, Carlos Henrique, de 12 anos, \u00e9 escoteiro h\u00e1 tr\u00eas anos, no Grupo Escoteiro Copacabana. Ela considera de grande import\u00e2ncia o ingresso dele no movimento.<\/p>\n<blockquote>\n<p>\u201cEle se sentiu acolhido, a fam\u00edlia toda foi acolhida. A evolu\u00e7\u00e3o dele como ser humano \u00e9 gritante. Todo mundo v\u00ea a habilidade que ele desenvolveu. Todas as compet\u00eancias que eu acho que um cidad\u00e3o funcional deve ter ele est\u00e1 adquirindo aqui no grupo. Somos todos uma grande fam\u00edlia\u201d.<\/p>\n<\/blockquote>\n<p>Gabriel Handl, de 33 anos, tamb\u00e9m do Grupo Escoteiro Copacabana, \u00e9 educador no Movimento Escoteiro h\u00e1 10 anos. Ele acredita que o trabalho ajuda a formar melhores cidad\u00e3os para a sociedade.<\/p>\n<p>&#8220;As atividades que a gente faz no escotismo s\u00e3o muito mais do que vida ao ar livre e acampamentos. S\u00e3o para formar pessoas boas para o mundo&#8221;.<\/p>\n<p>Escoteiro h\u00e1 sete anos, Bernardo Tavares de S\u00e1, de 17 anos de idade, faz parte do Grupo Escoteiro Marechal Castelo Branco. No escotismo, ele disse que p\u00f4de fazer muitas amizades.<\/p>\n<p>\u201dEu pude crescer, aprendi o senso de lideran\u00e7a e pude evoluir como pessoa. Uma das coisas que mais contribu\u00edram na minha vida, sem d\u00favida, foi o movimento escoteiro\u201d.<\/p>\n<p>\u00a0<\/p>\n<div class=\"dnd-widget-wrapper context-cheio_8colunas type-image\">\n<div class=\"dnd-atom-rendered\"><!-- scald=460712:cheio_8colunas --><br \/>\n            <img decoding=\"async\" src=\"https:\/\/agenciabrasil.ebc.com.br\/sites\/default\/files\/thumbnails\/image\/loading_v2.gif\" data-echo=\"https:\/\/imagens.ebc.com.br\/OF_b0Xa0DmzDZMCn_FZAo3sZwwM=\/754x0\/smart\/https:\/\/agenciabrasil.ebc.com.br\/sites\/default\/files\/thumbnails\/image\/2026\/04\/26\/0g0a4876.jpg?itok=RvzI8tus\" alt=\"Rio de Janeiro (RJ), 26\/04\/2026 - Crian\u00e7as participam do Grande Jogo Regional 2026 dos escoteiros fluminenses no Aterro do Flamengo. Foto: Rovena Rosa\/Ag\u00eancia Brasil\" title=\"Rovena Rosa\/Ag\u00eancia Brasil\"><br \/>\n        <noscript><img decoding=\"async\" src=\"https:\/\/imagens.ebc.com.br\/OF_b0Xa0DmzDZMCn_FZAo3sZwwM=\/754x0\/smart\/https:\/\/agenciabrasil.ebc.com.br\/sites\/default\/files\/thumbnails\/image\/2026\/04\/26\/0g0a4876.jpg?itok=RvzI8tus\" alt=\"Rio de Janeiro (RJ), 26\/04\/2026 - Crian\u00e7as participam do Grande Jogo Regional 2026 dos escoteiros fluminenses no Aterro do Flamengo. Foto: Rovena Rosa\/Ag\u00eancia Brasil\" title=\"Rovena Rosa\/Ag\u00eancia Brasil\"><\/noscript><br \/>\n    <!-- END scald=460712 --><\/div>\n<div class=\"dnd-caption-wrapper\">\n<h6 class=\"meta\">\u00a0Crian\u00e7as participam do Grande Jogo Regional 2026 dos escoteiros fluminenses no Aterro do Flamengo. Foto:\u00a0<strong>Rovena Rosa\/Ag\u00eancia Brasil<\/strong><!--END copyright=460712--><\/h6>\n<\/div>\n<\/div>\n<h2>Educa\u00e7\u00e3o n\u00e3o formal<\/h2>\n<p>O diretor-presidente da UEB-RJ, Edinilson R\u00e9gis, explicou que o escotismo \u00e9 considerado uma \u00e1rea de educa\u00e7\u00e3o n\u00e3o formal, complementar, que alia atividades pr\u00e1ticas, contato com a natureza e viv\u00eancia em grupo.<\/p>\n<p>O m\u00e9todo educativo \u00e9 baseado no \u201caprender fazendo\u201d, o que permite que crian\u00e7as e jovens se tornem protagonistas de seu pr\u00f3prio desenvolvimento e agentes de transforma\u00e7\u00e3o em suas comunidades.<\/p>\n<p>\u201cE n\u00f3s trabalhamos v\u00e1rios princ\u00edpios. O meio ambiente, com certeza, \u00e9 um deles. Desde os prim\u00f3rdios do escotismo, n\u00f3s j\u00e1 fal\u00e1vamos de conserva\u00e7\u00e3o\u201d.<\/p>\n<p>Os escoteiros trabalham a cidadania e tamb\u00e9m o corpo f\u00edsico, conhecendo as suas limita\u00e7\u00f5es e estabelecendo projetos para a vida, sempre obedecendo \u00e0s faixas et\u00e1rias.<\/p>\n<p>\u201cNos ramos lobinho e filhote, que s\u00e3o os pequenos, trabalhamos muito dentro do conceito do l\u00fadico, em que eles t\u00eam os chefes, os personagens, as hist\u00f3rias e, ao crescer, v\u00e3o tendo contato com outras realidades\u201d.<\/p>\n<p>\u00a0<\/p>\n<div class=\"dnd-widget-wrapper context-cheio_8colunas type-image\">\n<div class=\"dnd-atom-rendered\"><!-- scald=460716:cheio_8colunas --><br \/>\n            <img decoding=\"async\" src=\"https:\/\/agenciabrasil.ebc.com.br\/sites\/default\/files\/thumbnails\/image\/loading_v2.gif\" data-echo=\"https:\/\/imagens.ebc.com.br\/9FT-4RI3MScS-bvHKCEyBMwRyjY=\/754x0\/smart\/https:\/\/agenciabrasil.ebc.com.br\/sites\/default\/files\/thumbnails\/image\/2026\/04\/26\/0g0a4914.jpg?itok=ftaq8fEE\" alt=\"Rio de Janeiro (RJ), 26\/04\/2026 - Crian\u00e7as participam do Grande Jogo Regional 2026 dos escoteiros fluminenses no Aterro do Flamengo. Foto: Rovena Rosa\/Ag\u00eancia Brasil\" title=\"Rovena Rosa\/Ag\u00eancia Brasil\"><br \/>\n        <noscript><img decoding=\"async\" src=\"https:\/\/imagens.ebc.com.br\/9FT-4RI3MScS-bvHKCEyBMwRyjY=\/754x0\/smart\/https:\/\/agenciabrasil.ebc.com.br\/sites\/default\/files\/thumbnails\/image\/2026\/04\/26\/0g0a4914.jpg?itok=ftaq8fEE\" alt=\"Rio de Janeiro (RJ), 26\/04\/2026 - Crian\u00e7as participam do Grande Jogo Regional 2026 dos escoteiros fluminenses no Aterro do Flamengo. Foto: Rovena Rosa\/Ag\u00eancia Brasil\" title=\"Rovena Rosa\/Ag\u00eancia Brasil\"><\/noscript><br \/>\n    <!-- END scald=460716 --><\/div>\n<div class=\"dnd-caption-wrapper\">\n<h6 class=\"meta\">\u00a0Crian\u00e7as participam do Grande Jogo Regional 2026 dos escoteiros fluminenses no Aterro do Flamengo. Foto:\u00a0<strong>Rovena Rosa\/Ag\u00eancia Brasil<\/strong><!--END copyright=460716--><\/h6>\n<\/div>\n<\/div>\n<p>A partir do ramo escoteiro, os jovens j\u00e1 come\u00e7am a fazer acampamentos, as atividades de campo. \u201cE as crian\u00e7as v\u00e3o tendo essas oportunidades de fazer a sua comida, de organizar o seu material, criando cada vez maior independ\u00eancia para a vida. Aprendem o respeito ao pr\u00f3ximo, que \u00e9 um dos pontos b\u00e1sicos da nossa institui\u00e7\u00e3o\u201d.<\/p>\n<p>A promessa do escoteiro \u00e9 fazer o melhor poss\u00edvel para cumprir os deveres para com Deus, incluindo todas as religi\u00f5es, ajudar a p\u00e1tria, ajudar o pr\u00f3ximo em toda e qualquer ocasi\u00e3o e obedecer \u00e0 Lei Escoteira, que engloba dez artigos que definem a lealdade, o altru\u00edsmo, a pureza, a bondade para com animais e plantas, a amizade, que s\u00e3o princ\u00edpios b\u00e1sicos universais.<\/p>\n<p>O Movimento Escoteiro foi fundado em 1907 pelo ingl\u00eas Robert Baden-Powell e est\u00e1 presente em mais de 170 pa\u00edses. Baden-Powell foi um oficial do ex\u00e9rcito brit\u00e2nico nascido em Londres em 22 de fevereiro de 1857. Ele criou o movimento entre 1907 e 1908, na Inglaterra, focando na educa\u00e7\u00e3o de jovens atrav\u00e9s de valores como fraternidade, lealdade e respeito \u00e0 natureza. No Brasil, a Uni\u00e3o dos Escoteiros foi fundada em 4 de novembro de 1924.<\/p>\n","protected":false},"excerpt":{"rendered":"<p>O Grande Jogo Regional 2026, maior evento do calend\u00e1rio escoteiro fluminense, re\u00fane neste domingo (26), no Aterro do Flamengo, 4.372 crian\u00e7as, adolescentes, jovens e adultos filiados \u00e0 Uni\u00e3o dos Escoteiros do Brasil Regional Rio de Janeiro (UEB-RJ). O encontro integra as celebra\u00e7\u00f5es da Semana Escoteira e do Dia Mundial do Escotismo, que ocorreu no \u00faltimo [&hellip;]<\/p>\n","protected":false},"author":304,"featured_media":36364,"comment_status":"open","ping_status":"open","sticky":false,"template":"","format":"standard","meta":{"site-sidebar-layout":"default","site-content-layout":"","ast-site-content-layout":"default","site-content-style":"default","site-sidebar-style":"default","ast-global-header-display":"","ast-banner-title-visibility":"","ast-main-header-display":"","ast-hfb-above-header-display":"","ast-hfb-below-header-display":"","ast-hfb-mobile-header-display":"","site-post-title":"","ast-breadcrumbs-content":"","ast-featured-img":"","footer-sml-layout":"","ast-disable-related-posts":"","theme-transparent-header-meta":"","adv-header-id-meta":"","stick-header-meta":"","header-above-stick-meta":"","header-main-stick-meta":"","header-below-stick-meta":"","astra-migrate-meta-layouts":"default","ast-page-background-enabled":"default","ast-page-background-meta":{"desktop":{"background-color":"var(--ast-global-color-4)","background-image":"","background-repeat":"repeat","background-position":"center center","background-size":"auto","background-attachment":"scroll","background-type":"","background-media":"","overlay-type":"","overlay-color":"","overlay-opacity":"","overlay-gradient":""},"tablet":{"background-color":"","background-image":"","background-repeat":"repeat","background-position":"center center","background-size":"auto","background-attachment":"scroll","background-type":"","background-media":"","overlay-type":"","overlay-color":"","overlay-opacity":"","overlay-gradient":""},"mobile":{"background-color":"","background-image":"","background-repeat":"repeat","background-position":"center center","background-size":"auto","background-attachment":"scroll","background-type":"","background-media":"","overlay-type":"","overlay-color":"","overlay-opacity":"","overlay-gradient":""}},"ast-content-background-meta":{"desktop":{"background-color":"var(--ast-global-color-5)","background-image":"","background-repeat":"repeat","background-position":"center center","background-size":"auto","background-attachment":"scroll","background-type":"","background-media":"","overlay-type":"","overlay-color":"","overlay-opacity":"","overlay-gradient":""},"tablet":{"background-color":"var(--ast-global-color-5)","background-image":"","background-repeat":"repeat","background-position":"center center","background-size":"auto","background-attachment":"scroll","background-type":"","background-media":"","overlay-type":"","overlay-color":"","overlay-opacity":"","overlay-gradient":""},"mobile":{"background-color":"var(--ast-global-color-5)","background-image":"","background-repeat":"repeat","background-position":"center center","background-size":"auto","background-attachment":"scroll","background-type":"","background-media":"","overlay-type":"","overlay-color":"","overlay-opacity":"","overlay-gradient":""}},"footnotes":""},"categories":[18],"tags":[],"class_list":["post-36363","post","type-post","status-publish","format-standard","has-post-thumbnail","hentry","category-educacao-e-carreiras"],"_links":{"self":[{"href":"https:\/\/colunadahora.com.br\/index.php?rest_route=\/wp\/v2\/posts\/36363","targetHints":{"allow":["GET"]}}],"collection":[{"href":"https:\/\/colunadahora.com.br\/index.php?rest_route=\/wp\/v2\/posts"}],"about":[{"href":"https:\/\/colunadahora.com.br\/index.php?rest_route=\/wp\/v2\/types\/post"}],"author":[{"embeddable":true,"href":"https:\/\/colunadahora.com.br\/index.php?rest_route=\/wp\/v2\/users\/304"}],"replies":[{"embeddable":true,"href":"https:\/\/colunadahora.com.br\/index.php?rest_route=%2Fwp%2Fv2%2Fcomments&post=36363"}],"version-history":[{"count":0,"href":"https:\/\/colunadahora.com.br\/index.php?rest_route=\/wp\/v2\/posts\/36363\/revisions"}],"wp:featuredmedia":[{"embeddable":true,"href":"https:\/\/colunadahora.com.br\/index.php?rest_route=\/wp\/v2\/media\/36364"}],"wp:attachment":[{"href":"https:\/\/colunadahora.com.br\/index.php?rest_route=%2Fwp%2Fv2%2Fmedia&parent=36363"}],"wp:term":[{"taxonomy":"category","embeddable":true,"href":"https:\/\/colunadahora.com.br\/index.php?rest_route=%2Fwp%2Fv2%2Fcategories&post=36363"},{"taxonomy":"post_tag","embeddable":true,"href":"https:\/\/colunadahora.com.br\/index.php?rest_route=%2Fwp%2Fv2%2Ftags&post=36363"}],"curies":[{"name":"wp","href":"https:\/\/api.w.org\/{rel}","templated":true}]}}