{"id":36361,"date":"2026-04-26T15:18:09","date_gmt":"2026-04-26T18:18:09","guid":{"rendered":"https:\/\/colunadahora.com.br\/?p=36361"},"modified":"2026-04-26T15:18:09","modified_gmt":"2026-04-26T18:18:09","slug":"brasil-vence-grand-prix-de-atletismo-paralimpico-de-rabat","status":"publish","type":"post","link":"https:\/\/colunadahora.com.br\/?p=36361","title":{"rendered":"Brasil vence Grand Prix de atletismo paral\u00edmpico de Rabat"},"content":{"rendered":"<\/p>\n<p><a class=\"\" href=\"https:\/\/agenciabrasil.ebc.com.br\/esportes\/noticia\/2026-04\/brasil-vence-grand-prix-de-atletismo-paralimpico-de-rabat\"><br \/>\n                    <img decoding=\"async\" src=\"https:\/\/cdn.jsdelivr.net\/gh\/sergiosdlima\/assets-ebc@1.0.0\/abr\/assets\/images\/logo-agenciabrasil.svg\" alt=\"Logo Ag\u00eancia Brasil\"><br \/>\n\t\t\t\t<\/a><\/p>\n<p>O Brasil encerrou o Grand Prix de atletismo paral\u00edmpico de Rabat (Marrocos) na primeira posi\u00e7\u00e3o do quadro medalhas, com o total de 57 conquistas\u00a0(sendo 38 ouros, 13 pratas e seis bronzes). Na competi\u00e7\u00e3o, que chegou ao final no \u00faltimo s\u00e1bado (23), a sele\u00e7\u00e3o brasileira foi representada por 36 atletas.<img decoding=\"async\" src=\"https:\/\/agenciabrasil.ebc.com.br\/ebc.png?id=1687329&#038;o=rss\"><img decoding=\"async\" src=\"https:\/\/agenciabrasil.ebc.com.br\/ebc.gif?id=1687329&#038;o=rss\"><\/p>\n<p>No \u00faltimo dia de competi\u00e7\u00f5es, a equipe verde e amarela subiu ao p\u00f3dio em 13 oportunidades (com nove ouros, duas pratas e um bronze).<\/p>\n<\/p>\n<h3>Not\u00edcias relacionadas:<\/h3>\n<ul>\n<li><a href=\"https:\/\/agenciabrasil.ebc.com.br\/esportes\/noticia\/2026-04\/brasil-lidera-quadro-de-medalhas-de-gp-de-atletismo-paralimpico\">Brasil lidera quadro de medalhas de GP de atletismo paral\u00edmpico.<\/a><\/li>\n<li><a href=\"https:\/\/agenciabrasil.ebc.com.br\/esportes\/noticia\/2026-04\/surfe-gabriel-medina-e-luana-silva-sao-vices-em-margaret-river\">Surfe: Gabriel Medina e Luana Silva s\u00e3o vice em Margaret River.<\/a><\/li>\n<li><a href=\"https:\/\/agenciabrasil.ebc.com.br\/esportes\/noticia\/2026-04\/interesse-feminino-em-esportes-tem-skate-em-alta-e-avanco-do-futebol\">Interesse feminino em esportes tem skate em alta e avan\u00e7o do futebol.<\/a><\/li>\n<\/ul>\n<p>Uma das medalhas douradas do Brasil no \u00faltimo dia de disputas foi conquistada por Thalita Simpl\u00edcio. Ela fez um tempo de 1min01s47 para triunfar nos 400 metros classe T11 (cegos). \u201cGostei do resultado, para tr\u00eas meses de treino neste ano. Estou testando novas estrat\u00e9gias nos bastidores e na corrida\u201d, afirmou a potiguar.<\/p>\n<blockquote class=\"twitter-tweet\">\n<p dir=\"ltr\" lang=\"pt\" xml:lang=\"pt\">NO TOPO! Brasil volta a superar China e vence Grand Prix de atletismo no Marrocos! \ud83c\uddf2\ud83c\udde6\ud83c\udfc6\ud83d\udd1d<\/p>\n<p>A equipe brasileira conquistou 57 medalhas na competi\u00e7\u00e3o, sendo 38 ouros, 13 pratas e seis bronzes.<\/p>\n<p>\ud83c\udde7\ud83c\uddf7 Confira todos os resultados: <a href=\"https:\/\/t.co\/2w6h6Ts9UJ\">https:\/\/t.co\/2w6h6Ts9UJ<\/a><a href=\"https:\/\/twitter.com\/Caixa?ref_src=twsrc%5Etfw\">@Caixa<\/a> <a href=\"https:\/\/twitter.com\/loteriascaixa?ref_src=twsrc%5Etfw\">@loteriascaixa<\/a>\u2026 <a href=\"https:\/\/t.co\/jx2ZDIwike\">pic.twitter.com\/jx2ZDIwike<\/a><\/p>\n<p>\u2014 Comit\u00ea Paral\u00edmpico Brasileiro (@BraParalimpico) <a href=\"https:\/\/twitter.com\/BraParalimpico\/status\/2048159480920121463?ref_src=twsrc%5Etfw\">April 25, 2026<\/a><\/p><\/blockquote>\n<p><script async=\"\" src=\"https:\/\/platform.twitter.com\/widgets.js\" charset=\"utf-8\"><\/script><\/p>\n<p>Outro ouro marcante da equipe brasileira veio nos 100 metros da classe T12 (baixa vis\u00e3o). A capixaba Lorraine Aguiar cumpriu a dist\u00e2ncia em 57S69 para ficar \u00e0 frente da chinesa Yingying Qiu, prata com o tempo de 1min03S49, e da uzbeque Khusniya Olimjonova, bronze com 1min11S89.<\/p>\n<p>\u201c\u00c9 uma prova para a qual n\u00e3o estou fazendo um treinamento espec\u00edfico e fiz minha segunda melhor marca da vida. Depois desse resultado, tenho mais confian\u00e7a e sei que posso ainda mais\u201d, afirmou a brasileira.<\/p>\n<p>Agora, o Brasil volta a competir em uma etapa de Grand Prix no m\u00eas de maio, em Nottwil (Su\u00ed\u00e7a). Para esta competi\u00e7\u00e3o, a equipe ser\u00e1 formada por atletas que competem em cadeira de rodas ou nas provas de petra.<\/p>\n","protected":false},"excerpt":{"rendered":"<p>O Brasil encerrou o Grand Prix de atletismo paral\u00edmpico de Rabat (Marrocos) na primeira posi\u00e7\u00e3o do quadro medalhas, com o total de 57 conquistas\u00a0(sendo 38 ouros, 13 pratas e seis bronzes). Na competi\u00e7\u00e3o, que chegou ao final no \u00faltimo s\u00e1bado (23), a sele\u00e7\u00e3o brasileira foi representada por 36 atletas. No \u00faltimo dia de competi\u00e7\u00f5es, a [&hellip;]<\/p>\n","protected":false},"author":8,"featured_media":36362,"comment_status":"open","ping_status":"open","sticky":false,"template":"","format":"standard","meta":{"site-sidebar-layout":"default","site-content-layout":"","ast-site-content-layout":"default","site-content-style":"default","site-sidebar-style":"default","ast-global-header-display":"","ast-banner-title-visibility":"","ast-main-header-display":"","ast-hfb-above-header-display":"","ast-hfb-below-header-display":"","ast-hfb-mobile-header-display":"","site-post-title":"","ast-breadcrumbs-content":"","ast-featured-img":"","footer-sml-layout":"","ast-disable-related-posts":"","theme-transparent-header-meta":"","adv-header-id-meta":"","stick-header-meta":"","header-above-stick-meta":"","header-main-stick-meta":"","header-below-stick-meta":"","astra-migrate-meta-layouts":"default","ast-page-background-enabled":"default","ast-page-background-meta":{"desktop":{"background-color":"var(--ast-global-color-4)","background-image":"","background-repeat":"repeat","background-position":"center center","background-size":"auto","background-attachment":"scroll","background-type":"","background-media":"","overlay-type":"","overlay-color":"","overlay-opacity":"","overlay-gradient":""},"tablet":{"background-color":"","background-image":"","background-repeat":"repeat","background-position":"center center","background-size":"auto","background-attachment":"scroll","background-type":"","background-media":"","overlay-type":"","overlay-color":"","overlay-opacity":"","overlay-gradient":""},"mobile":{"background-color":"","background-image":"","background-repeat":"repeat","background-position":"center center","background-size":"auto","background-attachment":"scroll","background-type":"","background-media":"","overlay-type":"","overlay-color":"","overlay-opacity":"","overlay-gradient":""}},"ast-content-background-meta":{"desktop":{"background-color":"var(--ast-global-color-5)","background-image":"","background-repeat":"repeat","background-position":"center center","background-size":"auto","background-attachment":"scroll","background-type":"","background-media":"","overlay-type":"","overlay-color":"","overlay-opacity":"","overlay-gradient":""},"tablet":{"background-color":"var(--ast-global-color-5)","background-image":"","background-repeat":"repeat","background-position":"center center","background-size":"auto","background-attachment":"scroll","background-type":"","background-media":"","overlay-type":"","overlay-color":"","overlay-opacity":"","overlay-gradient":""},"mobile":{"background-color":"var(--ast-global-color-5)","background-image":"","background-repeat":"repeat","background-position":"center center","background-size":"auto","background-attachment":"scroll","background-type":"","background-media":"","overlay-type":"","overlay-color":"","overlay-opacity":"","overlay-gradient":""}},"footnotes":""},"categories":[40],"tags":[],"class_list":["post-36361","post","type-post","status-publish","format-standard","has-post-thumbnail","hentry","category-esportes"],"_links":{"self":[{"href":"https:\/\/colunadahora.com.br\/index.php?rest_route=\/wp\/v2\/posts\/36361","targetHints":{"allow":["GET"]}}],"collection":[{"href":"https:\/\/colunadahora.com.br\/index.php?rest_route=\/wp\/v2\/posts"}],"about":[{"href":"https:\/\/colunadahora.com.br\/index.php?rest_route=\/wp\/v2\/types\/post"}],"author":[{"embeddable":true,"href":"https:\/\/colunadahora.com.br\/index.php?rest_route=\/wp\/v2\/users\/8"}],"replies":[{"embeddable":true,"href":"https:\/\/colunadahora.com.br\/index.php?rest_route=%2Fwp%2Fv2%2Fcomments&post=36361"}],"version-history":[{"count":0,"href":"https:\/\/colunadahora.com.br\/index.php?rest_route=\/wp\/v2\/posts\/36361\/revisions"}],"wp:featuredmedia":[{"embeddable":true,"href":"https:\/\/colunadahora.com.br\/index.php?rest_route=\/wp\/v2\/media\/36362"}],"wp:attachment":[{"href":"https:\/\/colunadahora.com.br\/index.php?rest_route=%2Fwp%2Fv2%2Fmedia&parent=36361"}],"wp:term":[{"taxonomy":"category","embeddable":true,"href":"https:\/\/colunadahora.com.br\/index.php?rest_route=%2Fwp%2Fv2%2Fcategories&post=36361"},{"taxonomy":"post_tag","embeddable":true,"href":"https:\/\/colunadahora.com.br\/index.php?rest_route=%2Fwp%2Fv2%2Ftags&post=36361"}],"curies":[{"name":"wp","href":"https:\/\/api.w.org\/{rel}","templated":true}]}}