{"id":36353,"date":"2026-04-26T12:17:08","date_gmt":"2026-04-26T15:17:08","guid":{"rendered":"https:\/\/colunadahora.com.br\/?p=36353"},"modified":"2026-04-26T12:17:08","modified_gmt":"2026-04-26T15:17:08","slug":"isencao-para-quem-ganha-r-5-mil-vale-para-a-declaracao-do-ir-2026","status":"publish","type":"post","link":"https:\/\/colunadahora.com.br\/?p=36353","title":{"rendered":"Isen\u00e7\u00e3o para quem ganha R$ 5 mil vale para a declara\u00e7\u00e3o do IR 2026?"},"content":{"rendered":"<\/p>\n<p><a class=\"\" href=\"https:\/\/agenciabrasil.ebc.com.br\/economia\/noticia\/2026-04\/isencao-para-quem-ganha-r-5-mil-vale-para-declaracao-do-ir-2026\"><br \/>\n                    <img decoding=\"async\" src=\"https:\/\/cdn.jsdelivr.net\/gh\/sergiosdlima\/assets-ebc@1.0.0\/abr\/assets\/images\/logo-agenciabrasil.svg\" alt=\"Logo Ag\u00eancia Brasil\"><br \/>\n\t\t\t\t<\/a><\/p>\n<p>Aprovada pelo Congresso e sancionada pelo governo em 2025, a\u00a0isen\u00e7\u00e3o do Imposto de Renda para pessoas que ganham at\u00e9 R$ 5 mil mensais est\u00e1 em vigor na folha de pagamento desde o dia 1\u00ba de janeiro de 2026.\u00a0<img decoding=\"async\" src=\"https:\/\/agenciabrasil.ebc.com.br\/ebc.png?id=1687204&#038;o=rss\"><img decoding=\"async\" src=\"https:\/\/agenciabrasil.ebc.com.br\/ebc.gif?id=1687204&#038;o=rss\"><\/p>\n<p>Para quem n\u00e3o sabe, desde o in\u00edcio do ano, pessoas que recebem menos de R$ 5 mil mensais n\u00e3o est\u00e3o mais sujeitas a pagar o Imposto de Renda. Al\u00e9m disso,\u00a0h\u00e1 um desconto progressivo para quem recebe um sal\u00e1rio de at\u00e9 R$ 7.350.<\/p>\n<\/p>\n<h3>Not\u00edcias relacionadas:<\/h3>\n<ul>\n<li><a href=\"https:\/\/agenciabrasil.ebc.com.br\/economia\/noticia\/2026-04\/saiba-como-vai-funcionar-o-cashback-da-restituicao-automatica-do-ir\">Saiba como vai funcionar o cashback da restitui\u00e7\u00e3o autom\u00e1tica do IR.<\/a><\/li>\n<li><a href=\"https:\/\/agenciabrasil.ebc.com.br\/economia\/noticia\/2026-04\/como-declarar-dependentes-e-pensao-alimenticia-no-ir-2026\">IR 2026: veja como declarar dependentes e pens\u00e3o aliment\u00edcia .<\/a><\/li>\n<li><a href=\"https:\/\/agenciabrasil.ebc.com.br\/economia\/noticia\/2026-03\/entenda-principais-mudancas-do-imposto-de-renda-2026\">Entenda as principais mudan\u00e7as do Imposto de Renda 2026.<\/a><\/li>\n<\/ul>\n<p><strong>O efeito pr\u00e1tico causou uma d\u00favida: e para a declara\u00e7\u00e3o do Imposto de Renda? O desconto vale? A resposta \u00e9: ainda n\u00e3o.\u00a0<\/strong><\/p>\n<p>Apesar de o benef\u00edcio j\u00e1 estar valendo na folha de pagamento, quem declara o Imposto de Renda agora precisa ter aten\u00e7\u00e3o: a isen\u00e7\u00e3o n\u00e3o vale para a declara\u00e7\u00e3o deste ano.<\/p>\n<p><strong>E o motivo \u00e9 simples: contribuintes obrigados a prestar contas com o Fisco est\u00e3o tratando do exerc\u00edcio do ano calend\u00e1rio de 2025<\/strong>.\u00a0<\/p>\n<blockquote>\n<p>\u201cA declara\u00e7\u00e3o que voc\u00ea entrega no ano de 2026 n\u00e3o reflete o presente. Ela \u00e9 uma presta\u00e7\u00e3o de contas do passado, tudo o que voc\u00ea recebeu ao longo do ano de 2025. A nova isen\u00e7\u00e3o de R$ 5 mil existe, sim. Mas ela s\u00f3 passou a produzir efeitos a partir de 1\u00ba de janeiro de 2026&#8243;, explica o professor de Ci\u00eancias Cont\u00e1beis da Universidade Federal do Cear\u00e1, Eduardo Linhares.\u00a0<\/p>\n<\/blockquote>\n<p>&#8220;Isso decorre de um princ\u00edpio b\u00e1sico do direito tribut\u00e1rio chamado de anterioridade, em que uma lei que cria ou amplia benef\u00edcio fiscal n\u00e3o pode retroagir para alcan\u00e7ar fatos j\u00e1 ocorridos. A boa not\u00edcia \u00e9 que esse olhar para tr\u00e1s ser\u00e1 diferente no ano de 2027. Na declara\u00e7\u00e3o do pr\u00f3ximo ano, referente a tudo que voc\u00ea recebeu ao longo de 2026, a nova faixa estar\u00e1 plenamente incorporada. \u00c9 l\u00e1 que a reforma do IR aparece completa para a maioria dos contribuintes\u201d, diz.<\/p>\n<p>>><a href=\"https:\/\/agenciabrasil.ebc.com.br\/radioagencia-nacional\/series\/tira-duvidas-do-ir-2026\" target=\"_blank\"> Veja todo o conte\u00fado do Tira-D\u00favidas IR 2026<\/a><\/p>\n<p>Vale apontar que\u00a0\u00e9 poss\u00edvel que mesmo quem ganhe menos de R$ 5 mil tenha que declarar no ano que vem, segunda a professora\u00a0de Ci\u00eancias Cont\u00e1beis da Unime, Ahiram Cardoso.\u00a0<\/p>\n<p>\u201cH\u00e1 uma confus\u00e3o referente a esse recebimento de at\u00e9 R$ 5 mil em 2026. Ele est\u00e1 dispensado a pagar o Imposto de Renda, mas n\u00e3o necessariamente dispensado a declarar em 2027, porque tem que estar observando o limite de\u00a0obrigatoriedade do recebimento de rendimentos tribut\u00e1veis no ano. Ent\u00e3o, a gente vai ter que\u00a0observar esse limite da obrigatoriedade\u201d, aponta.\u00a0<\/p>\n<p><strong>Neste ano,\u00a0est\u00e1 isento de declarar o Imposto de Renda quem recebeu em m\u00e9dia at\u00e9 R$ 2.428,80 no ano passado\u00a0e n\u00e3o se encaixa em outros crit\u00e9rios que obrigue a declarar.<\/strong>\u00a0<\/p>\n<p>\u00c9 bom lembrar que h\u00e1, ainda, um desconto simplificado mensal de R$ 607,20. Isso faz com que na pr\u00e1tica, quem receba at\u00e9 R$ 3.036 esteja isento de pagar o Imposto de Renda.<\/p>\n<h2>>> Ou\u00e7a na Radioag\u00eancia Nacional:\u00a0<\/h2>\n<div class=\"dnd-widget-wrapper context-cheio_8colunas type-audio\">\n<div class=\"dnd-atom-rendered\"><!-- scald=459046:cheio_8colunas --><\/p>\n<div class=\"col-lg-12 shadow-sm sticky-element px-0 m-0 z-9\">\n<div class=\"rounded-lg\">\n<div class=\"player-wrapper bg-secondary\">\n            <audio preload=\"none\" controls class=\"rounded-lg shadow-sm\"><source src=\"https:\/\/audios.ebc.com.br\/ef\/effc9e9acff9e3c3b7f12940d89d359d.mp3\" type=\"audio\/mpeg\"><\/audio>\n        <\/div>\n<\/p><\/div>\n<\/div>\n<p><!-- END scald=459046 --><\/div>\n<div class=\"dnd-caption-wrapper\">\n<div class=\"meta\">\n<!--END copyright=459046--><\/div>\n<\/div>\n<\/div>\n","protected":false},"excerpt":{"rendered":"<p>Aprovada pelo Congresso e sancionada pelo governo em 2025, a\u00a0isen\u00e7\u00e3o do Imposto de Renda para pessoas que ganham at\u00e9 R$ 5 mil mensais est\u00e1 em vigor na folha de pagamento desde o dia 1\u00ba de janeiro de 2026.\u00a0 Para quem n\u00e3o sabe, desde o in\u00edcio do ano, pessoas que recebem menos de R$ 5 mil [&hellip;]<\/p>\n","protected":false},"author":113,"featured_media":36354,"comment_status":"open","ping_status":"open","sticky":false,"template":"","format":"standard","meta":{"site-sidebar-layout":"default","site-content-layout":"","ast-site-content-layout":"default","site-content-style":"default","site-sidebar-style":"default","ast-global-header-display":"","ast-banner-title-visibility":"","ast-main-header-display":"","ast-hfb-above-header-display":"","ast-hfb-below-header-display":"","ast-hfb-mobile-header-display":"","site-post-title":"","ast-breadcrumbs-content":"","ast-featured-img":"","footer-sml-layout":"","ast-disable-related-posts":"","theme-transparent-header-meta":"","adv-header-id-meta":"","stick-header-meta":"","header-above-stick-meta":"","header-main-stick-meta":"","header-below-stick-meta":"","astra-migrate-meta-layouts":"default","ast-page-background-enabled":"default","ast-page-background-meta":{"desktop":{"background-color":"var(--ast-global-color-4)","background-image":"","background-repeat":"repeat","background-position":"center center","background-size":"auto","background-attachment":"scroll","background-type":"","background-media":"","overlay-type":"","overlay-color":"","overlay-opacity":"","overlay-gradient":""},"tablet":{"background-color":"","background-image":"","background-repeat":"repeat","background-position":"center center","background-size":"auto","background-attachment":"scroll","background-type":"","background-media":"","overlay-type":"","overlay-color":"","overlay-opacity":"","overlay-gradient":""},"mobile":{"background-color":"","background-image":"","background-repeat":"repeat","background-position":"center center","background-size":"auto","background-attachment":"scroll","background-type":"","background-media":"","overlay-type":"","overlay-color":"","overlay-opacity":"","overlay-gradient":""}},"ast-content-background-meta":{"desktop":{"background-color":"var(--ast-global-color-5)","background-image":"","background-repeat":"repeat","background-position":"center center","background-size":"auto","background-attachment":"scroll","background-type":"","background-media":"","overlay-type":"","overlay-color":"","overlay-opacity":"","overlay-gradient":""},"tablet":{"background-color":"var(--ast-global-color-5)","background-image":"","background-repeat":"repeat","background-position":"center center","background-size":"auto","background-attachment":"scroll","background-type":"","background-media":"","overlay-type":"","overlay-color":"","overlay-opacity":"","overlay-gradient":""},"mobile":{"background-color":"var(--ast-global-color-5)","background-image":"","background-repeat":"repeat","background-position":"center center","background-size":"auto","background-attachment":"scroll","background-type":"","background-media":"","overlay-type":"","overlay-color":"","overlay-opacity":"","overlay-gradient":""}},"footnotes":""},"categories":[37],"tags":[],"class_list":["post-36353","post","type-post","status-publish","format-standard","has-post-thumbnail","hentry","category-economia-e-negocios"],"_links":{"self":[{"href":"https:\/\/colunadahora.com.br\/index.php?rest_route=\/wp\/v2\/posts\/36353","targetHints":{"allow":["GET"]}}],"collection":[{"href":"https:\/\/colunadahora.com.br\/index.php?rest_route=\/wp\/v2\/posts"}],"about":[{"href":"https:\/\/colunadahora.com.br\/index.php?rest_route=\/wp\/v2\/types\/post"}],"author":[{"embeddable":true,"href":"https:\/\/colunadahora.com.br\/index.php?rest_route=\/wp\/v2\/users\/113"}],"replies":[{"embeddable":true,"href":"https:\/\/colunadahora.com.br\/index.php?rest_route=%2Fwp%2Fv2%2Fcomments&post=36353"}],"version-history":[{"count":0,"href":"https:\/\/colunadahora.com.br\/index.php?rest_route=\/wp\/v2\/posts\/36353\/revisions"}],"wp:featuredmedia":[{"embeddable":true,"href":"https:\/\/colunadahora.com.br\/index.php?rest_route=\/wp\/v2\/media\/36354"}],"wp:attachment":[{"href":"https:\/\/colunadahora.com.br\/index.php?rest_route=%2Fwp%2Fv2%2Fmedia&parent=36353"}],"wp:term":[{"taxonomy":"category","embeddable":true,"href":"https:\/\/colunadahora.com.br\/index.php?rest_route=%2Fwp%2Fv2%2Fcategories&post=36353"},{"taxonomy":"post_tag","embeddable":true,"href":"https:\/\/colunadahora.com.br\/index.php?rest_route=%2Fwp%2Fv2%2Ftags&post=36353"}],"curies":[{"name":"wp","href":"https:\/\/api.w.org\/{rel}","templated":true}]}}