{"id":36319,"date":"2026-04-24T22:17:15","date_gmt":"2026-04-25T01:17:15","guid":{"rendered":"https:\/\/colunadahora.com.br\/?p=36319"},"modified":"2026-04-24T22:17:15","modified_gmt":"2026-04-25T01:17:15","slug":"por-unanimidade-stf-mantem-prisao-de-ex-presidente-do-brb","status":"publish","type":"post","link":"https:\/\/colunadahora.com.br\/?p=36319","title":{"rendered":"Por unanimidade, STF mant\u00e9m pris\u00e3o de ex-presidente do BRB"},"content":{"rendered":"<\/p>\n<p><a class=\"\" href=\"https:\/\/agenciabrasil.ebc.com.br\/justica\/noticia\/2026-04\/por-unanimidade-stf-mantem-prisao-de-ex-presidente-do-brb\"><br \/>\n                    <img decoding=\"async\" src=\"https:\/\/cdn.jsdelivr.net\/gh\/sergiosdlima\/assets-ebc@1.0.0\/abr\/assets\/images\/logo-agenciabrasil.svg\" alt=\"Logo Ag\u00eancia Brasil\"><br \/>\n\t\t\t\t<\/a><\/p>\n<p><strong>Por unanimidade, a Segunda Turma do Supremo Tribunal Federal (STF) manteve nesta sexta-feira (24) a decis\u00e3o do ministro Andr\u00e9 Mendon\u00e7a que determinou a pris\u00e3o do ex-presidente do Banco de Bras\u00edlia (BRB) Paulo Henrique Costa.<\/strong><img decoding=\"async\" src=\"https:\/\/agenciabrasil.ebc.com.br\/ebc.png?id=1687210&#038;o=rss\"><img decoding=\"async\" src=\"https:\/\/agenciabrasil.ebc.com.br\/ebc.gif?id=1687210&#038;o=rss\"><\/p>\n<p>No dia 16 de abril, <a href=\"https:\/\/agenciabrasil.ebc.com.br\/geral\/noticia\/2026-04\/policia-federal-prende-ex-presidente-do-brb\" target=\"_blank\">Costa foi preso durante a quarta\u00a0fase da Opera\u00e7\u00e3o Compliance<\/a>, da Pol\u00edcia Federal, que investiga fraudes no Banco Master e tentativa de compra da institui\u00e7\u00e3o financeira pelo BRB, banco p\u00fablico ligado ao governo do Distrito Federal.\u00a0<\/p>\n<\/p>\n<h3>Not\u00edcias relacionadas:<\/h3>\n<ul>\n<li><a href=\"https:\/\/agenciabrasil.ebc.com.br\/economia\/noticia\/2026-04\/acionistas-aprovam-aumento-de-capital-do-brb-em-ate-r-881-bilhoes\">Acionistas aprovam aumento de capital do BRB em at\u00e9 R$ 8,81 bilh\u00f5es.<\/a><\/li>\n<li><a href=\"https:\/\/agenciabrasil.ebc.com.br\/economia\/noticia\/2026-04\/brb-firma-acordo-para-transferir-ativos-comprados-do-banco-master\">BRB firma acordo para transferir ativos comprados do Banco Master.<\/a><\/li>\n<\/ul>\n<p>De acordo com as investiga\u00e7\u00f5es, Paulo Henrique Costa teria combinado com o banqueiro Daniel Vorcaro o recebimento de R$ 146,5 milh\u00f5es em propina. O valor seria repassado por meio de im\u00f3veis.<\/p>\n<h2>Vota\u00e7\u00e3o<\/h2>\n<p>A vota\u00e7\u00e3o come\u00e7ou na semana passada e foi finalizada hoje no plen\u00e1rio virtual do colegiado.<strong> O placar final ficou em 4 votos a 0 para manter a pris\u00e3o de Costa<\/strong>.<\/p>\n<p><strong>Votaram para manter a pris\u00e3o\u00a0do ex-presidente do BRB\u00a0os ministros Andr\u00e9 Mendon\u00e7a, relator, Luiz Fux, Nunes Marques e Gilmar Mendes.<\/strong><\/p>\n<p>Contudo, o placar favor\u00e1vel \u00e0 pris\u00e3o do advogado Daniel Monteiro, que tamb\u00e9m foi alvo da opera\u00e7\u00e3o, ficou em 3 a 1.\u00a0<\/p>\n<p>\u00daltimo a votar, Mendes divergiu parcialmente dos demais posicionamentos e entendeu que Monteiro deve cumprir pris\u00e3o domiciliar, com monitoramento por tornozeleira eletr\u00f4nica.\u00a0<\/p>\n<h2>Toffoli<\/h2>\n<p><strong>O ministro Dias Toffoli tamb\u00e9m faz parte da Segunda Turma, mas se <a href=\"https:\/\/agenciabrasil.ebc.com.br\/justica\/noticia\/2026-03\/toffoli-se-declara-suspeito-para-julgar-prisao-de-vorcaro\" target=\"_blank\">declarou suspeito para participar do julgamento<\/a>.<\/strong><\/p>\n<p>Em fevereiro deste ano, o ministro deixou a relatoria do inqu\u00e9rito que investiga as fraudes no Master ap\u00f3s a PF informar ao presidente do STF, Edson Fachin, que h\u00e1 men\u00e7\u00f5es a Toffoli\u00a0em mensagens encontradas no celular de\u00a0Vorcaro, que teve o aparelho apreendido durante a primeira fase da opera\u00e7\u00e3o, deflagrada no ano passado.<\/p>\n<p>Toffoli\u00a0\u00e9 um dos s\u00f3cios do resort Tayay\u00e1, localizado no Paran\u00e1. O empreendimento foi comprado por um fundo de\u00a0investimentos que \u00e9 ligado ao Master e investigado pela PF.\u00a0<\/p>\n","protected":false},"excerpt":{"rendered":"<p>Por unanimidade, a Segunda Turma do Supremo Tribunal Federal (STF) manteve nesta sexta-feira (24) a decis\u00e3o do ministro Andr\u00e9 Mendon\u00e7a que determinou a pris\u00e3o do ex-presidente do Banco de Bras\u00edlia (BRB) Paulo Henrique Costa. No dia 16 de abril, Costa foi preso durante a quarta\u00a0fase da Opera\u00e7\u00e3o Compliance, da Pol\u00edcia Federal, que investiga fraudes no [&hellip;]<\/p>\n","protected":false},"author":45,"featured_media":36320,"comment_status":"open","ping_status":"open","sticky":false,"template":"","format":"standard","meta":{"site-sidebar-layout":"default","site-content-layout":"","ast-site-content-layout":"default","site-content-style":"default","site-sidebar-style":"default","ast-global-header-display":"","ast-banner-title-visibility":"","ast-main-header-display":"","ast-hfb-above-header-display":"","ast-hfb-below-header-display":"","ast-hfb-mobile-header-display":"","site-post-title":"","ast-breadcrumbs-content":"","ast-featured-img":"","footer-sml-layout":"","ast-disable-related-posts":"","theme-transparent-header-meta":"","adv-header-id-meta":"","stick-header-meta":"","header-above-stick-meta":"","header-main-stick-meta":"","header-below-stick-meta":"","astra-migrate-meta-layouts":"default","ast-page-background-enabled":"default","ast-page-background-meta":{"desktop":{"background-color":"var(--ast-global-color-4)","background-image":"","background-repeat":"repeat","background-position":"center center","background-size":"auto","background-attachment":"scroll","background-type":"","background-media":"","overlay-type":"","overlay-color":"","overlay-opacity":"","overlay-gradient":""},"tablet":{"background-color":"","background-image":"","background-repeat":"repeat","background-position":"center center","background-size":"auto","background-attachment":"scroll","background-type":"","background-media":"","overlay-type":"","overlay-color":"","overlay-opacity":"","overlay-gradient":""},"mobile":{"background-color":"","background-image":"","background-repeat":"repeat","background-position":"center center","background-size":"auto","background-attachment":"scroll","background-type":"","background-media":"","overlay-type":"","overlay-color":"","overlay-opacity":"","overlay-gradient":""}},"ast-content-background-meta":{"desktop":{"background-color":"var(--ast-global-color-5)","background-image":"","background-repeat":"repeat","background-position":"center center","background-size":"auto","background-attachment":"scroll","background-type":"","background-media":"","overlay-type":"","overlay-color":"","overlay-opacity":"","overlay-gradient":""},"tablet":{"background-color":"var(--ast-global-color-5)","background-image":"","background-repeat":"repeat","background-position":"center center","background-size":"auto","background-attachment":"scroll","background-type":"","background-media":"","overlay-type":"","overlay-color":"","overlay-opacity":"","overlay-gradient":""},"mobile":{"background-color":"var(--ast-global-color-5)","background-image":"","background-repeat":"repeat","background-position":"center center","background-size":"auto","background-attachment":"scroll","background-type":"","background-media":"","overlay-type":"","overlay-color":"","overlay-opacity":"","overlay-gradient":""}},"footnotes":""},"categories":[3],"tags":[],"class_list":["post-36319","post","type-post","status-publish","format-standard","has-post-thumbnail","hentry","category-seguranca-e-justica"],"_links":{"self":[{"href":"https:\/\/colunadahora.com.br\/index.php?rest_route=\/wp\/v2\/posts\/36319","targetHints":{"allow":["GET"]}}],"collection":[{"href":"https:\/\/colunadahora.com.br\/index.php?rest_route=\/wp\/v2\/posts"}],"about":[{"href":"https:\/\/colunadahora.com.br\/index.php?rest_route=\/wp\/v2\/types\/post"}],"author":[{"embeddable":true,"href":"https:\/\/colunadahora.com.br\/index.php?rest_route=\/wp\/v2\/users\/45"}],"replies":[{"embeddable":true,"href":"https:\/\/colunadahora.com.br\/index.php?rest_route=%2Fwp%2Fv2%2Fcomments&post=36319"}],"version-history":[{"count":0,"href":"https:\/\/colunadahora.com.br\/index.php?rest_route=\/wp\/v2\/posts\/36319\/revisions"}],"wp:featuredmedia":[{"embeddable":true,"href":"https:\/\/colunadahora.com.br\/index.php?rest_route=\/wp\/v2\/media\/36320"}],"wp:attachment":[{"href":"https:\/\/colunadahora.com.br\/index.php?rest_route=%2Fwp%2Fv2%2Fmedia&parent=36319"}],"wp:term":[{"taxonomy":"category","embeddable":true,"href":"https:\/\/colunadahora.com.br\/index.php?rest_route=%2Fwp%2Fv2%2Fcategories&post=36319"},{"taxonomy":"post_tag","embeddable":true,"href":"https:\/\/colunadahora.com.br\/index.php?rest_route=%2Fwp%2Fv2%2Ftags&post=36319"}],"curies":[{"name":"wp","href":"https:\/\/api.w.org\/{rel}","templated":true}]}}