{"id":35747,"date":"2026-04-16T08:17:13","date_gmt":"2026-04-16T11:17:13","guid":{"rendered":"https:\/\/colunadahora.com.br\/?p=35747"},"modified":"2026-04-16T08:17:13","modified_gmt":"2026-04-16T11:17:13","slug":"justica-condena-a-18-anos-de-prisao-3o-acusado-da-morte-de-congoles","status":"publish","type":"post","link":"https:\/\/colunadahora.com.br\/?p=35747","title":{"rendered":"Justi\u00e7a condena a 18 anos de pris\u00e3o 3\u00ba acusado da morte de congol\u00eas"},"content":{"rendered":"<\/p>\n<p><a class=\"\" href=\"https:\/\/agenciabrasil.ebc.com.br\/justica\/noticia\/2026-04\/justica-condena-18-anos-de-prisao-3o-acusado-da-morte-de-congoles\"><br \/>\n                    <img decoding=\"async\" src=\"https:\/\/cdn.jsdelivr.net\/gh\/sergiosdlima\/assets-ebc@1.0.0\/abr\/assets\/images\/logo-agenciabrasil.svg\" alt=\"Logo Ag\u00eancia Brasil\"><br \/>\n\t\t\t\t<\/a><\/p>\n<p>A Justi\u00e7a condenou, nesta quarta-feira, (15), Brendon Alexander Luz da Silva a 18 anos e 8 meses de reclus\u00e3o, em regime fechado, pela morte do congol\u00eas Mo\u00efse Mugenvi Kabagambe\u00a0no dia 24 de janeiro de 2022. Brendon foi o terceiro acusado do crime condenado pela Justi\u00e7a. Em mar\u00e7o de 2025, os outros dois r\u00e9us do caso, F\u00e1bio Pirineus da Silva e Aleson Cristiano de Oliveira Fonseca, foram condenados a\u00a0penas que, somadas, chegam a\u00a044 anos de pris\u00e3o em regime fechado.<img decoding=\"async\" src=\"https:\/\/agenciabrasil.ebc.com.br\/ebc.png?id=1686198&#038;o=rss\"><img decoding=\"async\" src=\"https:\/\/agenciabrasil.ebc.com.br\/ebc.gif?id=1686198&#038;o=rss\"><\/p>\n<p><strong>Imagens de c\u00e2meras de seguran\u00e7a mostram que Mo\u00efse foi espancado por quase 13 minutos, com golpes de taco de beisebol, al\u00e9m de socos, chutes e tapas. Segundo a investiga\u00e7\u00e3o, as agress\u00f5es come\u00e7aram depois que a v\u00edtima cobrou o pagamento de di\u00e1rias atrasadas ao dono do quiosque Tropic\u00e1lia, na praia daBarra da Tijuca, zona sudoeste do Rio.<\/strong> O crime foi registrado por uma c\u00e2mera de seguran\u00e7a do quiosque. De acordo com a den\u00fancia do Minist\u00e9rio P\u00fablico, as imagens mostram Brendon ao lado de outro acusado posando para uma foto, enquanto Mo\u00efse j\u00e1 estava imobilizado no ch\u00e3o e aparentemente desacordado.\u00a0<\/p>\n<\/p>\n<h3>Not\u00edcias relacionadas:<\/h3>\n<ul>\n<li><a href=\"https:\/\/agenciabrasil.ebc.com.br\/geral\/noticia\/2025-06\/memorial-na-barra-da-tijuca-homenageia-congoles-moise-morto-em-2022\">Memorial na Barra da Tijuca homenageia congol\u00eas Mo\u00efse, morto em 2022.<\/a><\/li>\n<li><a href=\"https:\/\/agenciabrasil.ebc.com.br\/justica\/noticia\/2025-03\/justica-do-rio-condena-duas-pessoas-pela-morte-do-congoles-moise\">Justi\u00e7a do Rio condena duas pessoas pela morte do congol\u00eas Mo\u00efse.<\/a><\/li>\n<li><a href=\"https:\/\/agenciabrasil.ebc.com.br\/geral\/noticia\/2026-04\/terceiro-reu-por-morte-de-congoles-moise-kabagambe-vai-julgamento\">Terceiro r\u00e9u por morte de congol\u00eas Mo\u00efse Kabagambe vai a julgamento.<\/a><\/li>\n<\/ul>\n<p><strong>A decis\u00e3o \u00e9 do Conselho de Senten\u00e7a do 1\u00ba Tribunal do J\u00fari que \u201creconheceu que o crime foi praticado com emprego de meio cruel, pois a v\u00edtima foi agredida \u2018como se fosse um animal pe\u00e7onhento&#8221;<\/strong>. A conduta praticada pelo acusado foi extremamente cruel pois consistiu em imobilizar a v\u00edtima \u2013 durante 12 minutos e 40 segundos \u2013 para que os outros acusados pudessem agredi-lo por diversas vezes. Brendon, durante esse tempo, nada fez para cessar a desnecess\u00e1ria viol\u00eancia\u201d, destacou a ju\u00edza Alessandra da Rocha Lima Roidis, que presidiu a sess\u00e3o.<\/p>\n<h2>Julgamento<\/h2>\n<p>O julgamento come\u00e7ou por volta das 11h30.<strong> A primeira testemunha ouvida foi Viviane de Mattos Faria, respons\u00e1vel pelo quiosque vizinho, \u201cBiruta\u201d. Durante o depoimento, a testemunha entrou em contradi\u00e7\u00e3o<\/strong>. Inicialmente, afirmou ter ouvido gritos na \u00e1rea externa, no momento em que o congol\u00eas era agredido. Depois, disse ter ouvido que Mo\u00efse estaria descontrolado por ter perdido uma companheira e o filho durante o parto.<\/p>\n<blockquote>\n<p>\u201cN\u00e3o vi os v\u00eddeos das agress\u00f5es. Sabia que Brendon era lutador de jiu-jitsu, que Mo\u00efse fazia uso de bebida alco\u00f3lica de vez em quando, mas soube do crime depois pelo gerente do Tropic\u00e1lia e pela m\u00eddia\u201d, disse.<\/p>\n<\/blockquote>\n<p>Em seguida, foi ouvido Carlos F\u00e1bio da Silva Muse, dono do quiosque Tropic\u00e1lia. Durante o depoimento, negou que Mo\u00efse fosse de causar confus\u00e3o, mas confirmou que ele parecia estar alterado no dia em que foi assassinado. Por fim, afirmou que n\u00e3o tinha d\u00edvida com o congol\u00eas. \u201cEstava dormindo quando me telefonaram contando que houve um desentendimento entre os meninos e fui direto para o quiosque\u201d, disse.<\/p>\n<p><strong>Na sequ\u00eancia, o gerente do Tropic\u00e1lia, Jailton Pereira Campos, conhecido como &#8216;Baixinho&#8217;, relatou que Mo\u00efse foi agredido e amarrado com uma corda. Ao ser questionado pelo Minist\u00e9rio P\u00fablico sobre a din\u00e2mica dos fatos, justificou a falta de um pedido de socorro<\/strong>: \u201cEu estava sem telefone e n\u00e3o pensei em ligar e pedir ajuda\u201d. Ele tamb\u00e9m descreveu o epis\u00f3dio como um momento \u201ctraum\u00e1tico\u201d.<\/p>\n<p><strong>Durante o interrogat\u00f3rio, o r\u00e9u Brendon Alexander Luz da Silva confirmou que amarrou a v\u00edtima, mas alegou n\u00e3o ter tido a inten\u00e7\u00e3o de mat\u00e1-la e n\u00e3o ter usado t\u00e9cnicas de jiu-jitsu para machuc\u00e1-la.<\/strong><\/p>\n<blockquote>\n<p>\u201cA minha inten\u00e7\u00e3o, a todo momento, era imobiliz\u00e1-lo at\u00e9 a chegada da pol\u00edcia, em nenhum momento mat\u00e1-lo. Pedi para algu\u00e9m chamar a pol\u00edcia e, quando vi que ele havia desmaiado, tentei uma massagem card\u00edaca e percebi que n\u00e3o respondia mais, fiquei desesperado. Quero pedir perd\u00e3o \u00e0 minha m\u00e3e, que est\u00e1 presente, e \u00e0 fam\u00edlia da v\u00edtima\u201d.<\/p>\n<\/blockquote>\n","protected":false},"excerpt":{"rendered":"<p>A Justi\u00e7a condenou, nesta quarta-feira, (15), Brendon Alexander Luz da Silva a 18 anos e 8 meses de reclus\u00e3o, em regime fechado, pela morte do congol\u00eas Mo\u00efse Mugenvi Kabagambe\u00a0no dia 24 de janeiro de 2022. Brendon foi o terceiro acusado do crime condenado pela Justi\u00e7a. Em mar\u00e7o de 2025, os outros dois r\u00e9us do caso, [&hellip;]<\/p>\n","protected":false},"author":31,"featured_media":35748,"comment_status":"open","ping_status":"open","sticky":false,"template":"","format":"standard","meta":{"site-sidebar-layout":"default","site-content-layout":"","ast-site-content-layout":"default","site-content-style":"default","site-sidebar-style":"default","ast-global-header-display":"","ast-banner-title-visibility":"","ast-main-header-display":"","ast-hfb-above-header-display":"","ast-hfb-below-header-display":"","ast-hfb-mobile-header-display":"","site-post-title":"","ast-breadcrumbs-content":"","ast-featured-img":"","footer-sml-layout":"","ast-disable-related-posts":"","theme-transparent-header-meta":"","adv-header-id-meta":"","stick-header-meta":"","header-above-stick-meta":"","header-main-stick-meta":"","header-below-stick-meta":"","astra-migrate-meta-layouts":"default","ast-page-background-enabled":"default","ast-page-background-meta":{"desktop":{"background-color":"var(--ast-global-color-4)","background-image":"","background-repeat":"repeat","background-position":"center center","background-size":"auto","background-attachment":"scroll","background-type":"","background-media":"","overlay-type":"","overlay-color":"","overlay-opacity":"","overlay-gradient":""},"tablet":{"background-color":"","background-image":"","background-repeat":"repeat","background-position":"center center","background-size":"auto","background-attachment":"scroll","background-type":"","background-media":"","overlay-type":"","overlay-color":"","overlay-opacity":"","overlay-gradient":""},"mobile":{"background-color":"","background-image":"","background-repeat":"repeat","background-position":"center center","background-size":"auto","background-attachment":"scroll","background-type":"","background-media":"","overlay-type":"","overlay-color":"","overlay-opacity":"","overlay-gradient":""}},"ast-content-background-meta":{"desktop":{"background-color":"var(--ast-global-color-5)","background-image":"","background-repeat":"repeat","background-position":"center center","background-size":"auto","background-attachment":"scroll","background-type":"","background-media":"","overlay-type":"","overlay-color":"","overlay-opacity":"","overlay-gradient":""},"tablet":{"background-color":"var(--ast-global-color-5)","background-image":"","background-repeat":"repeat","background-position":"center center","background-size":"auto","background-attachment":"scroll","background-type":"","background-media":"","overlay-type":"","overlay-color":"","overlay-opacity":"","overlay-gradient":""},"mobile":{"background-color":"var(--ast-global-color-5)","background-image":"","background-repeat":"repeat","background-position":"center center","background-size":"auto","background-attachment":"scroll","background-type":"","background-media":"","overlay-type":"","overlay-color":"","overlay-opacity":"","overlay-gradient":""}},"footnotes":""},"categories":[3],"tags":[],"class_list":["post-35747","post","type-post","status-publish","format-standard","has-post-thumbnail","hentry","category-seguranca-e-justica"],"_links":{"self":[{"href":"https:\/\/colunadahora.com.br\/index.php?rest_route=\/wp\/v2\/posts\/35747","targetHints":{"allow":["GET"]}}],"collection":[{"href":"https:\/\/colunadahora.com.br\/index.php?rest_route=\/wp\/v2\/posts"}],"about":[{"href":"https:\/\/colunadahora.com.br\/index.php?rest_route=\/wp\/v2\/types\/post"}],"author":[{"embeddable":true,"href":"https:\/\/colunadahora.com.br\/index.php?rest_route=\/wp\/v2\/users\/31"}],"replies":[{"embeddable":true,"href":"https:\/\/colunadahora.com.br\/index.php?rest_route=%2Fwp%2Fv2%2Fcomments&post=35747"}],"version-history":[{"count":0,"href":"https:\/\/colunadahora.com.br\/index.php?rest_route=\/wp\/v2\/posts\/35747\/revisions"}],"wp:featuredmedia":[{"embeddable":true,"href":"https:\/\/colunadahora.com.br\/index.php?rest_route=\/wp\/v2\/media\/35748"}],"wp:attachment":[{"href":"https:\/\/colunadahora.com.br\/index.php?rest_route=%2Fwp%2Fv2%2Fmedia&parent=35747"}],"wp:term":[{"taxonomy":"category","embeddable":true,"href":"https:\/\/colunadahora.com.br\/index.php?rest_route=%2Fwp%2Fv2%2Fcategories&post=35747"},{"taxonomy":"post_tag","embeddable":true,"href":"https:\/\/colunadahora.com.br\/index.php?rest_route=%2Fwp%2Fv2%2Ftags&post=35747"}],"curies":[{"name":"wp","href":"https:\/\/api.w.org\/{rel}","templated":true}]}}