{"id":35653,"date":"2026-04-15T11:18:12","date_gmt":"2026-04-15T14:18:12","guid":{"rendered":"https:\/\/colunadahora.com.br\/?p=35653"},"modified":"2026-04-15T11:18:12","modified_gmt":"2026-04-15T14:18:12","slug":"moraes-abre-acao-contra-flavio-bolsonaro-por-suposta-calunia-a-lula","status":"publish","type":"post","link":"https:\/\/colunadahora.com.br\/?p=35653","title":{"rendered":"Moraes abre a\u00e7\u00e3o contra Fl\u00e1vio Bolsonaro por suposta cal\u00fania a Lula"},"content":{"rendered":"<\/p>\n<p><a class=\"\" href=\"https:\/\/agenciabrasil.ebc.com.br\/justica\/noticia\/2026-04\/moraes-abre-acao-contra-flavio-bolsonaro-por-suposta-calunia-lula\"><br \/>\n                    <img decoding=\"async\" src=\"https:\/\/cdn.jsdelivr.net\/gh\/sergiosdlima\/assets-ebc@1.0.0\/abr\/assets\/images\/logo-agenciabrasil.svg\" alt=\"Logo Ag\u00eancia Brasil\"><br \/>\n\t\t\t\t<\/a><\/p>\n<p><strong>O ministro Alexandre de Moraes, do Supremo Tribunal Federal (STF), determinou a abertura de um inqu\u00e9rito contra o senador Fl\u00e1vio Bolsonaro (PL-RJ), por supostamente ter caluniado o presidente da Rep\u00fablica, Luiz In\u00e1cio Lula da Silva<\/strong>.<img decoding=\"async\" src=\"https:\/\/agenciabrasil.ebc.com.br\/ebc.png?id=1686026&#038;o=rss\"><img decoding=\"async\" src=\"https:\/\/agenciabrasil.ebc.com.br\/ebc.gif?id=1686026&#038;o=rss\"><\/p>\n<p>O caso remonta a uma publica\u00e7\u00e3o feita por Fl\u00e1vio na rede social X no dia 3 de janeiro, em que atribui a Lula a pr\u00e1tica de diversos crimes. \u201cLula ser\u00e1 delatado. \u00c9 o fim do Foro de S\u00e3o Paulo: tr\u00e1fico internacional de drogas e armas, lavagem de dinheiro, suporte a terroristas e ditaduras, elei\u00e7\u00f5es fraudadas\u2026\u201d, diz o post.<\/p>\n<\/p>\n<h3>Not\u00edcias relacionadas:<\/h3>\n<ul>\n<li><a href=\"https:\/\/agenciabrasil.ebc.com.br\/justica\/noticia\/2026-04\/moraes-determina-prisao-de-reus-do-nucleo-4-da-trama-golpista\">Moraes determina pris\u00e3o de r\u00e9us do n\u00facleo 4 da trama golpista.<\/a><\/li>\n<li><a href=\"https:\/\/agenciabrasil.ebc.com.br\/justica\/noticia\/2023-05\/tse-multa-flavio-bolsonaro-em-r-5-mil-por-fake-news-contra-lula\">TSE multa Fl\u00e1vio Bolsonaro em R$ 5 mil por fake news contra Lula.<\/a><\/li>\n<li><a href=\"https:\/\/agenciabrasil.ebc.com.br\/justica\/noticia\/2026-04\/moraes-libera-para-julgamento-acao-que-pede-limites-para-delacao\">Moraes libera para julgamento a\u00e7\u00e3o que pede limites para dela\u00e7\u00e3o .<\/a><\/li>\n<\/ul>\n<p>A publica\u00e7\u00e3o trazia ainda imagem da pris\u00e3o do ent\u00e3o presidente da Venezuela, Nicol\u00e1s Maduro, pelas For\u00e7as Armadas dos Estados Unidos, ao lado da reprodu\u00e7\u00e3o de uma reportagem com a imagem de Lula, com a manchete \u201cLula convoca reuni\u00e3o de emerg\u00eancia ap\u00f3s Trump capturar Maduro\u201d.<\/p>\n<p>A abertura do inqu\u00e9rito havia sido pedida pela Pol\u00edcia Federal (PF), com o aval da Procuradoria-Geral da Rep\u00fablica (PGR). Em parecer, o \u00f3rg\u00e3o afirmou que a medida <strong>\u201cest\u00e1 amparada em uma publica\u00e7\u00e3o realizada em ambiente virtual p\u00fablico, acess\u00edvel a milhares de usu\u00e1rios, em que se atribui falsamente, de maneira p\u00fablica e vexat\u00f3ria, fatos delituosos ao Presidente da Rep\u00fablica\u201d.<\/strong><\/p>\n<p>Agora, a PF ter\u00e1 um prazo inicial de 60 dias para concluir as investiga\u00e7\u00f5es. Moraes determinou ainda o levantamento do sigilo do processo, \u201cuma vez que n\u00e3o se encontram presentes os elementos excepcionais que permitem o afastamento da ampla publicidade\u201d, escreveu o ministro na curta decis\u00e3o de tr\u00eas p\u00e1ginas.<\/p>\n<p>A abertura do inqu\u00e9rito contra Fl\u00e1vio Bolsonaro ocorre num momento de defini\u00e7\u00e3o das candidaturas \u00e0 Presid\u00eancia para a elei\u00e7\u00e3o de outubro. O senador foi escolhido pelo pai, o ex-presidente Jair Bolsonaro, que foi declarado ineleg\u00edvel pela Justi\u00e7a Eleitoral, como representante da fam\u00edlia na corrida presidencial.\u00a0<\/p>\n","protected":false},"excerpt":{"rendered":"<p>O ministro Alexandre de Moraes, do Supremo Tribunal Federal (STF), determinou a abertura de um inqu\u00e9rito contra o senador Fl\u00e1vio Bolsonaro (PL-RJ), por supostamente ter caluniado o presidente da Rep\u00fablica, Luiz In\u00e1cio Lula da Silva. O caso remonta a uma publica\u00e7\u00e3o feita por Fl\u00e1vio na rede social X no dia 3 de janeiro, em que [&hellip;]<\/p>\n","protected":false},"author":56,"featured_media":35654,"comment_status":"open","ping_status":"open","sticky":false,"template":"","format":"standard","meta":{"site-sidebar-layout":"default","site-content-layout":"","ast-site-content-layout":"default","site-content-style":"default","site-sidebar-style":"default","ast-global-header-display":"","ast-banner-title-visibility":"","ast-main-header-display":"","ast-hfb-above-header-display":"","ast-hfb-below-header-display":"","ast-hfb-mobile-header-display":"","site-post-title":"","ast-breadcrumbs-content":"","ast-featured-img":"","footer-sml-layout":"","ast-disable-related-posts":"","theme-transparent-header-meta":"","adv-header-id-meta":"","stick-header-meta":"","header-above-stick-meta":"","header-main-stick-meta":"","header-below-stick-meta":"","astra-migrate-meta-layouts":"default","ast-page-background-enabled":"default","ast-page-background-meta":{"desktop":{"background-color":"var(--ast-global-color-4)","background-image":"","background-repeat":"repeat","background-position":"center center","background-size":"auto","background-attachment":"scroll","background-type":"","background-media":"","overlay-type":"","overlay-color":"","overlay-opacity":"","overlay-gradient":""},"tablet":{"background-color":"","background-image":"","background-repeat":"repeat","background-position":"center center","background-size":"auto","background-attachment":"scroll","background-type":"","background-media":"","overlay-type":"","overlay-color":"","overlay-opacity":"","overlay-gradient":""},"mobile":{"background-color":"","background-image":"","background-repeat":"repeat","background-position":"center center","background-size":"auto","background-attachment":"scroll","background-type":"","background-media":"","overlay-type":"","overlay-color":"","overlay-opacity":"","overlay-gradient":""}},"ast-content-background-meta":{"desktop":{"background-color":"var(--ast-global-color-5)","background-image":"","background-repeat":"repeat","background-position":"center center","background-size":"auto","background-attachment":"scroll","background-type":"","background-media":"","overlay-type":"","overlay-color":"","overlay-opacity":"","overlay-gradient":""},"tablet":{"background-color":"var(--ast-global-color-5)","background-image":"","background-repeat":"repeat","background-position":"center center","background-size":"auto","background-attachment":"scroll","background-type":"","background-media":"","overlay-type":"","overlay-color":"","overlay-opacity":"","overlay-gradient":""},"mobile":{"background-color":"var(--ast-global-color-5)","background-image":"","background-repeat":"repeat","background-position":"center center","background-size":"auto","background-attachment":"scroll","background-type":"","background-media":"","overlay-type":"","overlay-color":"","overlay-opacity":"","overlay-gradient":""}},"footnotes":""},"categories":[3],"tags":[],"class_list":["post-35653","post","type-post","status-publish","format-standard","has-post-thumbnail","hentry","category-seguranca-e-justica"],"_links":{"self":[{"href":"https:\/\/colunadahora.com.br\/index.php?rest_route=\/wp\/v2\/posts\/35653","targetHints":{"allow":["GET"]}}],"collection":[{"href":"https:\/\/colunadahora.com.br\/index.php?rest_route=\/wp\/v2\/posts"}],"about":[{"href":"https:\/\/colunadahora.com.br\/index.php?rest_route=\/wp\/v2\/types\/post"}],"author":[{"embeddable":true,"href":"https:\/\/colunadahora.com.br\/index.php?rest_route=\/wp\/v2\/users\/56"}],"replies":[{"embeddable":true,"href":"https:\/\/colunadahora.com.br\/index.php?rest_route=%2Fwp%2Fv2%2Fcomments&post=35653"}],"version-history":[{"count":0,"href":"https:\/\/colunadahora.com.br\/index.php?rest_route=\/wp\/v2\/posts\/35653\/revisions"}],"wp:featuredmedia":[{"embeddable":true,"href":"https:\/\/colunadahora.com.br\/index.php?rest_route=\/wp\/v2\/media\/35654"}],"wp:attachment":[{"href":"https:\/\/colunadahora.com.br\/index.php?rest_route=%2Fwp%2Fv2%2Fmedia&parent=35653"}],"wp:term":[{"taxonomy":"category","embeddable":true,"href":"https:\/\/colunadahora.com.br\/index.php?rest_route=%2Fwp%2Fv2%2Fcategories&post=35653"},{"taxonomy":"post_tag","embeddable":true,"href":"https:\/\/colunadahora.com.br\/index.php?rest_route=%2Fwp%2Fv2%2Ftags&post=35653"}],"curies":[{"name":"wp","href":"https:\/\/api.w.org\/{rel}","templated":true}]}}