{"id":35413,"date":"2026-04-13T14:37:35","date_gmt":"2026-04-13T17:37:35","guid":{"rendered":"https:\/\/colunadahora.com.br\/?p=35413"},"modified":"2026-04-13T14:53:06","modified_gmt":"2026-04-13T17:53:06","slug":"coluna-da-hora-jornalista-geri-anderson-deputados-alan-queiroz-e-eyder-brasil-acertaram-em-cheio-ao-apoiar-a-festa-de-aniversario-da-perola-do-mamore","status":"publish","type":"post","link":"https:\/\/colunadahora.com.br\/?p=35413","title":{"rendered":"COLUNA DA HORA, JORNALISTA G\u00c9RI ANDERSON &#8211; DEPUTADOS ALAN QUEIROZ E EYDER BRASIL ACERTARAM EM CHEIO AO APOIAR A FESTA DE ANIVERS\u00c1RIO DA P\u00c9ROLA DO MAMOR\u00c9; VEJA AS FOTOS"},"content":{"rendered":"<p>&nbsp;<\/p>\n<p style=\"text-align: center;\"><img fetchpriority=\"high\" decoding=\"async\" class=\"alignnone wp-image-35417\" src=\"https:\/\/colunadahora.com.br\/wp-content\/uploads\/2026\/04\/MULHER-300x275.jpg\" alt=\"\" width=\"322\" height=\"295\" srcset=\"https:\/\/colunadahora.com.br\/wp-content\/uploads\/2026\/04\/MULHER-300x275.jpg 300w, https:\/\/colunadahora.com.br\/wp-content\/uploads\/2026\/04\/MULHER-159x146.jpg 159w, https:\/\/colunadahora.com.br\/wp-content\/uploads\/2026\/04\/MULHER-600x549.jpg 600w, https:\/\/colunadahora.com.br\/wp-content\/uploads\/2026\/04\/MULHER.jpg 640w\" sizes=\"(max-width: 322px) 100vw, 322px\" \/> <img decoding=\"async\" class=\"alignnone wp-image-35418\" src=\"https:\/\/colunadahora.com.br\/wp-content\/uploads\/2026\/04\/alanqueiroz1-300x228.jpg\" alt=\"\" width=\"377\" height=\"287\" srcset=\"https:\/\/colunadahora.com.br\/wp-content\/uploads\/2026\/04\/alanqueiroz1-300x228.jpg 300w, https:\/\/colunadahora.com.br\/wp-content\/uploads\/2026\/04\/alanqueiroz1-192x146.jpg 192w, https:\/\/colunadahora.com.br\/wp-content\/uploads\/2026\/04\/alanqueiroz1-600x455.jpg 600w, https:\/\/colunadahora.com.br\/wp-content\/uploads\/2026\/04\/alanqueiroz1.jpg 650w\" sizes=\"(max-width: 377px) 100vw, 377px\" \/><\/p>\n<p>&nbsp;<\/p>\n<p style=\"text-align: center;\"><img decoding=\"async\" class=\"alignnone wp-image-35424\" src=\"https:\/\/colunadahora.com.br\/wp-content\/uploads\/2026\/04\/GUAJA-300x172.jpg\" alt=\"\" width=\"515\" height=\"295\" srcset=\"https:\/\/colunadahora.com.br\/wp-content\/uploads\/2026\/04\/GUAJA-300x172.jpg 300w, https:\/\/colunadahora.com.br\/wp-content\/uploads\/2026\/04\/GUAJA-255x146.jpg 255w, https:\/\/colunadahora.com.br\/wp-content\/uploads\/2026\/04\/GUAJA.jpg 595w\" sizes=\"(max-width: 515px) 100vw, 515px\" \/><\/p>\n<p>&nbsp;<\/p>\n<p><span data-subtree=\"aimfl\" data-processed=\"true\">Os deputados estaduais <\/span>Alan Queiroz e Eyder Brasil apoiaram as comemora\u00e7\u00f5es do 97\u00ba anivers\u00e1rio de Guajar\u00e1-Mirim, celebrado no \u00faltimo dia 10 de abril, por meio da destina\u00e7\u00e3o de emendas parlamentares. Mais de 15 mil pessoas lotaram o Bumb\u00f3dromo para prestigiar um dos maiores eventos j\u00e1 realizados na cidade. J\u00e1 que a popula\u00e7\u00e3o compareceu em massa, atraiu figuras ilustres e &#8220;personas non gratas&#8221; na fronteira entre o Brasil e Bol\u00edvia.<\/p>\n<p><strong>FAMOSOS DA POL\u00cdTICA<\/strong><\/p>\n<p>Entre os famosos locais estavam os pol\u00edticos em busca de votos, Marcos Rog\u00e9rio, Adailton F\u00faria e Silvia Cristina, os dois pr\u00e9-candidatos a governador e a pr\u00e9-candidata a senadora, distribu\u00edram simpatia, abra\u00e7os e apertos de m\u00e3o. Entre as personas non gratas, o departamento jur\u00eddico do PORTAL COLUNA DA HORA achou melhor n\u00e3o mencionar os nomes.<\/p>\n<p><strong>DEPUTADO 1<\/strong><\/p>\n<p><span class=\"T286Pc\" data-sfc-cp=\"\" data-sfc-root=\"c\" data-sfc-cb=\"\" data-complete=\"true\">Alan Queiroz destinou uma emenda parlamentar de R$ 450 mil para a realiza\u00e7\u00e3o do show nacional da cantora de forr\u00f3, Juliana Bonde, no encerramento do evento<\/span><span class=\"T286Pc\" data-sfc-cp=\"\" data-sfc-root=\"c\" data-sfc-cb=\"\" data-complete=\"true\"> de anivers\u00e1rio da cidade. O recurso, solicitado pelos vereadores Davino Serrath e Elias Crispim, al\u00e9m de abrilhantar a festa popular, fortaleceu o turismo, a cultura e a economia local.<\/span><\/p>\n<p><strong>DEPUTADO 2<\/strong><\/p>\n<p><span class=\"T286Pc\" data-sfc-cp=\"\" data-sfc-root=\"c\" data-sfc-cb=\"\" data-complete=\"true\" aria-owns=\"action-menu-parent-container\">Eyder Brasil apoiou especificamente a Feira Empreendedora de Guajar\u00e1 \u2013 97 anos, realizada entre quinta-feira e s\u00e1bado (9 e 11 de abril). Sua emenda parlamentar foi utilizada para coordenar e estruturar o evento, que contemplou a valoriza\u00e7\u00e3o de produtores locais e talentos da cidade.<\/span><\/p>\n<p>&nbsp;<\/p>\n<p style=\"text-align: center;\"><img loading=\"lazy\" decoding=\"async\" class=\"alignnone wp-image-35422\" src=\"https:\/\/colunadahora.com.br\/wp-content\/uploads\/2026\/04\/guajaraniver-300x188.jpg\" alt=\"\" width=\"460\" height=\"288\" srcset=\"https:\/\/colunadahora.com.br\/wp-content\/uploads\/2026\/04\/guajaraniver-300x188.jpg 300w, https:\/\/colunadahora.com.br\/wp-content\/uploads\/2026\/04\/guajaraniver-1024x640.jpg 1024w, https:\/\/colunadahora.com.br\/wp-content\/uploads\/2026\/04\/guajaraniver-768x480.jpg 768w, https:\/\/colunadahora.com.br\/wp-content\/uploads\/2026\/04\/guajaraniver-234x146.jpg 234w, https:\/\/colunadahora.com.br\/wp-content\/uploads\/2026\/04\/guajaraniver-600x375.jpg 600w, https:\/\/colunadahora.com.br\/wp-content\/uploads\/2026\/04\/guajaraniver.jpg 1080w\" sizes=\"(max-width: 460px) 100vw, 460px\" \/><\/p>\n<div data-sfc-cp=\"\" data-sfc-root=\"c\" data-sfc-cb=\"\" data-hveid=\"CAUQAA\" data-processed=\"true\" data-complete=\"true\"><\/div>\n<div class=\"Y3BBE\" data-sfc-cp=\"\" data-sfc-root=\"c\" data-sfc-cb=\"\" data-hveid=\"CAUQAA\" data-processed=\"true\" data-complete=\"true\"><strong class=\"Yjhzub\" data-sfc-root=\"c\" data-sfc-cb=\"\" data-complete=\"true\" data-processed=\"true\">PROGRAMA\u00c7\u00c3O<\/strong><\/div>\n<div data-sfc-cp=\"\" data-sfc-root=\"c\" data-sfc-cb=\"\" data-hveid=\"CAUQAA\" data-processed=\"true\" data-complete=\"true\"><\/div>\n<div class=\"Y3BBE\" data-sfc-cp=\"\" data-sfc-root=\"c\" data-sfc-cb=\"\" data-hveid=\"CAUQAA\" data-processed=\"true\" data-complete=\"true\"><span class=\"T286Pc\" data-sfc-cp=\"\" data-sfc-root=\"c\" data-sfc-cb=\"\" data-complete=\"true\">O evento foi realizado no Bumb\u00f3dromo M\u00e1rcio Paz Menacho e, al\u00e9m do show nacional da ex-vocalista da banda Bonde do forr\u00f3, Juliana, teve ainda o c<\/span><span class=\"T286Pc\" data-sfc-cp=\"\" data-sfc-root=\"c\" data-sfc-cb=\"\" data-complete=\"true\" aria-owns=\"action-menu-parent-container\">orte do bolo tradicional de anivers\u00e1rio, apresenta\u00e7\u00f5es culturais, feira de gastronomia e artesanato regional.<\/span><\/div>\n<div data-sfc-cp=\"\" data-sfc-root=\"c\" data-sfc-cb=\"\" data-hveid=\"CAUQAA\" data-processed=\"true\" data-complete=\"true\"><\/div>\n<div class=\"Y3BBE\" data-sfc-cp=\"\" data-sfc-root=\"c\" data-sfc-cb=\"\" data-hveid=\"CAUQAA\" data-processed=\"true\" data-complete=\"true\"><strong>DJ MALUCO VOLTOU<\/strong><\/div>\n<div data-sfc-cp=\"\" data-sfc-root=\"c\" data-sfc-cb=\"\" data-hveid=\"CAUQAA\" data-processed=\"true\" data-complete=\"true\"><\/div>\n<div data-sfc-cp=\"\" data-sfc-root=\"c\" data-sfc-cb=\"\" data-hveid=\"CAUQAA\" data-processed=\"true\" data-complete=\"true\">A noite tamb\u00e9m foi marcada pelo retorno eletrizante de DJ Maluco, que trouxe um set nost\u00e1lgico repleto de hits, fazendo o p\u00fablico voltar no tempo. E para completar essa mega programa\u00e7\u00e3o, o Bonde do Arrocha garantiu o ritmo e a anima\u00e7\u00e3o at\u00e9 o \u00faltimo minuto.<\/div>\n<div data-sfc-cp=\"\" data-sfc-root=\"c\" data-sfc-cb=\"\" data-hveid=\"CAUQAA\" data-processed=\"true\" data-complete=\"true\"><\/div>\n<div style=\"text-align: center;\" data-sfc-cp=\"\" data-sfc-root=\"c\" data-sfc-cb=\"\" data-hveid=\"CAUQAA\" data-processed=\"true\" data-complete=\"true\"><img loading=\"lazy\" decoding=\"async\" class=\"alignnone wp-image-35423\" src=\"https:\/\/colunadahora.com.br\/wp-content\/uploads\/2026\/04\/guajaraniver2-240x300.jpg\" alt=\"\" width=\"331\" height=\"414\" srcset=\"https:\/\/colunadahora.com.br\/wp-content\/uploads\/2026\/04\/guajaraniver2-240x300.jpg 240w, https:\/\/colunadahora.com.br\/wp-content\/uploads\/2026\/04\/guajaraniver2-819x1024.jpg 819w, https:\/\/colunadahora.com.br\/wp-content\/uploads\/2026\/04\/guajaraniver2-768x961.jpg 768w, https:\/\/colunadahora.com.br\/wp-content\/uploads\/2026\/04\/guajaraniver2-1228x1536.jpg 1228w, https:\/\/colunadahora.com.br\/wp-content\/uploads\/2026\/04\/guajaraniver2-117x146.jpg 117w, https:\/\/colunadahora.com.br\/wp-content\/uploads\/2026\/04\/guajaraniver2-600x751.jpg 600w, https:\/\/colunadahora.com.br\/wp-content\/uploads\/2026\/04\/guajaraniver2.jpg 1279w\" sizes=\"(max-width: 331px) 100vw, 331px\" \/><\/div>\n<div data-sfc-cp=\"\" data-sfc-root=\"c\" data-sfc-cb=\"\" data-hveid=\"CAUQAA\" data-processed=\"true\" data-complete=\"true\"><\/div>\n<div data-sfc-cp=\"\" data-sfc-root=\"c\" data-sfc-cb=\"\" data-hveid=\"CAUQAA\" data-processed=\"true\" data-complete=\"true\"><\/div>\n<div data-sfc-cp=\"\" data-sfc-root=\"c\" data-sfc-cb=\"\" data-hveid=\"CAUQAA\" data-processed=\"true\" data-complete=\"true\"><strong>POL\u00caMICA<\/strong><\/div>\n<div data-sfc-cp=\"\" data-sfc-root=\"c\" data-sfc-cb=\"\" data-hveid=\"CAUQAA\" data-processed=\"true\" data-complete=\"true\"><\/div>\n<div data-sfc-cp=\"\" data-sfc-root=\"c\" data-sfc-cb=\"\" data-hveid=\"CAUQAA\" data-processed=\"true\" data-complete=\"true\">A destina\u00e7\u00e3o do recurso para o show com atra\u00e7\u00e3o nacional gerou debates nas redes sociais e na m\u00eddia local, dividindo opini\u00f5es entre o incentivo \u00e0 cultura\/com\u00e9rcio e o questionamento sobre as prioridades dos investimentos p\u00fablicos.<\/div>\n<div data-sfc-cp=\"\" data-sfc-root=\"c\" data-sfc-cb=\"\" data-hveid=\"CAUQAA\" data-processed=\"true\" data-complete=\"true\"><\/div>\n<div style=\"text-align: center;\" data-sfc-cp=\"\" data-sfc-root=\"c\" data-sfc-cb=\"\" data-hveid=\"CAUQAA\" data-processed=\"true\" data-complete=\"true\"><img loading=\"lazy\" decoding=\"async\" class=\"alignnone wp-image-35425\" src=\"https:\/\/colunadahora.com.br\/wp-content\/uploads\/2026\/04\/GUAJA1-300x236.jpg\" alt=\"\" width=\"444\" height=\"349\" srcset=\"https:\/\/colunadahora.com.br\/wp-content\/uploads\/2026\/04\/GUAJA1-300x236.jpg 300w, https:\/\/colunadahora.com.br\/wp-content\/uploads\/2026\/04\/GUAJA1-186x146.jpg 186w, https:\/\/colunadahora.com.br\/wp-content\/uploads\/2026\/04\/GUAJA1.jpg 585w\" sizes=\"(max-width: 444px) 100vw, 444px\" \/><\/div>\n<div data-sfc-cp=\"\" data-sfc-root=\"c\" data-sfc-cb=\"\" data-hveid=\"CAUQAA\" data-processed=\"true\" data-complete=\"true\"><\/div>\n<div data-sfc-cp=\"\" data-sfc-root=\"c\" data-sfc-cb=\"\" data-hveid=\"CAUQAA\" data-processed=\"true\" data-complete=\"true\"><strong>A POPULA\u00c7\u00c3O PARTICIPOU E LUCROU<\/strong><\/div>\n<div data-sfc-cp=\"\" data-sfc-root=\"c\" data-sfc-cb=\"\" data-hveid=\"CAUQAA\" data-processed=\"true\" data-complete=\"true\"><\/div>\n<div data-sfc-cp=\"\" data-sfc-root=\"c\" data-sfc-cb=\"\" data-hveid=\"CAUQAA\" data-processed=\"true\" data-complete=\"true\">Quem n\u00e3o reclamou nem um pouco foi a popula\u00e7\u00e3o da cidade de Guajar\u00e1-Mirim, a maior interessada, j\u00e1 que o festejo proporcionou fomento ao com\u00e9rcio, impulsionou bares, restaurantes e hot\u00e9is, al\u00e9m de fazer girar a economia informal, coisa muito rara naquela regi\u00e3o, exatamente pela falta de turistas e incentivos com atrativos culturais, principalmente de n\u00edvel nacional.<\/div>\n<div data-sfc-cp=\"\" data-sfc-root=\"c\" data-sfc-cb=\"\" data-hveid=\"CAUQAA\" data-processed=\"true\" data-complete=\"true\"><\/div>\n<div data-sfc-cp=\"\" data-sfc-root=\"c\" data-sfc-cb=\"\" data-hveid=\"CAUQAA\" data-processed=\"true\" data-complete=\"true\"><strong>ALAN QUEIROZ<\/strong><\/div>\n<div data-sfc-cp=\"\" data-sfc-root=\"c\" data-sfc-cb=\"\" data-hveid=\"CAUQAA\" data-processed=\"true\" data-complete=\"true\"><\/div>\n<div data-sfc-cp=\"\" data-sfc-root=\"c\" data-sfc-cb=\"\" data-hveid=\"CAUQAA\" data-processed=\"true\" data-complete=\"true\">O deputado Allan Queiroz acertou em cheio ao destinar recursos que viabilizaram a grande festa de anivers\u00e1rio da P\u00e9rola do Mamor\u00e9, que est\u00e1 quase completando 100 anos de exist\u00eancia. Ali\u00e1s, o deputado sempre que pode ajuda a popula\u00e7\u00e3o com emendas que proporcionam cultura, educa\u00e7\u00e3o e sa\u00fade. \u00c9 s\u00f3 perguntar para os vereadores mencionados na coluna de hoje e para os organizadores do Duelo na Fronteira, maior evento cultural da regi\u00e3o.<\/div>\n<div data-sfc-cp=\"\" data-sfc-root=\"c\" data-sfc-cb=\"\" data-hveid=\"CAUQAA\" data-processed=\"true\" data-complete=\"true\"><\/div>\n<div style=\"text-align: center;\" data-sfc-cp=\"\" data-sfc-root=\"c\" data-sfc-cb=\"\" data-hveid=\"CAUQAA\" data-processed=\"true\" data-complete=\"true\"><strong>COLUNA DA HORA &#8211; JORNALISTA G\u00c9RI ANDERSON<\/strong><\/div>\n","protected":false},"excerpt":{"rendered":"<p>&nbsp; &nbsp; &nbsp; Os deputados estaduais Alan Queiroz e Eyder Brasil apoiaram as comemora\u00e7\u00f5es do 97\u00ba anivers\u00e1rio de Guajar\u00e1-Mirim, celebrado no \u00faltimo dia 10 de abril, por meio da destina\u00e7\u00e3o de emendas parlamentares. Mais de 15 mil pessoas lotaram o Bumb\u00f3dromo para prestigiar um dos maiores eventos j\u00e1 realizados na cidade. J\u00e1 que a popula\u00e7\u00e3o [&hellip;]<\/p>\n","protected":false},"author":1,"featured_media":35421,"comment_status":"open","ping_status":"closed","sticky":false,"template":"","format":"standard","meta":{"site-sidebar-layout":"default","site-content-layout":"","ast-site-content-layout":"default","site-content-style":"default","site-sidebar-style":"default","ast-global-header-display":"","ast-banner-title-visibility":"","ast-main-header-display":"","ast-hfb-above-header-display":"","ast-hfb-below-header-display":"","ast-hfb-mobile-header-display":"","site-post-title":"","ast-breadcrumbs-content":"","ast-featured-img":"","footer-sml-layout":"","ast-disable-related-posts":"","theme-transparent-header-meta":"default","adv-header-id-meta":"","stick-header-meta":"","header-above-stick-meta":"","header-main-stick-meta":"","header-below-stick-meta":"","astra-migrate-meta-layouts":"set","ast-page-background-enabled":"default","ast-page-background-meta":{"desktop":{"background-color":"var(--ast-global-color-4)","background-image":"","background-repeat":"repeat","background-position":"center center","background-size":"auto","background-attachment":"scroll","background-type":"","background-media":"","overlay-type":"","overlay-color":"","overlay-opacity":"","overlay-gradient":""},"tablet":{"background-color":"","background-image":"","background-repeat":"repeat","background-position":"center center","background-size":"auto","background-attachment":"scroll","background-type":"","background-media":"","overlay-type":"","overlay-color":"","overlay-opacity":"","overlay-gradient":""},"mobile":{"background-color":"","background-image":"","background-repeat":"repeat","background-position":"center center","background-size":"auto","background-attachment":"scroll","background-type":"","background-media":"","overlay-type":"","overlay-color":"","overlay-opacity":"","overlay-gradient":""}},"ast-content-background-meta":{"desktop":{"background-color":"var(--ast-global-color-5)","background-image":"","background-repeat":"repeat","background-position":"center center","background-size":"auto","background-attachment":"scroll","background-type":"","background-media":"","overlay-type":"","overlay-color":"","overlay-opacity":"","overlay-gradient":""},"tablet":{"background-color":"var(--ast-global-color-5)","background-image":"","background-repeat":"repeat","background-position":"center center","background-size":"auto","background-attachment":"scroll","background-type":"","background-media":"","overlay-type":"","overlay-color":"","overlay-opacity":"","overlay-gradient":""},"mobile":{"background-color":"var(--ast-global-color-5)","background-image":"","background-repeat":"repeat","background-position":"center center","background-size":"auto","background-attachment":"scroll","background-type":"","background-media":"","overlay-type":"","overlay-color":"","overlay-opacity":"","overlay-gradient":""}},"footnotes":""},"categories":[5,46,4],"tags":[],"class_list":["post-35413","post","type-post","status-publish","format-standard","has-post-thumbnail","hentry","category-cultura-e-entretenimento","category-destaques-da-hora","category-politica"],"_links":{"self":[{"href":"https:\/\/colunadahora.com.br\/index.php?rest_route=\/wp\/v2\/posts\/35413","targetHints":{"allow":["GET"]}}],"collection":[{"href":"https:\/\/colunadahora.com.br\/index.php?rest_route=\/wp\/v2\/posts"}],"about":[{"href":"https:\/\/colunadahora.com.br\/index.php?rest_route=\/wp\/v2\/types\/post"}],"author":[{"embeddable":true,"href":"https:\/\/colunadahora.com.br\/index.php?rest_route=\/wp\/v2\/users\/1"}],"replies":[{"embeddable":true,"href":"https:\/\/colunadahora.com.br\/index.php?rest_route=%2Fwp%2Fv2%2Fcomments&post=35413"}],"version-history":[{"count":4,"href":"https:\/\/colunadahora.com.br\/index.php?rest_route=\/wp\/v2\/posts\/35413\/revisions"}],"predecessor-version":[{"id":35427,"href":"https:\/\/colunadahora.com.br\/index.php?rest_route=\/wp\/v2\/posts\/35413\/revisions\/35427"}],"wp:featuredmedia":[{"embeddable":true,"href":"https:\/\/colunadahora.com.br\/index.php?rest_route=\/wp\/v2\/media\/35421"}],"wp:attachment":[{"href":"https:\/\/colunadahora.com.br\/index.php?rest_route=%2Fwp%2Fv2%2Fmedia&parent=35413"}],"wp:term":[{"taxonomy":"category","embeddable":true,"href":"https:\/\/colunadahora.com.br\/index.php?rest_route=%2Fwp%2Fv2%2Fcategories&post=35413"},{"taxonomy":"post_tag","embeddable":true,"href":"https:\/\/colunadahora.com.br\/index.php?rest_route=%2Fwp%2Fv2%2Ftags&post=35413"}],"curies":[{"name":"wp","href":"https:\/\/api.w.org\/{rel}","templated":true}]}}