{"id":19894,"date":"2025-10-03T23:01:35","date_gmt":"2025-10-04T02:01:35","guid":{"rendered":"https:\/\/colunadahora.com.br\/?p=19894"},"modified":"2025-10-03T23:01:35","modified_gmt":"2025-10-04T02:01:35","slug":"entidades-pedem-maior-protagonismo-do-conhecimento-cientifico-na-cop30","status":"publish","type":"post","link":"https:\/\/colunadahora.com.br\/?p=19894","title":{"rendered":"Entidades pedem maior protagonismo do conhecimento cient\u00edfico na COP30"},"content":{"rendered":"<p>Mais protagonismo e poder de decis\u00e3o do conhecimento cient\u00edfico durante a 30\u00aa Confer\u00eancia das Na\u00e7\u00f5es Unidas sobre Mudan\u00e7a do Clima (COP30), que acontecer\u00e1 em Bel\u00e9m, no Par\u00e1, de 10 a 21 de novembro. O apelo foi feito por representantes da sociedade civil e de \u00f3rg\u00e3os de governo que participaram de um encontro, nesta sexta-feira (3), para tra\u00e7ar estrat\u00e9gias de como a ci\u00eancia ser\u00e1 representada na Confer\u00eancia.<img decoding=\"async\" src=\"https:\/\/agenciabrasil.ebc.com.br\/ebc.png?id=1661360&#038;o=rss\"><img decoding=\"async\" src=\"https:\/\/agenciabrasil.ebc.com.br\/ebc.gif?id=1661360&#038;o=rss\"><\/p>\n<p>Entre os presentes estavam a Academia Brasileira de Ci\u00eancias (ABC) e a Sociedade Brasileira para o Progresso da Ci\u00eancia (SBPC), al\u00e9m da Financiadora de Estudos e Projetos (Finep), vinculada ao Minist\u00e9rio da Ci\u00eancia, Tecnologia, Inova\u00e7\u00f5es e Comunica\u00e7\u00f5es.<\/p>\n<p>A reuni\u00e3o aconteceu na sede da Finep, no Rio de Janeiro. Delega\u00e7\u00f5es governamentais e organiza\u00e7\u00f5es da sociedade civil de todo o planeta s\u00e3o esperadas na\u00a0COP30 para buscar solu\u00e7\u00f5es para o aquecimento global e a mudan\u00e7a clim\u00e1tica.\u00a0<\/p>\n<p>O presidente da Finep, Luiz Antonio Elias, fala da import\u00e2ncia do evento desta sexta-feira e do papel estrat\u00e9gico do Brasil no enfrentamento do aquecimento global.<\/p>\n<blockquote>\n<p>\u201cTemas sens\u00edveis, que ser\u00e3o o futuro n\u00e3o s\u00f3 do planeta, mas do Brasil. Portanto, dar a envergadura que estamos trazendo, com toda a nata da ci\u00eancia que discute essa tem\u00e1tica, institui\u00e7\u00f5es, unidades de pesquisa do minist\u00e9rio e olhar do futuro, isso \u00e9 fundamental para que tenhamos pol\u00edticas p\u00fablicas mais efetivas, olhando impactos da mudan\u00e7a clim\u00e1tica, fazendo uma transi\u00e7\u00e3o ecol\u00f3gica efetiva e colocando a capacidade da nossa biodiversidade e dos biomas brasileiros a servi\u00e7o da sociedade brasileira\u201d.\u00a0<\/p>\n<\/blockquote>\n<p>Luiz Antonio Elias destacou, ainda, que a Finep tem apoiado a agenda atrav\u00e9s de financiamento e projetos de energias renov\u00e1veis, redes inteligentes, armazenamento de energia, hidrog\u00eanio verde e efici\u00eancia energ\u00e9tica.<\/p>\n<p>A urg\u00eancia clim\u00e1tica tamb\u00e9m foi enfatizada pelo pesquisador Carlos Nobre, do Instituto de Estudos Avan\u00e7ados da Universidade de S\u00e3o Paulo (IEA-USP). Segundo ele, o planeta se aproxima de um \u201cponto de n\u00e3o retorno\u201d provocado pelo aquecimento global. Ele citou o desmatamento da Amaz\u00f4nia como um dos maiores lan\u00e7adores de g\u00e1s carb\u00f4nico \u00e0 atmosfera.<\/p>\n<p><em>*Com informa\u00e7\u00f5es da Ag\u00eancia Brasil<\/em><\/p>\n<p>  <span class=\"hms hms-format-m-ss\">2:46<\/span><\/p>\n","protected":false},"excerpt":{"rendered":"<p>Mais protagonismo e poder de decis\u00e3o do conhecimento cient\u00edfico durante a 30\u00aa Confer\u00eancia das Na\u00e7\u00f5es Unidas sobre Mudan\u00e7a do Clima (COP30), que acontecer\u00e1 em Bel\u00e9m, no Par\u00e1, de 10 a 21 de novembro. O apelo foi feito por representantes da sociedade civil e de \u00f3rg\u00e3os de governo que participaram de um encontro, nesta sexta-feira (3), [&hellip;]<\/p>\n","protected":false},"author":204,"featured_media":19895,"comment_status":"open","ping_status":"open","sticky":false,"template":"","format":"standard","meta":{"site-sidebar-layout":"default","site-content-layout":"","ast-site-content-layout":"default","site-content-style":"default","site-sidebar-style":"default","ast-global-header-display":"","ast-banner-title-visibility":"","ast-main-header-display":"","ast-hfb-above-header-display":"","ast-hfb-below-header-display":"","ast-hfb-mobile-header-display":"","site-post-title":"","ast-breadcrumbs-content":"","ast-featured-img":"","footer-sml-layout":"","ast-disable-related-posts":"","theme-transparent-header-meta":"","adv-header-id-meta":"","stick-header-meta":"","header-above-stick-meta":"","header-main-stick-meta":"","header-below-stick-meta":"","astra-migrate-meta-layouts":"default","ast-page-background-enabled":"default","ast-page-background-meta":{"desktop":{"background-color":"var(--ast-global-color-4)","background-image":"","background-repeat":"repeat","background-position":"center center","background-size":"auto","background-attachment":"scroll","background-type":"","background-media":"","overlay-type":"","overlay-color":"","overlay-opacity":"","overlay-gradient":""},"tablet":{"background-color":"","background-image":"","background-repeat":"repeat","background-position":"center center","background-size":"auto","background-attachment":"scroll","background-type":"","background-media":"","overlay-type":"","overlay-color":"","overlay-opacity":"","overlay-gradient":""},"mobile":{"background-color":"","background-image":"","background-repeat":"repeat","background-position":"center center","background-size":"auto","background-attachment":"scroll","background-type":"","background-media":"","overlay-type":"","overlay-color":"","overlay-opacity":"","overlay-gradient":""}},"ast-content-background-meta":{"desktop":{"background-color":"var(--ast-global-color-5)","background-image":"","background-repeat":"repeat","background-position":"center center","background-size":"auto","background-attachment":"scroll","background-type":"","background-media":"","overlay-type":"","overlay-color":"","overlay-opacity":"","overlay-gradient":""},"tablet":{"background-color":"var(--ast-global-color-5)","background-image":"","background-repeat":"repeat","background-position":"center center","background-size":"auto","background-attachment":"scroll","background-type":"","background-media":"","overlay-type":"","overlay-color":"","overlay-opacity":"","overlay-gradient":""},"mobile":{"background-color":"var(--ast-global-color-5)","background-image":"","background-repeat":"repeat","background-position":"center center","background-size":"auto","background-attachment":"scroll","background-type":"","background-media":"","overlay-type":"","overlay-color":"","overlay-opacity":"","overlay-gradient":""}},"footnotes":""},"categories":[6],"tags":[],"class_list":["post-19894","post","type-post","status-publish","format-standard","has-post-thumbnail","hentry","category-meio-ambiente-e-sustentabilidade"],"_links":{"self":[{"href":"https:\/\/colunadahora.com.br\/index.php?rest_route=\/wp\/v2\/posts\/19894","targetHints":{"allow":["GET"]}}],"collection":[{"href":"https:\/\/colunadahora.com.br\/index.php?rest_route=\/wp\/v2\/posts"}],"about":[{"href":"https:\/\/colunadahora.com.br\/index.php?rest_route=\/wp\/v2\/types\/post"}],"author":[{"embeddable":true,"href":"https:\/\/colunadahora.com.br\/index.php?rest_route=\/wp\/v2\/users\/204"}],"replies":[{"embeddable":true,"href":"https:\/\/colunadahora.com.br\/index.php?rest_route=%2Fwp%2Fv2%2Fcomments&post=19894"}],"version-history":[{"count":0,"href":"https:\/\/colunadahora.com.br\/index.php?rest_route=\/wp\/v2\/posts\/19894\/revisions"}],"wp:featuredmedia":[{"embeddable":true,"href":"https:\/\/colunadahora.com.br\/index.php?rest_route=\/wp\/v2\/media\/19895"}],"wp:attachment":[{"href":"https:\/\/colunadahora.com.br\/index.php?rest_route=%2Fwp%2Fv2%2Fmedia&parent=19894"}],"wp:term":[{"taxonomy":"category","embeddable":true,"href":"https:\/\/colunadahora.com.br\/index.php?rest_route=%2Fwp%2Fv2%2Fcategories&post=19894"},{"taxonomy":"post_tag","embeddable":true,"href":"https:\/\/colunadahora.com.br\/index.php?rest_route=%2Fwp%2Fv2%2Ftags&post=19894"}],"curies":[{"name":"wp","href":"https:\/\/api.w.org\/{rel}","templated":true}]}}