{"id":19824,"date":"2025-10-03T09:02:07","date_gmt":"2025-10-03T12:02:07","guid":{"rendered":"https:\/\/colunadahora.com.br\/?p=19824"},"modified":"2025-10-03T09:02:07","modified_gmt":"2025-10-03T12:02:07","slug":"sus-fara-cirurgia-de-cancer-de-prostata-por-robo","status":"publish","type":"post","link":"https:\/\/colunadahora.com.br\/?p=19824","title":{"rendered":"SUS far\u00e1 cirurgia de c\u00e2ncer de pr\u00f3stata por rob\u00f4"},"content":{"rendered":"<\/p>\n<p><a class=\"\" href=\"https:\/\/agenciabrasil.ebc.com.br\/saude\/noticia\/2025-10\/sus-fara-cirurgia-de-cancer-de-prostata-por-robo\"><br \/>\n                    <img decoding=\"async\" src=\"https:\/\/cdn.jsdelivr.net\/gh\/sergiosdlima\/assets-ebc@1.0.0\/abr\/assets\/images\/logo-agenciabrasil.svg\" alt=\"Logo Ag\u00eancia Brasil\"><br \/>\n\t\t\t\t<\/a><\/p>\n<p>O Minist\u00e9rio da Sa\u00fade, por meio\u00a0de portaria da Secretaria de Ci\u00eancia, Tecnologia e Inova\u00e7\u00e3o e do Complexo Econ\u00f4mico Industrial da Sa\u00fade (Sectics), incorporou no \u00e2mbito do Sistema \u00danico de Sa\u00fade (SUS) a prostatectomia radical assistida por rob\u00f4 para o tratamento de pacientes com c\u00e2ncer de pr\u00f3stata clinicamente avan\u00e7ado.<img decoding=\"async\" src=\"https:\/\/agenciabrasil.ebc.com.br\/ebc.png?id=1661251&#038;o=rss\"><img decoding=\"async\" src=\"https:\/\/agenciabrasil.ebc.com.br\/ebc.gif?id=1661251&#038;o=rss\"><\/p>\n<p><strong>A prostatectomia radical\u00a0\u00e9 uma cirurgia para remover a pr\u00f3stata e as ves\u00edculas seminais, sendo um tratamento curativo para o c\u00e2ncer de pr\u00f3stata, principalmente em est\u00e1gios iniciais.\u00a0Nesse procedimento, a pr\u00f3stata \u00e9 removida completamente, juntamente com os tecidos ao seu redor, como as ves\u00edculas seminais e, em alguns casos, os linfonodos p\u00e9lvicos, para eliminar o tumor e reduzir o risco de recorr\u00eancia.<\/strong><\/p>\n<\/p>\n<h3>Not\u00edcias relacionadas:<\/h3>\n<ul>\n<li><a href=\"https:\/\/agenciabrasil.ebc.com.br\/saude\/noticia\/2025-09\/campanha-pede-inclusao-de-medicamentos-para-obesidade-no-sus\">Campanha pede inclus\u00e3o de medicamentos para obesidade no SUS.<\/a><\/li>\n<li><a href=\"https:\/\/agenciabrasil.ebc.com.br\/saude\/noticia\/2025-09\/ans-inclui-lupus-no-rol-de-coberturas-obrigatorias-de-planos-de-saude\">ANS inclui medicamentos\u00a0para l\u00fapus no rol de coberturas obrigat\u00f3rias.<\/a><\/li>\n<li><a href=\"https:\/\/agenciabrasil.ebc.com.br\/saude\/noticia\/2025-09\/anvisa-proibe-venda-de-cafe-torrado-whey-e-suplementos-veja-marcas\">Anvisa pro\u00edbe venda de caf\u00e9 torrado, whey e suplementos; veja marcas.<\/a><\/li>\n<\/ul>\n<p>De acordo com a portaria, as \u00e1reas t\u00e9cnicas ter\u00e3o o prazo m\u00e1ximo de 180 dias para efetivar a oferta no SUS. Dever\u00e1 constar tamb\u00e9m o relat\u00f3rio de recomenda\u00e7\u00e3o da Comiss\u00e3o Nacional de Incorpora\u00e7\u00e3o de Tecnologias no Sistema \u00danico de Sa\u00fade (Conitec) sobre essa tecnologia.<\/p>\n<p><strong>A Conitec aprovou, em parecer final, a incorpora\u00e7\u00e3o da prostatectomia radical rob\u00f3tica para pacientes com c\u00e2ncer de pr\u00f3stata clinicamente localizado ou localmente avan\u00e7ado.<\/strong><\/p>\n<blockquote>\n<p>&#8220;Reconhecemos que h\u00e1 um esfor\u00e7o por parte da equipe t\u00e9cnica em promover equidade no tratamento e assegurar que mais pacientes possam se beneficiar dos melhores cuidados dispon\u00edveis\u201d, disse\u00a0o presidente da Sociedade Brasileira de Cirurgia Oncol\u00f3gica (SBCO), Rodrigo Nascimento Pinheiro.<\/p>\n<\/blockquote>\n<p><strong>Pinheiro explicou\u00a0que \u201cos pr\u00f3ximos passos para que a cirurgia rob\u00f3tica esteja amplamente dispon\u00edvel nos hospitais conveniados ao SUS incluem a defini\u00e7\u00e3o de protocolos, de centros de refer\u00eancia e treinamento das equipes com\u00a0foco na garantia de seguran\u00e7a e qualidade dos procedimentos<\/strong>. Segundo ele, a t\u00e9cnica rob\u00f3tica tem mostrado sua efic\u00e1cia na forma\u00e7\u00e3o de novos profissionais, reduzindo a curva de aprendizado\u00a0ao permitir treinamentos em ambientes controlados e supervisionados.<\/p>\n","protected":false},"excerpt":{"rendered":"<p>O Minist\u00e9rio da Sa\u00fade, por meio\u00a0de portaria da Secretaria de Ci\u00eancia, Tecnologia e Inova\u00e7\u00e3o e do Complexo Econ\u00f4mico Industrial da Sa\u00fade (Sectics), incorporou no \u00e2mbito do Sistema \u00danico de Sa\u00fade (SUS) a prostatectomia radical assistida por rob\u00f4 para o tratamento de pacientes com c\u00e2ncer de pr\u00f3stata clinicamente avan\u00e7ado. A prostatectomia radical\u00a0\u00e9 uma cirurgia para remover [&hellip;]<\/p>\n","protected":false},"author":31,"featured_media":19825,"comment_status":"open","ping_status":"open","sticky":false,"template":"","format":"standard","meta":{"site-sidebar-layout":"default","site-content-layout":"","ast-site-content-layout":"default","site-content-style":"default","site-sidebar-style":"default","ast-global-header-display":"","ast-banner-title-visibility":"","ast-main-header-display":"","ast-hfb-above-header-display":"","ast-hfb-below-header-display":"","ast-hfb-mobile-header-display":"","site-post-title":"","ast-breadcrumbs-content":"","ast-featured-img":"","footer-sml-layout":"","ast-disable-related-posts":"","theme-transparent-header-meta":"","adv-header-id-meta":"","stick-header-meta":"","header-above-stick-meta":"","header-main-stick-meta":"","header-below-stick-meta":"","astra-migrate-meta-layouts":"default","ast-page-background-enabled":"default","ast-page-background-meta":{"desktop":{"background-color":"var(--ast-global-color-4)","background-image":"","background-repeat":"repeat","background-position":"center center","background-size":"auto","background-attachment":"scroll","background-type":"","background-media":"","overlay-type":"","overlay-color":"","overlay-opacity":"","overlay-gradient":""},"tablet":{"background-color":"","background-image":"","background-repeat":"repeat","background-position":"center center","background-size":"auto","background-attachment":"scroll","background-type":"","background-media":"","overlay-type":"","overlay-color":"","overlay-opacity":"","overlay-gradient":""},"mobile":{"background-color":"","background-image":"","background-repeat":"repeat","background-position":"center center","background-size":"auto","background-attachment":"scroll","background-type":"","background-media":"","overlay-type":"","overlay-color":"","overlay-opacity":"","overlay-gradient":""}},"ast-content-background-meta":{"desktop":{"background-color":"var(--ast-global-color-5)","background-image":"","background-repeat":"repeat","background-position":"center center","background-size":"auto","background-attachment":"scroll","background-type":"","background-media":"","overlay-type":"","overlay-color":"","overlay-opacity":"","overlay-gradient":""},"tablet":{"background-color":"var(--ast-global-color-5)","background-image":"","background-repeat":"repeat","background-position":"center center","background-size":"auto","background-attachment":"scroll","background-type":"","background-media":"","overlay-type":"","overlay-color":"","overlay-opacity":"","overlay-gradient":""},"mobile":{"background-color":"var(--ast-global-color-5)","background-image":"","background-repeat":"repeat","background-position":"center center","background-size":"auto","background-attachment":"scroll","background-type":"","background-media":"","overlay-type":"","overlay-color":"","overlay-opacity":"","overlay-gradient":""}},"footnotes":""},"categories":[11],"tags":[],"class_list":["post-19824","post","type-post","status-publish","format-standard","has-post-thumbnail","hentry","category-saude-e-bem-estar"],"_links":{"self":[{"href":"https:\/\/colunadahora.com.br\/index.php?rest_route=\/wp\/v2\/posts\/19824","targetHints":{"allow":["GET"]}}],"collection":[{"href":"https:\/\/colunadahora.com.br\/index.php?rest_route=\/wp\/v2\/posts"}],"about":[{"href":"https:\/\/colunadahora.com.br\/index.php?rest_route=\/wp\/v2\/types\/post"}],"author":[{"embeddable":true,"href":"https:\/\/colunadahora.com.br\/index.php?rest_route=\/wp\/v2\/users\/31"}],"replies":[{"embeddable":true,"href":"https:\/\/colunadahora.com.br\/index.php?rest_route=%2Fwp%2Fv2%2Fcomments&post=19824"}],"version-history":[{"count":0,"href":"https:\/\/colunadahora.com.br\/index.php?rest_route=\/wp\/v2\/posts\/19824\/revisions"}],"wp:featuredmedia":[{"embeddable":true,"href":"https:\/\/colunadahora.com.br\/index.php?rest_route=\/wp\/v2\/media\/19825"}],"wp:attachment":[{"href":"https:\/\/colunadahora.com.br\/index.php?rest_route=%2Fwp%2Fv2%2Fmedia&parent=19824"}],"wp:term":[{"taxonomy":"category","embeddable":true,"href":"https:\/\/colunadahora.com.br\/index.php?rest_route=%2Fwp%2Fv2%2Fcategories&post=19824"},{"taxonomy":"post_tag","embeddable":true,"href":"https:\/\/colunadahora.com.br\/index.php?rest_route=%2Fwp%2Fv2%2Ftags&post=19824"}],"curies":[{"name":"wp","href":"https:\/\/api.w.org\/{rel}","templated":true}]}}